{"id":393631,"date":"2021-10-21T14:20:24","date_gmt":"2021-10-21T11:20:24","guid":{"rendered":"http:\/\/arantv.az\/?p=393631"},"modified":"2021-10-21T14:20:24","modified_gmt":"2021-10-21T11:20:24","slug":"can%c9%99li-%c9%99kb%c9%99rov-komaya-dusdu","status":"publish","type":"post","link":"https:\/\/arantv.az\/?p=393631","title":{"rendered":"Can\u0259li \u018fkb\u0259rov komaya d\u00fc\u015fd\u00fc"},"content":{"rendered":"<p>\u201cAz\u0259rbaycan\u0131n Xalq artisti, xan\u0259nd\u0259 Can\u0259li \u018fkb\u0259rov komaya d\u00fc\u015f\u00fcb\u201d.<\/p>\n<div id=\"AdviadNativeVideo0\" class=\"AdviadNativeVideo\"><\/div>\n<p>Bunu\u00a0\u201cReport\u201da a\u00e7\u0131qlamas\u0131nda s\u0259n\u0259t\u00e7inin o\u011flu Sabir \u018fkb\u0259rov deyib.<\/p>\n<p>\u201c\u00d6z\u00fcm d\u0259 h\u0259kim\u0259m, h\u0259r an yan\u0131ndayam. Atam\u0131n s\u0259hh\u0259ti ke\u00e7\u0259n il d\u0259 a\u011f\u0131rla\u015fm\u0131\u015fd\u0131. Ayaqlar\u0131nda problem yaranm\u0131\u015fd\u0131. O, h\u0259m d\u0259 \u015f\u0259k\u0259rli diabetd\u0259n \u0259ziyy\u0259t \u00e7\u0259kir. H\u0259r \u015fey bir an\u0131n i\u00e7ind\u0259 oldu. \u015e\u0259k\u0259ri qalxd\u0131 v\u0259 komaya d\u00fc\u015fd\u00fc. \u00dc\u00e7 g\u00fcnd\u00fcr sisteml\u0259rin hesab\u0131na h\u0259yatda qal\u0131r\u201d, &#8211; dey\u0259 o bildirib.<\/p>\n","protected":false},"excerpt":{"rendered":"<p>\u201cAz\u0259rbaycan\u0131n Xalq artisti, xan\u0259nd\u0259 Can\u0259li \u018fkb\u0259rov komaya d\u00fc\u015f\u00fcb\u201d. Bunu\u00a0\u201cReport\u201da a\u00e7\u0131qlamas\u0131nda s\u0259n\u0259t\u00e7inin o\u011flu Sabir \u018fkb\u0259rov deyib. \u201c\u00d6z\u00fcm d\u0259 h\u0259kim\u0259m, h\u0259r an yan\u0131ndayam. Atam\u0131n s\u0259hh\u0259ti ke\u00e7\u0259n il d\u0259 a\u011f\u0131rla\u015fm\u0131\u015fd\u0131. Ayaqlar\u0131nda problem yaranm\u0131\u015fd\u0131. O, h\u0259m d\u0259 \u015f\u0259k\u0259rli diabetd\u0259n \u0259ziyy\u0259t \u00e7\u0259kir. H\u0259r \u015fey bir an\u0131n i\u00e7ind\u0259 oldu. \u015e\u0259k\u0259ri qalxd\u0131 v\u0259 komaya d\u00fc\u015fd\u00fc. \u00dc\u00e7 g\u00fcnd\u00fcr sisteml\u0259rin hesab\u0131na h\u0259yatda qal\u0131r\u201d, &#8211; dey\u0259 o bildirib.<\/p>\n","protected":false},"author":2,"featured_media":393632,"comment_status":"closed","ping_status":"closed","sticky":false,"template":"","format":"standard","meta":{"om_disable_all_campaigns":false,"_monsterinsights_skip_tracking":false,"_monsterinsights_sitenote_active":false,"_monsterinsights_sitenote_note":"","_monsterinsights_sitenote_category":0},"categories":[26],"tags":[],"aioseo_notices":[],"gutentor_comment":0,"rttpg_featured_image_url":{"full":["https:\/\/arantv.az\/wp-content\/uploads\/2021\/10\/FotoJet-2021-10-21T144450.368.jpg",620,413,false],"landscape":["https:\/\/arantv.az\/wp-content\/uploads\/2021\/10\/FotoJet-2021-10-21T144450.368.jpg",620,413,false],"portraits":["https:\/\/arantv.az\/wp-content\/uploads\/2021\/10\/FotoJet-2021-10-21T144450.368.jpg",620,413,false],"thumbnail":["https:\/\/arantv.az\/wp-content\/uploads\/2021\/10\/FotoJet-2021-10-21T144450.368-500x280.jpg",500,280,true],"medium":["https:\/\/arantv.az\/wp-content\/uploads\/2021\/10\/FotoJet-2021-10-21T144450.368-548x365.jpg",548,365,true],"large":["https:\/\/arantv.az\/wp-content\/uploads\/2021\/10\/FotoJet-2021-10-21T144450.368.jpg",620,413,false],"1536x1536":["https:\/\/arantv.az\/wp-content\/uploads\/2021\/10\/FotoJet-2021-10-21T144450.368.jpg",620,413,false],"2048x2048":["https:\/\/arantv.az\/wp-content\/uploads\/2021\/10\/FotoJet-2021-10-21T144450.368.jpg",620,413,false],"post-thumbnail":["https:\/\/arantv.az\/wp-content\/uploads\/2021\/10\/FotoJet-2021-10-21T144450.368-240x172.jpg",240,172,true],"advps-thumb-one":["https:\/\/arantv.az\/wp-content\/uploads\/2021\/10\/FotoJet-2021-10-21T144450.368.jpg",620,413,false]},"rttpg_author":{"display_name":"V\u00fcsal Rafiqo\u011flu","author_link":"https:\/\/arantv.az\/?author=2"},"rttpg_comment":0,"rttpg_category":"<a href=\"https:\/\/arantv.az\/?cat=26\" rel=\"category\">Sosial<\/a>","rttpg_excerpt":"\u201cAz\u0259rbaycan\u0131n Xalq artisti, xan\u0259nd\u0259 Can\u0259li \u018fkb\u0259rov komaya d\u00fc\u015f\u00fcb\u201d. Bunu\u00a0\u201cReport\u201da a\u00e7\u0131qlamas\u0131nda s\u0259n\u0259t\u00e7inin o\u011flu Sabir \u018fkb\u0259rov deyib. \u201c\u00d6z\u00fcm d\u0259 h\u0259kim\u0259m, h\u0259r an yan\u0131ndayam. Atam\u0131n s\u0259hh\u0259ti ke\u00e7\u0259n il d\u0259 a\u011f\u0131rla\u015fm\u0131\u015fd\u0131. Ayaqlar\u0131nda problem yaranm\u0131\u015fd\u0131. O, h\u0259m d\u0259 \u015f\u0259k\u0259rli diabetd\u0259n \u0259ziyy\u0259t \u00e7\u0259kir. H\u0259r \u015fey bir an\u0131n i\u00e7ind\u0259 oldu. \u015e\u0259k\u0259ri qalxd\u0131 v\u0259 komaya d\u00fc\u015fd\u00fc. \u00dc\u00e7 g\u00fcnd\u00fcr sisteml\u0259rin hesab\u0131na h\u0259yatda qal\u0131r\u201d, &#8211;&hellip;","_links":{"self":[{"href":"https:\/\/arantv.az\/index.php?rest_route=\/wp\/v2\/posts\/393631"}],"collection":[{"href":"https:\/\/arantv.az\/index.php?rest_route=\/wp\/v2\/posts"}],"about":[{"href":"https:\/\/arantv.az\/index.php?rest_route=\/wp\/v2\/types\/post"}],"author":[{"embeddable":true,"href":"https:\/\/arantv.az\/index.php?rest_route=\/wp\/v2\/users\/2"}],"replies":[{"embeddable":true,"href":"https:\/\/arantv.az\/index.php?rest_route=%2Fwp%2Fv2%2Fcomments&post=393631"}],"version-history":[{"count":0,"href":"https:\/\/arantv.az\/index.php?rest_route=\/wp\/v2\/posts\/393631\/revisions"}],"wp:featuredmedia":[{"embeddable":true,"href":"https:\/\/arantv.az\/index.php?rest_route=\/wp\/v2\/media\/393632"}],"wp:attachment":[{"href":"https:\/\/arantv.az\/index.php?rest_route=%2Fwp%2Fv2%2Fmedia&parent=393631"}],"wp:term":[{"taxonomy":"category","embeddable":true,"href":"https:\/\/arantv.az\/index.php?rest_route=%2Fwp%2Fv2%2Fcategories&post=393631"},{"taxonomy":"post_tag","embeddable":true,"href":"https:\/\/arantv.az\/index.php?rest_route=%2Fwp%2Fv2%2Ftags&post=393631"}],"curies":[{"name":"wp","href":"https:\/\/api.w.org\/{rel}","templated":true}]}}