{"id":393637,"date":"2021-10-21T14:22:57","date_gmt":"2021-10-21T11:22:57","guid":{"rendered":"http:\/\/arantv.az\/?p=393637"},"modified":"2021-10-21T14:22:57","modified_gmt":"2021-10-21T11:22:57","slug":"turkiy%c9%99-prezidenti-az%c9%99rbaycana-s%c9%99f%c9%99ri-bar%c9%99d%c9%99-danisdi","status":"publish","type":"post","link":"https:\/\/arantv.az\/?p=393637","title":{"rendered":"T\u00fcrkiy\u0259 Prezidenti Az\u0259rbaycana s\u0259f\u0259ri bar\u0259d\u0259 DANI\u015eDI"},"content":{"rendered":"<p>T\u00fcrkiy\u0259 C\u00fcmhuriyy\u0259tinin Prezidenti R\u0259c\u0259b Tayyib \u018frdo\u011fan Az\u0259rbaycana ba\u015f tutacaq n\u00f6vb\u0259ti s\u0259f\u0259ri v\u0259\u00a0F\u00fczuli hava liman\u0131n\u0131n a\u00e7\u0131l\u0131\u015f\u0131ndak\u0131 i\u015ftirak\u0131na dair yeni a\u00e7\u0131qlamalar verib.<\/p>\n<p>\u201cHaberGlobal\u201d x\u0259b\u0259r verir ki, R\u0259c\u0259b Tayyib \u018frdo\u011fan jurnalistl\u0259rin suallar\u0131n\u0131 Afrika s\u0259f\u0259rind\u0259n qay\u0131dark\u0259n cavabland\u0131r\u0131b.<\/p>\n<div id=\"AdviadNativeVideo0\" class=\"AdviadNativeVideo\"><\/div>\n<p>\u201cOktyabr\u0131n 26-da Az\u0259rbaycana s\u0259f\u0259rim olacaq. S\u0259f\u0259r proqram\u0131nda Bak\u0131da olmaq n\u0259z\u0259rd\u0259 tutulmay\u0131b, amma F\u00fczuli Beyn\u0259lxalq Hava Liman\u0131n\u0131n a\u00e7\u0131l\u0131\u015f\u0131nda i\u015ftirak ed\u0259c\u0259y\u0259m\u201d, &#8211; dey\u0259 T\u00fcrkiy\u0259 Prezidenti vur\u011fulay\u0131b.<\/p>\n<p>T\u00fcrkiy\u0259 Prezidenti \u0259lav\u0259 edib ki, s\u0259f\u0259r \u00e7\u0259r\u00e7iv\u0259sind\u0259 Qaraba\u011fda bir ne\u00e7\u0259 magistral yolun a\u00e7\u0131l\u0131\u015f\u0131nda i\u015ftirak\u00a0ed\u0259c\u0259k v\u0259 k\u0259nd t\u0259s\u0259rr\u00fcfat\u0131 sah\u0259sind\u0259 g\u00f6r\u00fcl\u0259n b\u0259zi i\u015fl\u0259rl\u0259 tan\u0131\u015f olacaq.<\/p>\n","protected":false},"excerpt":{"rendered":"<p>T\u00fcrkiy\u0259 C\u00fcmhuriyy\u0259tinin Prezidenti R\u0259c\u0259b Tayyib \u018frdo\u011fan Az\u0259rbaycana ba\u015f tutacaq n\u00f6vb\u0259ti s\u0259f\u0259ri v\u0259\u00a0F\u00fczuli hava liman\u0131n\u0131n a\u00e7\u0131l\u0131\u015f\u0131ndak\u0131 i\u015ftirak\u0131na dair yeni a\u00e7\u0131qlamalar verib. \u201cHaberGlobal\u201d x\u0259b\u0259r verir ki, R\u0259c\u0259b Tayyib \u018frdo\u011fan jurnalistl\u0259rin suallar\u0131n\u0131 Afrika s\u0259f\u0259rind\u0259n qay\u0131dark\u0259n cavabland\u0131r\u0131b. \u201cOktyabr\u0131n 26-da Az\u0259rbaycana s\u0259f\u0259rim olacaq. S\u0259f\u0259r proqram\u0131nda Bak\u0131da olmaq n\u0259z\u0259rd\u0259 tutulmay\u0131b, amma F\u00fczuli Beyn\u0259lxalq Hava Liman\u0131n\u0131n a\u00e7\u0131l\u0131\u015f\u0131nda i\u015ftirak ed\u0259c\u0259y\u0259m\u201d, &#8211; dey\u0259 T\u00fcrkiy\u0259 Prezidenti vur\u011fulay\u0131b. T\u00fcrkiy\u0259 Prezidenti \u0259lav\u0259 edib ki, s\u0259f\u0259r \u00e7\u0259r\u00e7iv\u0259sind\u0259 Qaraba\u011fda bir ne\u00e7\u0259 magistral yolun a\u00e7\u0131l\u0131\u015f\u0131nda i\u015ftirak\u00a0ed\u0259c\u0259k v\u0259 k\u0259nd t\u0259s\u0259rr\u00fcfat\u0131 sah\u0259sind\u0259 g\u00f6r\u00fcl\u0259n b\u0259zi i\u015fl\u0259rl\u0259 tan\u0131\u015f olacaq.<\/p>\n","protected":false},"author":2,"featured_media":393638,"comment_status":"closed","ping_status":"closed","sticky":false,"template":"","format":"standard","meta":{"om_disable_all_campaigns":false,"_monsterinsights_skip_tracking":false,"_monsterinsights_sitenote_active":false,"_monsterinsights_sitenote_note":"","_monsterinsights_sitenote_category":0},"categories":[7],"tags":[],"aioseo_notices":[],"gutentor_comment":0,"rttpg_featured_image_url":{"full":["https:\/\/arantv.az\/wp-content\/uploads\/2021\/10\/b1f01401-f93a-433b-a75b-ca8e71049096.jpg",620,413,false],"landscape":["https:\/\/arantv.az\/wp-content\/uploads\/2021\/10\/b1f01401-f93a-433b-a75b-ca8e71049096.jpg",620,413,false],"portraits":["https:\/\/arantv.az\/wp-content\/uploads\/2021\/10\/b1f01401-f93a-433b-a75b-ca8e71049096.jpg",620,413,false],"thumbnail":["https:\/\/arantv.az\/wp-content\/uploads\/2021\/10\/b1f01401-f93a-433b-a75b-ca8e71049096-500x280.jpg",500,280,true],"medium":["https:\/\/arantv.az\/wp-content\/uploads\/2021\/10\/b1f01401-f93a-433b-a75b-ca8e71049096-548x365.jpg",548,365,true],"large":["https:\/\/arantv.az\/wp-content\/uploads\/2021\/10\/b1f01401-f93a-433b-a75b-ca8e71049096.jpg",620,413,false],"1536x1536":["https:\/\/arantv.az\/wp-content\/uploads\/2021\/10\/b1f01401-f93a-433b-a75b-ca8e71049096.jpg",620,413,false],"2048x2048":["https:\/\/arantv.az\/wp-content\/uploads\/2021\/10\/b1f01401-f93a-433b-a75b-ca8e71049096.jpg",620,413,false],"post-thumbnail":["https:\/\/arantv.az\/wp-content\/uploads\/2021\/10\/b1f01401-f93a-433b-a75b-ca8e71049096-240x172.jpg",240,172,true],"advps-thumb-one":["https:\/\/arantv.az\/wp-content\/uploads\/2021\/10\/b1f01401-f93a-433b-a75b-ca8e71049096.jpg",620,413,false]},"rttpg_author":{"display_name":"V\u00fcsal Rafiqo\u011flu","author_link":"https:\/\/arantv.az\/?author=2"},"rttpg_comment":0,"rttpg_category":"<a href=\"https:\/\/arantv.az\/?cat=7\" rel=\"category\">D\u00fcnya<\/a>","rttpg_excerpt":"T\u00fcrkiy\u0259 C\u00fcmhuriyy\u0259tinin Prezidenti R\u0259c\u0259b Tayyib \u018frdo\u011fan Az\u0259rbaycana ba\u015f tutacaq n\u00f6vb\u0259ti s\u0259f\u0259ri v\u0259\u00a0F\u00fczuli hava liman\u0131n\u0131n a\u00e7\u0131l\u0131\u015f\u0131ndak\u0131 i\u015ftirak\u0131na dair yeni a\u00e7\u0131qlamalar verib. \u201cHaberGlobal\u201d x\u0259b\u0259r verir ki, R\u0259c\u0259b Tayyib \u018frdo\u011fan jurnalistl\u0259rin suallar\u0131n\u0131 Afrika s\u0259f\u0259rind\u0259n qay\u0131dark\u0259n cavabland\u0131r\u0131b. \u201cOktyabr\u0131n 26-da Az\u0259rbaycana s\u0259f\u0259rim olacaq. S\u0259f\u0259r proqram\u0131nda Bak\u0131da olmaq n\u0259z\u0259rd\u0259 tutulmay\u0131b, amma F\u00fczuli Beyn\u0259lxalq Hava Liman\u0131n\u0131n a\u00e7\u0131l\u0131\u015f\u0131nda i\u015ftirak ed\u0259c\u0259y\u0259m\u201d, &#8211; dey\u0259 T\u00fcrkiy\u0259&hellip;","_links":{"self":[{"href":"https:\/\/arantv.az\/index.php?rest_route=\/wp\/v2\/posts\/393637"}],"collection":[{"href":"https:\/\/arantv.az\/index.php?rest_route=\/wp\/v2\/posts"}],"about":[{"href":"https:\/\/arantv.az\/index.php?rest_route=\/wp\/v2\/types\/post"}],"author":[{"embeddable":true,"href":"https:\/\/arantv.az\/index.php?rest_route=\/wp\/v2\/users\/2"}],"replies":[{"embeddable":true,"href":"https:\/\/arantv.az\/index.php?rest_route=%2Fwp%2Fv2%2Fcomments&post=393637"}],"version-history":[{"count":0,"href":"https:\/\/arantv.az\/index.php?rest_route=\/wp\/v2\/posts\/393637\/revisions"}],"wp:featuredmedia":[{"embeddable":true,"href":"https:\/\/arantv.az\/index.php?rest_route=\/wp\/v2\/media\/393638"}],"wp:attachment":[{"href":"https:\/\/arantv.az\/index.php?rest_route=%2Fwp%2Fv2%2Fmedia&parent=393637"}],"wp:term":[{"taxonomy":"category","embeddable":true,"href":"https:\/\/arantv.az\/index.php?rest_route=%2Fwp%2Fv2%2Fcategories&post=393637"},{"taxonomy":"post_tag","embeddable":true,"href":"https:\/\/arantv.az\/index.php?rest_route=%2Fwp%2Fv2%2Ftags&post=393637"}],"curies":[{"name":"wp","href":"https:\/\/api.w.org\/{rel}","templated":true}]}}