{"id":393640,"date":"2021-10-21T14:23:48","date_gmt":"2021-10-21T11:23:48","guid":{"rendered":"http:\/\/arantv.az\/?p=393640"},"modified":"2021-10-21T14:23:48","modified_gmt":"2021-10-21T11:23:48","slug":"xalq-artistind%c9%99n-etiraf-toyuna-bir-gun-qalmis-evd%c9%99n-qacdi-video","status":"publish","type":"post","link":"https:\/\/arantv.az\/?p=393640","title":{"rendered":"Xalq artistind\u0259n ET\u0130RAF: Toyuna bir g\u00fcn qalm\u0131\u015f evd\u0259n qa\u00e7d\u0131 &#8211; V\u0130DEO"},"content":{"rendered":"<article class=\"news\">\n<div class=\"news-inner\">\n<p>Xalq artisti G\u00fclyanaq M\u0259mm\u0259dova anas\u0131n\u0131n \u00e7\u0131x\u0131\u015f\u0131 zaman\u0131 g\u00f6z ya\u015flar\u0131na hakim ola bilm\u0259yib.<\/p>\n<p>Bel\u0259 ki,\u00a0ATV-nin \u201c1 d\u0259qiq\u0259\u201d proqram\u0131n\u0131n n\u00f6vb\u0259ti qona\u011f\u0131\u00a0G.M\u0259mm\u0259dova olub.<\/p>\n<div id=\"AdviadNativeVideo0\" class=\"AdviadNativeVideo\"><\/div>\n<p>Verili\u015f \u0259rzind\u0259 onun toyuna bir g\u00fcn qalm\u0131\u015f qa\u00e7d\u0131\u011f\u0131 m\u0259lum olub.<\/p>\n<p>\u201c30 il \u0259vv\u0259l olub. Bir il ni\u015fanl\u0131 qalm\u0131\u015f\u0131q. O dem\u0259k deyil ki, day\u0131m o\u011flunu qoyub qa\u00e7m\u0131\u015fam. Onlar indi d\u0259 m\u0259nim do\u011fmalar\u0131md\u0131. Arzular\u0131m\u0131n arxas\u0131nca getmi\u015f\u0259m. Day\u0131m o\u011flu m\u0259nl\u0259 ni\u015fanl\u0131 oldu\u011fu zaman m\u0259ni sevirdi. M\u0259n d\u0259 onu day\u0131m o\u011flu kimi sevirdim. Bir h\u0259ft\u0259 sonra \u00fcz\u0259 \u00e7\u0131xd\u0131m. \u00c7atd\u0131m arzular\u0131ma. Atam g\u0259lib m\u0259ni qucaqlad\u0131. Dedi ki, biz b\u00f6y\u00fckl\u0259rin d\u0259 h\u0259yatda s\u0259hvi olur. G\u0259r\u0259k s\u0259ni ba\u015fa d\u00fc\u015f\u0259rdik\u201d, &#8211; dey\u0259 o qeyd edib.<\/p>\n<div><iframe loading=\"lazy\" title=\"YouTube video player\" src=\"https:\/\/www.youtube.com\/embed\/s_qxaPwXACM\" width=\"560\" height=\"315\" frameborder=\"0\" allowfullscreen=\"allowfullscreen\" data-mce-fragment=\"1\"><\/iframe><\/div>\n<\/div>\n<\/article>\n<h2 class=\"news-share-title\"><\/h2>\n","protected":false},"excerpt":{"rendered":"<p>Xalq artisti G\u00fclyanaq M\u0259mm\u0259dova anas\u0131n\u0131n \u00e7\u0131x\u0131\u015f\u0131 zaman\u0131 g\u00f6z ya\u015flar\u0131na hakim ola bilm\u0259yib. Bel\u0259 ki,\u00a0ATV-nin \u201c1 d\u0259qiq\u0259\u201d proqram\u0131n\u0131n n\u00f6vb\u0259ti qona\u011f\u0131\u00a0G.M\u0259mm\u0259dova olub. Verili\u015f \u0259rzind\u0259 onun toyuna bir g\u00fcn qalm\u0131\u015f qa\u00e7d\u0131\u011f\u0131 m\u0259lum olub. \u201c30 il \u0259vv\u0259l olub. Bir il ni\u015fanl\u0131 qalm\u0131\u015f\u0131q. O dem\u0259k deyil ki, day\u0131m o\u011flunu qoyub qa\u00e7m\u0131\u015fam. Onlar indi d\u0259 m\u0259nim do\u011fmalar\u0131md\u0131. Arzular\u0131m\u0131n arxas\u0131nca getmi\u015f\u0259m. Day\u0131m o\u011flu m\u0259nl\u0259 ni\u015fanl\u0131 oldu\u011fu zaman m\u0259ni sevirdi. M\u0259n d\u0259 onu day\u0131m o\u011flu kimi sevirdim. Bir h\u0259ft\u0259 sonra \u00fcz\u0259 \u00e7\u0131xd\u0131m. \u00c7atd\u0131m arzular\u0131ma. Atam g\u0259lib m\u0259ni qucaqlad\u0131. Dedi ki, biz b\u00f6y\u00fckl\u0259rin d\u0259 h\u0259yatda s\u0259hvi olur. G\u0259r\u0259k s\u0259ni&hellip;<\/p>\n","protected":false},"author":2,"featured_media":393641,"comment_status":"closed","ping_status":"closed","sticky":false,"template":"","format":"standard","meta":{"om_disable_all_campaigns":false,"_monsterinsights_skip_tracking":false,"_monsterinsights_sitenote_active":false,"_monsterinsights_sitenote_note":"","_monsterinsights_sitenote_category":0},"categories":[20],"tags":[],"aioseo_notices":[],"gutentor_comment":0,"rttpg_featured_image_url":{"full":["https:\/\/arantv.az\/wp-content\/uploads\/2021\/10\/FotoJet-2021-10-21T120138.025.jpg",620,413,false],"landscape":["https:\/\/arantv.az\/wp-content\/uploads\/2021\/10\/FotoJet-2021-10-21T120138.025.jpg",620,413,false],"portraits":["https:\/\/arantv.az\/wp-content\/uploads\/2021\/10\/FotoJet-2021-10-21T120138.025.jpg",620,413,false],"thumbnail":["https:\/\/arantv.az\/wp-content\/uploads\/2021\/10\/FotoJet-2021-10-21T120138.025-500x280.jpg",500,280,true],"medium":["https:\/\/arantv.az\/wp-content\/uploads\/2021\/10\/FotoJet-2021-10-21T120138.025-548x365.jpg",548,365,true],"large":["https:\/\/arantv.az\/wp-content\/uploads\/2021\/10\/FotoJet-2021-10-21T120138.025.jpg",620,413,false],"1536x1536":["https:\/\/arantv.az\/wp-content\/uploads\/2021\/10\/FotoJet-2021-10-21T120138.025.jpg",620,413,false],"2048x2048":["https:\/\/arantv.az\/wp-content\/uploads\/2021\/10\/FotoJet-2021-10-21T120138.025.jpg",620,413,false],"post-thumbnail":["https:\/\/arantv.az\/wp-content\/uploads\/2021\/10\/FotoJet-2021-10-21T120138.025-240x172.jpg",240,172,true],"advps-thumb-one":["https:\/\/arantv.az\/wp-content\/uploads\/2021\/10\/FotoJet-2021-10-21T120138.025.jpg",620,413,false]},"rttpg_author":{"display_name":"V\u00fcsal Rafiqo\u011flu","author_link":"https:\/\/arantv.az\/?author=2"},"rttpg_comment":0,"rttpg_category":"<a href=\"https:\/\/arantv.az\/?cat=20\" rel=\"category\">\u015eou biznes<\/a>","rttpg_excerpt":"Xalq artisti G\u00fclyanaq M\u0259mm\u0259dova anas\u0131n\u0131n \u00e7\u0131x\u0131\u015f\u0131 zaman\u0131 g\u00f6z ya\u015flar\u0131na hakim ola bilm\u0259yib. Bel\u0259 ki,\u00a0ATV-nin \u201c1 d\u0259qiq\u0259\u201d proqram\u0131n\u0131n n\u00f6vb\u0259ti qona\u011f\u0131\u00a0G.M\u0259mm\u0259dova olub. Verili\u015f \u0259rzind\u0259 onun toyuna bir g\u00fcn qalm\u0131\u015f qa\u00e7d\u0131\u011f\u0131 m\u0259lum olub. \u201c30 il \u0259vv\u0259l olub. Bir il ni\u015fanl\u0131 qalm\u0131\u015f\u0131q. O dem\u0259k deyil ki, day\u0131m o\u011flunu qoyub qa\u00e7m\u0131\u015fam. Onlar indi d\u0259 m\u0259nim do\u011fmalar\u0131md\u0131. Arzular\u0131m\u0131n arxas\u0131nca getmi\u015f\u0259m. Day\u0131m&hellip;","_links":{"self":[{"href":"https:\/\/arantv.az\/index.php?rest_route=\/wp\/v2\/posts\/393640"}],"collection":[{"href":"https:\/\/arantv.az\/index.php?rest_route=\/wp\/v2\/posts"}],"about":[{"href":"https:\/\/arantv.az\/index.php?rest_route=\/wp\/v2\/types\/post"}],"author":[{"embeddable":true,"href":"https:\/\/arantv.az\/index.php?rest_route=\/wp\/v2\/users\/2"}],"replies":[{"embeddable":true,"href":"https:\/\/arantv.az\/index.php?rest_route=%2Fwp%2Fv2%2Fcomments&post=393640"}],"version-history":[{"count":0,"href":"https:\/\/arantv.az\/index.php?rest_route=\/wp\/v2\/posts\/393640\/revisions"}],"wp:featuredmedia":[{"embeddable":true,"href":"https:\/\/arantv.az\/index.php?rest_route=\/wp\/v2\/media\/393641"}],"wp:attachment":[{"href":"https:\/\/arantv.az\/index.php?rest_route=%2Fwp%2Fv2%2Fmedia&parent=393640"}],"wp:term":[{"taxonomy":"category","embeddable":true,"href":"https:\/\/arantv.az\/index.php?rest_route=%2Fwp%2Fv2%2Fcategories&post=393640"},{"taxonomy":"post_tag","embeddable":true,"href":"https:\/\/arantv.az\/index.php?rest_route=%2Fwp%2Fv2%2Ftags&post=393640"}],"curies":[{"name":"wp","href":"https:\/\/api.w.org\/{rel}","templated":true}]}}