{"id":393646,"date":"2021-10-21T14:25:49","date_gmt":"2021-10-21T11:25:49","guid":{"rendered":"http:\/\/arantv.az\/?p=393646"},"modified":"2021-10-21T14:25:49","modified_gmt":"2021-10-21T11:25:49","slug":"bakida-polisl%c9%99-v%c9%99t%c9%99ndas-arasinda-insident-anbaan-video","status":"publish","type":"post","link":"https:\/\/arantv.az\/?p=393646","title":{"rendered":"Bak\u0131da polisl\u0259 v\u0259t\u0259nda\u015f aras\u0131nda insident &#8211; ANBAAN V\u0130DEO"},"content":{"rendered":"<p>Bak\u0131da yol-patrul xidm\u0259tinin \u0259m\u0259kda\u015flar\u0131 il\u0259 s\u00fcr\u00fcc\u00fc aras\u0131nda insident ba\u015f verib.<\/p>\n<p><strong>ARANTV.AZ <\/strong>\u00a0x\u0259b\u0259r verir ki, hadis\u0259 Axundov ba\u011f\u0131n\u0131n yan\u0131nda qeyd\u0259 al\u0131n\u0131b.<\/p>\n<p>Kadrlardan g\u00f6r\u00fcn\u00fcr ki, \u0259vv\u0259lc\u0259 s\u00fcr\u00fcc\u00fc il\u0259 YPX \u0259m\u0259kda\u015f\u0131 aras\u0131nda m\u00fcbahis\u0259 ba\u015f verir, daha sonra m\u0259s\u0259l\u0259y\u0259 \u0259trafdak\u0131 yol polisi \u0259m\u0259kda\u015flar\u0131 da qar\u0131\u015f\u0131r v\u0259 s\u00fcr\u00fcc\u00fcn\u00fc \u00f6zl\u0259ri il\u0259 apar\u0131rlar.<\/p>\n<div id=\"AdviadNativeVideo0\" class=\"AdviadNativeVideo\"><\/div>\n<p>Hadis\u0259nin s\u0259b\u0259bl\u0259ri m\u0259lum deyil. \u0130nsident zaman\u0131 yolda s\u0131xl\u0131q yaran\u0131b.<\/p>\n<p>H\u0259min g\u00f6r\u00fcnt\u00fcl\u0259ri t\u0259qdim edirik:<\/p>\n<div><iframe id=\"instagram-embed-0\" class=\"instagram-media instagram-media-rendered\" src=\"https:\/\/www.instagram.com\/p\/CVSZUsJAYkh\/embed\/captioned\/?cr=1&amp;v=14&amp;wp=540&amp;rd=https%3A%2F%2Foxu.az&amp;rp=%2Fsociety%2F539451#%7B%22ci%22%3A0%2C%22os%22%3A3808.7000000029802%2C%22ls%22%3A3653.2000000029802%2C%22le%22%3A3793.800000011921%7D\" height=\"979\" frameborder=\"0\" scrolling=\"no\" allowfullscreen=\"allowfullscreen\" data-instgrm-payload-id=\"instagram-media-payload-0\" data-mce-fragment=\"1\"><\/iframe><\/div>\n<p>&nbsp;<\/p>\n","protected":false},"excerpt":{"rendered":"<p>Bak\u0131da yol-patrul xidm\u0259tinin \u0259m\u0259kda\u015flar\u0131 il\u0259 s\u00fcr\u00fcc\u00fc aras\u0131nda insident ba\u015f verib. ARANTV.AZ \u00a0x\u0259b\u0259r verir ki, hadis\u0259 Axundov ba\u011f\u0131n\u0131n yan\u0131nda qeyd\u0259 al\u0131n\u0131b. Kadrlardan g\u00f6r\u00fcn\u00fcr ki, \u0259vv\u0259lc\u0259 s\u00fcr\u00fcc\u00fc il\u0259 YPX \u0259m\u0259kda\u015f\u0131 aras\u0131nda m\u00fcbahis\u0259 ba\u015f verir, daha sonra m\u0259s\u0259l\u0259y\u0259 \u0259trafdak\u0131 yol polisi \u0259m\u0259kda\u015flar\u0131 da qar\u0131\u015f\u0131r v\u0259 s\u00fcr\u00fcc\u00fcn\u00fc \u00f6zl\u0259ri il\u0259 apar\u0131rlar. Hadis\u0259nin s\u0259b\u0259bl\u0259ri m\u0259lum deyil. \u0130nsident zaman\u0131 yolda s\u0131xl\u0131q yaran\u0131b. H\u0259min g\u00f6r\u00fcnt\u00fcl\u0259ri t\u0259qdim edirik: &nbsp;<\/p>\n","protected":false},"author":2,"featured_media":393647,"comment_status":"closed","ping_status":"closed","sticky":false,"template":"","format":"standard","meta":{"om_disable_all_campaigns":false,"_monsterinsights_skip_tracking":false,"_monsterinsights_sitenote_active":false,"_monsterinsights_sitenote_note":"","_monsterinsights_sitenote_category":0},"categories":[26],"tags":[],"aioseo_notices":[],"gutentor_comment":0,"rttpg_featured_image_url":{"full":["https:\/\/arantv.az\/wp-content\/uploads\/2021\/10\/FotoJet-3-8.jpg",620,413,false],"landscape":["https:\/\/arantv.az\/wp-content\/uploads\/2021\/10\/FotoJet-3-8.jpg",620,413,false],"portraits":["https:\/\/arantv.az\/wp-content\/uploads\/2021\/10\/FotoJet-3-8.jpg",620,413,false],"thumbnail":["https:\/\/arantv.az\/wp-content\/uploads\/2021\/10\/FotoJet-3-8-500x280.jpg",500,280,true],"medium":["https:\/\/arantv.az\/wp-content\/uploads\/2021\/10\/FotoJet-3-8-548x365.jpg",548,365,true],"large":["https:\/\/arantv.az\/wp-content\/uploads\/2021\/10\/FotoJet-3-8.jpg",620,413,false],"1536x1536":["https:\/\/arantv.az\/wp-content\/uploads\/2021\/10\/FotoJet-3-8.jpg",620,413,false],"2048x2048":["https:\/\/arantv.az\/wp-content\/uploads\/2021\/10\/FotoJet-3-8.jpg",620,413,false],"post-thumbnail":["https:\/\/arantv.az\/wp-content\/uploads\/2021\/10\/FotoJet-3-8-240x172.jpg",240,172,true],"advps-thumb-one":["https:\/\/arantv.az\/wp-content\/uploads\/2021\/10\/FotoJet-3-8.jpg",620,413,false]},"rttpg_author":{"display_name":"V\u00fcsal Rafiqo\u011flu","author_link":"https:\/\/arantv.az\/?author=2"},"rttpg_comment":0,"rttpg_category":"<a href=\"https:\/\/arantv.az\/?cat=26\" rel=\"category\">Sosial<\/a>","rttpg_excerpt":"Bak\u0131da yol-patrul xidm\u0259tinin \u0259m\u0259kda\u015flar\u0131 il\u0259 s\u00fcr\u00fcc\u00fc aras\u0131nda insident ba\u015f verib. ARANTV.AZ \u00a0x\u0259b\u0259r verir ki, hadis\u0259 Axundov ba\u011f\u0131n\u0131n yan\u0131nda qeyd\u0259 al\u0131n\u0131b. Kadrlardan g\u00f6r\u00fcn\u00fcr ki, \u0259vv\u0259lc\u0259 s\u00fcr\u00fcc\u00fc il\u0259 YPX \u0259m\u0259kda\u015f\u0131 aras\u0131nda m\u00fcbahis\u0259 ba\u015f verir, daha sonra m\u0259s\u0259l\u0259y\u0259 \u0259trafdak\u0131 yol polisi \u0259m\u0259kda\u015flar\u0131 da qar\u0131\u015f\u0131r v\u0259 s\u00fcr\u00fcc\u00fcn\u00fc \u00f6zl\u0259ri il\u0259 apar\u0131rlar. Hadis\u0259nin s\u0259b\u0259bl\u0259ri m\u0259lum deyil. \u0130nsident zaman\u0131 yolda s\u0131xl\u0131q yaran\u0131b.&hellip;","_links":{"self":[{"href":"https:\/\/arantv.az\/index.php?rest_route=\/wp\/v2\/posts\/393646"}],"collection":[{"href":"https:\/\/arantv.az\/index.php?rest_route=\/wp\/v2\/posts"}],"about":[{"href":"https:\/\/arantv.az\/index.php?rest_route=\/wp\/v2\/types\/post"}],"author":[{"embeddable":true,"href":"https:\/\/arantv.az\/index.php?rest_route=\/wp\/v2\/users\/2"}],"replies":[{"embeddable":true,"href":"https:\/\/arantv.az\/index.php?rest_route=%2Fwp%2Fv2%2Fcomments&post=393646"}],"version-history":[{"count":0,"href":"https:\/\/arantv.az\/index.php?rest_route=\/wp\/v2\/posts\/393646\/revisions"}],"wp:featuredmedia":[{"embeddable":true,"href":"https:\/\/arantv.az\/index.php?rest_route=\/wp\/v2\/media\/393647"}],"wp:attachment":[{"href":"https:\/\/arantv.az\/index.php?rest_route=%2Fwp%2Fv2%2Fmedia&parent=393646"}],"wp:term":[{"taxonomy":"category","embeddable":true,"href":"https:\/\/arantv.az\/index.php?rest_route=%2Fwp%2Fv2%2Fcategories&post=393646"},{"taxonomy":"post_tag","embeddable":true,"href":"https:\/\/arantv.az\/index.php?rest_route=%2Fwp%2Fv2%2Ftags&post=393646"}],"curies":[{"name":"wp","href":"https:\/\/api.w.org\/{rel}","templated":true}]}}