{"id":393649,"date":"2021-10-21T14:26:34","date_gmt":"2021-10-21T11:26:34","guid":{"rendered":"http:\/\/arantv.az\/?p=393649"},"modified":"2021-10-21T14:26:34","modified_gmt":"2021-10-21T11:26:34","slug":"deputat-emin-haciyev-mdb-g%c9%99ncl%c9%99r-parlamentl%c9%99rarasi-assambleyasinin-koordinatoru-secildi-foto","status":"publish","type":"post","link":"https:\/\/arantv.az\/?p=393649","title":{"rendered":"Deputat Emin Hac\u0131yev MDB G\u0259ncl\u0259r Parlamentl\u0259raras\u0131 Assambleyas\u0131n\u0131n koordinatoru se\u00e7ildi &#8211; FOTO"},"content":{"rendered":"<p>Az\u0259rbaycan Milli M\u0259clisinin deputat\u0131 Emin Hac\u0131yev M\u00fcst\u0259qil D\u00f6vl\u0259tl\u0259r Birliyin\u0259 \u00fczv d\u00f6vl\u0259tl\u0259rin G\u0259ncl\u0259r Parlamentl\u0259raras\u0131 Assambleyas\u0131n\u0131n koordinatoru se\u00e7ilib.<\/p>\n<p>Q\u0259rar Assambleyan\u0131n Sankt-Peterburqda ke\u00e7iril\u0259n on yeddinci iclas\u0131nda q\u0259bul edilib.<\/p>\n<p>G\u00f6st\u0259rdikl\u0259ri etimada g\u00f6r\u0259 g\u00f6r\u00fc\u015f i\u015ftirak\u00e7\u0131lar\u0131na t\u0259\u015f\u0259kk\u00fcr ed\u0259n Emin Hac\u0131yev G\u0259ncl\u0259r Parlamentl\u0259raras\u0131 Assambleyas\u0131n\u0131n birinci i\u015f ilinin Az\u0259rbaycan Respublikas\u0131n\u0131n s\u0259drliyi il\u0259 ke\u00e7irildiyini xat\u0131rlad\u0131b.<\/p>\n<div id=\"AdviadNativeVideo0\" class=\"AdviadNativeVideo\"><\/div>\n<p>\u201cBu, parlamentl\u0259raras\u0131 qar\u015f\u0131l\u0131ql\u0131 \u0259laq\u0259nin yeni g\u0259nclik vektorunun \u0259sas\u0131n\u0131n qoyuldu\u011fu \u00e7\u0259tin v\u0259 maraql\u0131 bir d\u00f6vr idi\u201d, &#8211; dey\u0259n Hac\u0131yev 2012-ci ild\u0259 G\u0259ncl\u0259r Parlamentl\u0259raras\u0131 Assambleyas\u0131n\u0131n ilk iclaslar\u0131nda f\u0259al i\u015ftirak etdiyini qeyd edib.<\/p>\n<p>Onun s\u00f6zl\u0259rin\u0259 g\u00f6r\u0259, bu g\u00fcn MDB G\u0259ncl\u0259r Parlamentl\u0259raras\u0131 Assambleyas\u0131 g\u0259nc parlamentaril\u0259rl\u0259 f\u0259al g\u0259ncl\u0259r aras\u0131nda dialoq \u00fc\u00e7\u00fcn unikal \u015f\u0259rait yaradan n\u00fcfuzlu parlament platformas\u0131na \u00e7evrilib.<\/p>\n<p>MDB G\u0259ncl\u0259r Parlamentl\u0259raras\u0131 Assambleyas\u0131n\u0131n koordinatoru art\u0131q \u0259ld\u0259 edil\u0259nl\u0259rl\u0259 kifay\u0259tl\u0259nm\u0259m\u0259y\u0259 v\u0259 beyn\u0259lxalq g\u0259ncl\u0259r \u0259m\u0259kda\u015fl\u0131\u011f\u0131n\u0131 daha da g\u00fccl\u0259ndirm\u0259y\u0259 \u00e7a\u011f\u0131r\u0131b.<\/p>\n<p>\u201c\u018fmin\u0259m ki, G\u0259ncl\u0259r Assambleyas\u0131 Birlik \u00f6lk\u0259l\u0259rinin parlamentl\u0259raras\u0131 qar\u015f\u0131l\u0131ql\u0131 f\u0259aliyy\u0259tinin m\u00f6hk\u0259ml\u0259ndirilm\u0259si v\u0259 inki\u015faf\u0131 \u00fc\u00e7\u00fcn b\u00f6y\u00fck, yarad\u0131c\u0131 i\u015fl\u0259r\u0259 \u00f6z t\u00f6hf\u0259sini verm\u0259y\u0259 davam ed\u0259c\u0259k\u201d, &#8211; dey\u0259 az\u0259rbaycanl\u0131 deputat bildirib.<\/p>\n<p>Emin Hac\u0131yev \u00e7\u0131x\u0131\u015f\u0131nda \u00f6lk\u0259ni m\u00fcxt\u0259lif beyn\u0259lxalq platformalarda mill\u0259t v\u0259kili kimi t\u0259msil etm\u0259k imkan\u0131na g\u00f6r\u0259 Az\u0259rbaycan Respublikas\u0131n\u0131n Prezidenti, hakim Yeni Az\u0259rbaycan Partiyas\u0131n\u0131n s\u0259dri \u0130lham \u018fliyev\u0259 t\u0259\u015f\u0259kk\u00fcr\u00fcn\u00fc bildirib.<\/p>\n<p>\u201cC\u0259nab Prezident \u0130lham \u018fliyev\u0259 Yeni Az\u0259rbaycan Partiyas\u0131n\u0131n s\u0259dri olaraq 2020-ci ild\u0259 parlament se\u00e7kil\u0259rin\u0259 &#8211; Az\u0259rbaycan Respublikas\u0131 Milli M\u0259clisin\u0259 namiz\u0259d olmama g\u00f6st\u0259ril\u0259n y\u00fcks\u0259k etimada g\u00f6r\u0259 \u00e7ox minn\u0259tdaram.<\/p>\n<p>Bu g\u00fcn g\u0259nc v\u0259 yeni mill\u0259t v\u0259kill\u0259ri Az\u0259rbaycan\u0131 m\u00fcxt\u0259lif beyn\u0259lxalq platformalarda, forumlarda, konfranslarda t\u0259msil etm\u0259k imkan\u0131na malikdirl\u0259r. Bu m\u0259nim \u00fc\u00e7\u00fcn b\u00f6y\u00fck m\u0259suliyy\u0259t v\u0259 y\u00fcks\u0259k etimadd\u0131r\u201d, &#8211; dey\u0259 o qeyd edib.<\/p>\n<p>&nbsp;<\/p>\n<div class=\"gallery\">\n<div class=\"gallery-i\"><img src=\"https:\/\/cdn.oxu.az\/uploads\/W1siZiIsIjIwMjEvMTAvMjEvMTMvNTYvNTcvMGQyNjNmMWYtYjljYy00M2NkLThiZmEtNDdiZTZkNmQzOTg2L2I5M2RhYjVhLTIwNzUtNGU3ZC1hNzgxLWE0ODdjMmVjMzAwYy5qcGciXSxbInAiLCJlbmNvZGUiLCJqcGciLCItcXVhbGl0eSA4MCJdLFsicCIsInRodW1iIiwiNTkweDU5MFx1MDAzZSJdXQ?sha=ad3f433dd3b8dd4d\" alt=\"\" \/><\/p>\n<div class=\"gallery-i-caption\"><\/div>\n<\/div>\n<div class=\"gallery-i\"><img src=\"https:\/\/cdn.oxu.az\/uploads\/W1siZiIsIjIwMjEvMTAvMjEvMTMvNTYvNTcvZjMxZDgwM2ItYzZjOC00MTM3LWJmMDEtMDJhNTExNzQ3MmI4L2VkNDViYmE0LWJkZmEtNDk1Yy04ZDM5LWNiNDQ5ZWY1NDE0NS5qcGciXSxbInAiLCJlbmNvZGUiLCJqcGciLCItcXVhbGl0eSA4MCJdLFsicCIsInRodW1iIiwiNTkweDU5MFx1MDAzZSJdXQ?sha=8ca56162f73ff199\" alt=\"\" \/><\/p>\n<div class=\"gallery-i-caption\"><\/div>\n<\/div>\n<div class=\"gallery-i\"><img src=\"https:\/\/cdn.oxu.az\/uploads\/W1siZiIsIjIwMjEvMTAvMjEvMTMvNTYvNTYvMTBjNGMzZDctYjRjZi00ZDcwLTkwMjAtNDQ2YWZjMDJjY2RlLzdiNjMwZWYwLTVkYTEtNGYwMC05YjJmLWE1NGU5YWVkMDE0Yi5qcGciXSxbInAiLCJlbmNvZGUiLCJqcGciLCItcXVhbGl0eSA4MCJdLFsicCIsInRodW1iIiwiNTkweDU5MFx1MDAzZSJdXQ?sha=36a8b7ef36839961\" alt=\"\" \/><\/p>\n<div class=\"gallery-i-caption\"><\/div>\n<\/div>\n<div class=\"gallery-i\"><img src=\"https:\/\/cdn.oxu.az\/uploads\/W1siZiIsIjIwMjEvMTAvMjEvMTMvNTYvNTcvM2YxM2Y1MGItYzFjNi00OGIzLTllZjEtZTY5NzZkMTZmOTg1L2FkYTk1MTg5LWEyMjctNGM3MC05MTBhLWQ4YjQwZDBiODM3NC5qcGciXSxbInAiLCJlbmNvZGUiLCJqcGciLCItcXVhbGl0eSA4MCJdLFsicCIsInRodW1iIiwiNTkweDU5MFx1MDAzZSJdXQ?sha=cca75516b73ed62f\" alt=\"\" \/><\/div>\n<\/div>\n","protected":false},"excerpt":{"rendered":"<p>Az\u0259rbaycan Milli M\u0259clisinin deputat\u0131 Emin Hac\u0131yev M\u00fcst\u0259qil D\u00f6vl\u0259tl\u0259r Birliyin\u0259 \u00fczv d\u00f6vl\u0259tl\u0259rin G\u0259ncl\u0259r Parlamentl\u0259raras\u0131 Assambleyas\u0131n\u0131n koordinatoru se\u00e7ilib. Q\u0259rar Assambleyan\u0131n Sankt-Peterburqda ke\u00e7iril\u0259n on yeddinci iclas\u0131nda q\u0259bul edilib. G\u00f6st\u0259rdikl\u0259ri etimada g\u00f6r\u0259 g\u00f6r\u00fc\u015f i\u015ftirak\u00e7\u0131lar\u0131na t\u0259\u015f\u0259kk\u00fcr ed\u0259n Emin Hac\u0131yev G\u0259ncl\u0259r Parlamentl\u0259raras\u0131 Assambleyas\u0131n\u0131n birinci i\u015f ilinin Az\u0259rbaycan Respublikas\u0131n\u0131n s\u0259drliyi il\u0259 ke\u00e7irildiyini xat\u0131rlad\u0131b. \u201cBu, parlamentl\u0259raras\u0131 qar\u015f\u0131l\u0131ql\u0131 \u0259laq\u0259nin yeni g\u0259nclik vektorunun \u0259sas\u0131n\u0131n qoyuldu\u011fu \u00e7\u0259tin v\u0259 maraql\u0131 bir d\u00f6vr idi\u201d, &#8211; dey\u0259n Hac\u0131yev 2012-ci ild\u0259 G\u0259ncl\u0259r Parlamentl\u0259raras\u0131 Assambleyas\u0131n\u0131n ilk iclaslar\u0131nda f\u0259al i\u015ftirak etdiyini qeyd edib. Onun s\u00f6zl\u0259rin\u0259 g\u00f6r\u0259, bu g\u00fcn MDB G\u0259ncl\u0259r Parlamentl\u0259raras\u0131 Assambleyas\u0131 g\u0259nc parlamentaril\u0259rl\u0259 f\u0259al g\u0259ncl\u0259r aras\u0131nda&hellip;<\/p>\n","protected":false},"author":2,"featured_media":393650,"comment_status":"closed","ping_status":"closed","sticky":false,"template":"","format":"standard","meta":{"om_disable_all_campaigns":false,"_monsterinsights_skip_tracking":false,"_monsterinsights_sitenote_active":false,"_monsterinsights_sitenote_note":"","_monsterinsights_sitenote_category":0},"categories":[4],"tags":[],"aioseo_notices":[],"gutentor_comment":0,"rttpg_featured_image_url":{"full":["https:\/\/arantv.az\/wp-content\/uploads\/2021\/10\/475171bb-bfc6-401f-a71a-d9227c780c7f.jpg",620,413,false],"landscape":["https:\/\/arantv.az\/wp-content\/uploads\/2021\/10\/475171bb-bfc6-401f-a71a-d9227c780c7f.jpg",620,413,false],"portraits":["https:\/\/arantv.az\/wp-content\/uploads\/2021\/10\/475171bb-bfc6-401f-a71a-d9227c780c7f.jpg",620,413,false],"thumbnail":["https:\/\/arantv.az\/wp-content\/uploads\/2021\/10\/475171bb-bfc6-401f-a71a-d9227c780c7f-500x280.jpg",500,280,true],"medium":["https:\/\/arantv.az\/wp-content\/uploads\/2021\/10\/475171bb-bfc6-401f-a71a-d9227c780c7f-548x365.jpg",548,365,true],"large":["https:\/\/arantv.az\/wp-content\/uploads\/2021\/10\/475171bb-bfc6-401f-a71a-d9227c780c7f.jpg",620,413,false],"1536x1536":["https:\/\/arantv.az\/wp-content\/uploads\/2021\/10\/475171bb-bfc6-401f-a71a-d9227c780c7f.jpg",620,413,false],"2048x2048":["https:\/\/arantv.az\/wp-content\/uploads\/2021\/10\/475171bb-bfc6-401f-a71a-d9227c780c7f.jpg",620,413,false],"post-thumbnail":["https:\/\/arantv.az\/wp-content\/uploads\/2021\/10\/475171bb-bfc6-401f-a71a-d9227c780c7f-240x172.jpg",240,172,true],"advps-thumb-one":["https:\/\/arantv.az\/wp-content\/uploads\/2021\/10\/475171bb-bfc6-401f-a71a-d9227c780c7f.jpg",620,413,false]},"rttpg_author":{"display_name":"V\u00fcsal Rafiqo\u011flu","author_link":"https:\/\/arantv.az\/?author=2"},"rttpg_comment":0,"rttpg_category":"<a href=\"https:\/\/arantv.az\/?cat=4\" rel=\"category\">Siyas\u0259t<\/a>","rttpg_excerpt":"Az\u0259rbaycan Milli M\u0259clisinin deputat\u0131 Emin Hac\u0131yev M\u00fcst\u0259qil D\u00f6vl\u0259tl\u0259r Birliyin\u0259 \u00fczv d\u00f6vl\u0259tl\u0259rin G\u0259ncl\u0259r Parlamentl\u0259raras\u0131 Assambleyas\u0131n\u0131n koordinatoru se\u00e7ilib. Q\u0259rar Assambleyan\u0131n Sankt-Peterburqda ke\u00e7iril\u0259n on yeddinci iclas\u0131nda q\u0259bul edilib. G\u00f6st\u0259rdikl\u0259ri etimada g\u00f6r\u0259 g\u00f6r\u00fc\u015f i\u015ftirak\u00e7\u0131lar\u0131na t\u0259\u015f\u0259kk\u00fcr ed\u0259n Emin Hac\u0131yev G\u0259ncl\u0259r Parlamentl\u0259raras\u0131 Assambleyas\u0131n\u0131n birinci i\u015f ilinin Az\u0259rbaycan Respublikas\u0131n\u0131n s\u0259drliyi il\u0259 ke\u00e7irildiyini xat\u0131rlad\u0131b. \u201cBu, parlamentl\u0259raras\u0131 qar\u015f\u0131l\u0131ql\u0131 \u0259laq\u0259nin yeni g\u0259nclik vektorunun \u0259sas\u0131n\u0131n qoyuldu\u011fu&hellip;","_links":{"self":[{"href":"https:\/\/arantv.az\/index.php?rest_route=\/wp\/v2\/posts\/393649"}],"collection":[{"href":"https:\/\/arantv.az\/index.php?rest_route=\/wp\/v2\/posts"}],"about":[{"href":"https:\/\/arantv.az\/index.php?rest_route=\/wp\/v2\/types\/post"}],"author":[{"embeddable":true,"href":"https:\/\/arantv.az\/index.php?rest_route=\/wp\/v2\/users\/2"}],"replies":[{"embeddable":true,"href":"https:\/\/arantv.az\/index.php?rest_route=%2Fwp%2Fv2%2Fcomments&post=393649"}],"version-history":[{"count":0,"href":"https:\/\/arantv.az\/index.php?rest_route=\/wp\/v2\/posts\/393649\/revisions"}],"wp:featuredmedia":[{"embeddable":true,"href":"https:\/\/arantv.az\/index.php?rest_route=\/wp\/v2\/media\/393650"}],"wp:attachment":[{"href":"https:\/\/arantv.az\/index.php?rest_route=%2Fwp%2Fv2%2Fmedia&parent=393649"}],"wp:term":[{"taxonomy":"category","embeddable":true,"href":"https:\/\/arantv.az\/index.php?rest_route=%2Fwp%2Fv2%2Fcategories&post=393649"},{"taxonomy":"post_tag","embeddable":true,"href":"https:\/\/arantv.az\/index.php?rest_route=%2Fwp%2Fv2%2Ftags&post=393649"}],"curies":[{"name":"wp","href":"https:\/\/api.w.org\/{rel}","templated":true}]}}