{"id":393653,"date":"2021-10-21T14:27:15","date_gmt":"2021-10-21T11:27:15","guid":{"rendered":"http:\/\/arantv.az\/?p=393653"},"modified":"2021-10-21T14:27:15","modified_gmt":"2021-10-21T11:27:15","slug":"az%c9%99rbaycan-ordusunun-turkiy%c9%99-sistemin%c9%99-uygunlasdirilmasi-novb%c9%99ti-addim-foto","status":"publish","type":"post","link":"https:\/\/arantv.az\/?p=393653","title":{"rendered":"Az\u0259rbaycan Ordusunun T\u00fcrkiy\u0259 sistemin\u0259 uy\u011funla\u015fd\u0131r\u0131lmas\u0131: N\u00f6vb\u0259ti ADDIM &#8211; FOTO"},"content":{"rendered":"<p>Az\u0259rbaycan Ordusunun T\u00fcrkiy\u0259 Silahl\u0131 Q\u00fcvv\u0259l\u0259ri il\u0259 uy\u011funla\u015fd\u0131r\u0131lmas\u0131 istiqam\u0259tind\u0259 n\u00f6vb\u0259ti add\u0131m at\u0131l\u0131b.<\/p>\n<p>Bu bar\u0259d\u0259 T\u00fcrkiy\u0259nin Milli M\u00fcdafi\u0259 Nazirliyi \u201cTwitter\u201d hesab\u0131nda m\u0259lumat yay\u0131b.<\/p>\n<div id=\"AdviadNativeVideo0\" class=\"AdviadNativeVideo\"><\/div>\n<p>Bildirilib ki, oktyabr\u0131n 19-da Az\u0259rbaycan Ordusunun ilk \u0259m\u0259liyyat (komando) h\u0259rbi hiss\u0259si istifad\u0259y\u0259 verilib v\u0259 komandolar\u0131n andi\u00e7m\u0259 m\u0259rasimi ke\u00e7irilib.<\/p>\n<div>\n<div class=\"twitter-tweet twitter-tweet-rendered\"><iframe id=\"twitter-widget-0\" class=\"\" title=\"Twitter Tweet\" src=\"https:\/\/platform.twitter.com\/embed\/Tweet.html?creatorScreenName=oxuaz&amp;dnt=false&amp;embedId=twitter-widget-0&amp;features=eyJ0ZndfZXhwZXJpbWVudHNfY29va2llX2V4cGlyYXRpb24iOnsiYnVja2V0IjoxMjA5NjAwLCJ2ZXJzaW9uIjpudWxsfSwidGZ3X2hvcml6b25fdHdlZXRfZW1iZWRfOTU1NSI6eyJidWNrZXQiOiJodGUiLCJ2ZXJzaW9uIjpudWxsfSwidGZ3X3NwYWNlX2NhcmQiOnsiYnVja2V0Ijoib2ZmIiwidmVyc2lvbiI6bnVsbH19&amp;frame=false&amp;hideCard=false&amp;hideThread=false&amp;id=1451115902234210304&amp;lang=en&amp;origin=https%3A%2F%2Foxu.az%2Fwar%2F539444&amp;sessionId=1188bbcff56666b49259b1c1c053c298eaa513ac&amp;siteScreenName=oxuaz&amp;theme=light&amp;widgetsVersion=f001879%3A1634581029404&amp;width=550px\" frameborder=\"0\" scrolling=\"no\" allowfullscreen=\"allowfullscreen\" data-tweet-id=\"1451115902234210304\" data-mce-fragment=\"1\"><\/iframe><\/div>\n<\/div>\n<p>&nbsp;<\/p>\n","protected":false},"excerpt":{"rendered":"<p>Az\u0259rbaycan Ordusunun T\u00fcrkiy\u0259 Silahl\u0131 Q\u00fcvv\u0259l\u0259ri il\u0259 uy\u011funla\u015fd\u0131r\u0131lmas\u0131 istiqam\u0259tind\u0259 n\u00f6vb\u0259ti add\u0131m at\u0131l\u0131b. Bu bar\u0259d\u0259 T\u00fcrkiy\u0259nin Milli M\u00fcdafi\u0259 Nazirliyi \u201cTwitter\u201d hesab\u0131nda m\u0259lumat yay\u0131b. Bildirilib ki, oktyabr\u0131n 19-da Az\u0259rbaycan Ordusunun ilk \u0259m\u0259liyyat (komando) h\u0259rbi hiss\u0259si istifad\u0259y\u0259 verilib v\u0259 komandolar\u0131n andi\u00e7m\u0259 m\u0259rasimi ke\u00e7irilib. &nbsp;<\/p>\n","protected":false},"author":2,"featured_media":393654,"comment_status":"closed","ping_status":"closed","sticky":false,"template":"","format":"standard","meta":{"om_disable_all_campaigns":false,"_monsterinsights_skip_tracking":false,"_monsterinsights_sitenote_active":false,"_monsterinsights_sitenote_note":"","_monsterinsights_sitenote_category":0},"categories":[10],"tags":[],"aioseo_notices":[],"gutentor_comment":0,"rttpg_featured_image_url":{"full":["https:\/\/arantv.az\/wp-content\/uploads\/2021\/10\/FotoJet-2-13.jpg",620,413,false],"landscape":["https:\/\/arantv.az\/wp-content\/uploads\/2021\/10\/FotoJet-2-13.jpg",620,413,false],"portraits":["https:\/\/arantv.az\/wp-content\/uploads\/2021\/10\/FotoJet-2-13.jpg",620,413,false],"thumbnail":["https:\/\/arantv.az\/wp-content\/uploads\/2021\/10\/FotoJet-2-13-500x280.jpg",500,280,true],"medium":["https:\/\/arantv.az\/wp-content\/uploads\/2021\/10\/FotoJet-2-13-548x365.jpg",548,365,true],"large":["https:\/\/arantv.az\/wp-content\/uploads\/2021\/10\/FotoJet-2-13.jpg",620,413,false],"1536x1536":["https:\/\/arantv.az\/wp-content\/uploads\/2021\/10\/FotoJet-2-13.jpg",620,413,false],"2048x2048":["https:\/\/arantv.az\/wp-content\/uploads\/2021\/10\/FotoJet-2-13.jpg",620,413,false],"post-thumbnail":["https:\/\/arantv.az\/wp-content\/uploads\/2021\/10\/FotoJet-2-13-240x172.jpg",240,172,true],"advps-thumb-one":["https:\/\/arantv.az\/wp-content\/uploads\/2021\/10\/FotoJet-2-13.jpg",620,413,false]},"rttpg_author":{"display_name":"V\u00fcsal Rafiqo\u011flu","author_link":"https:\/\/arantv.az\/?author=2"},"rttpg_comment":0,"rttpg_category":"<a href=\"https:\/\/arantv.az\/?cat=10\" rel=\"category\">C\u0259bh\u0259d\u0259n X\u0259b\u0259r<\/a>","rttpg_excerpt":"Az\u0259rbaycan Ordusunun T\u00fcrkiy\u0259 Silahl\u0131 Q\u00fcvv\u0259l\u0259ri il\u0259 uy\u011funla\u015fd\u0131r\u0131lmas\u0131 istiqam\u0259tind\u0259 n\u00f6vb\u0259ti add\u0131m at\u0131l\u0131b. Bu bar\u0259d\u0259 T\u00fcrkiy\u0259nin Milli M\u00fcdafi\u0259 Nazirliyi \u201cTwitter\u201d hesab\u0131nda m\u0259lumat yay\u0131b. Bildirilib ki, oktyabr\u0131n 19-da Az\u0259rbaycan Ordusunun ilk \u0259m\u0259liyyat (komando) h\u0259rbi hiss\u0259si istifad\u0259y\u0259 verilib v\u0259 komandolar\u0131n andi\u00e7m\u0259 m\u0259rasimi ke\u00e7irilib. &nbsp;","_links":{"self":[{"href":"https:\/\/arantv.az\/index.php?rest_route=\/wp\/v2\/posts\/393653"}],"collection":[{"href":"https:\/\/arantv.az\/index.php?rest_route=\/wp\/v2\/posts"}],"about":[{"href":"https:\/\/arantv.az\/index.php?rest_route=\/wp\/v2\/types\/post"}],"author":[{"embeddable":true,"href":"https:\/\/arantv.az\/index.php?rest_route=\/wp\/v2\/users\/2"}],"replies":[{"embeddable":true,"href":"https:\/\/arantv.az\/index.php?rest_route=%2Fwp%2Fv2%2Fcomments&post=393653"}],"version-history":[{"count":0,"href":"https:\/\/arantv.az\/index.php?rest_route=\/wp\/v2\/posts\/393653\/revisions"}],"wp:featuredmedia":[{"embeddable":true,"href":"https:\/\/arantv.az\/index.php?rest_route=\/wp\/v2\/media\/393654"}],"wp:attachment":[{"href":"https:\/\/arantv.az\/index.php?rest_route=%2Fwp%2Fv2%2Fmedia&parent=393653"}],"wp:term":[{"taxonomy":"category","embeddable":true,"href":"https:\/\/arantv.az\/index.php?rest_route=%2Fwp%2Fv2%2Fcategories&post=393653"},{"taxonomy":"post_tag","embeddable":true,"href":"https:\/\/arantv.az\/index.php?rest_route=%2Fwp%2Fv2%2Ftags&post=393653"}],"curies":[{"name":"wp","href":"https:\/\/api.w.org\/{rel}","templated":true}]}}