{"id":393659,"date":"2021-10-21T14:31:13","date_gmt":"2021-10-21T11:31:13","guid":{"rendered":"http:\/\/arantv.az\/?p=393659"},"modified":"2021-10-21T14:31:13","modified_gmt":"2021-10-21T11:31:13","slug":"iran-az%c9%99rbaycani-h%c9%99d%c9%99f%c9%99-cevir%c9%99-bilm%c9%99z-%c9%99rdogan","status":"publish","type":"post","link":"https:\/\/arantv.az\/?p=393659","title":{"rendered":"\u0130ran Az\u0259rbaycan\u0131 h\u0259d\u0259f\u0259 \u00e7evir\u0259 bilm\u0259z- \u018frdo\u011fan"},"content":{"rendered":"<p>\u201c\u0130ran \u0130srail v\u0259 Az\u0259rbaycan aras\u0131ndak\u0131 m\u00fcnasib\u0259tl\u0259r\u0259 g\u00f6r\u0259 Az\u0259rbaycan\u0131 h\u0259d\u0259f\u0259 \u00e7evir\u0259 bilm\u0259z\u201d.<\/p>\n<p><strong>ARANTV.AZ\u00a0 x\u0259b\u0259r verir ki,<\/strong>\u00a0bunu T\u00fcrkiy\u0259 Prezidenti R\u0259c\u0259b Tayyib \u018frdo\u011fan Afrika s\u0259f\u0259rind\u0259n geri qay\u0131dark\u0259n t\u0259yyar\u0259d\u0259 jurnalistl\u0259rin suallar\u0131n\u0131 cavabland\u0131rark\u0259n deyib.<\/p>\n<p>\u201cM\u0259nim \u015f\u0259xs\u0259n bel\u0259 bir g\u00f6zl\u0259ntim yoxdur. Bu g\u00fcn \u0130randak\u0131 az\u0259rbaycanl\u0131lar\u0131n say\u0131 g\u00f6z \u00f6n\u00fcnd\u0259dir. Bu, d\u00fc\u015f\u00fcnm\u0259y\u0259 vadar edir. El\u0259 d\u0259 asan deyil. At\u0131lan add\u0131m yanl\u0131\u015fd\u0131r. D\u00fc\u015f\u00fcn\u00fcr\u0259m ki, \u0130ran\u0131n yeni r\u0259hb\u0259rliyi d\u0259 bu yanl\u0131\u015f\u0131 davam etdirm\u0259z\u201d, &#8211; dey\u0259 \u018frdo\u011fan qeyd edib.<\/p>\n","protected":false},"excerpt":{"rendered":"<p>\u201c\u0130ran \u0130srail v\u0259 Az\u0259rbaycan aras\u0131ndak\u0131 m\u00fcnasib\u0259tl\u0259r\u0259 g\u00f6r\u0259 Az\u0259rbaycan\u0131 h\u0259d\u0259f\u0259 \u00e7evir\u0259 bilm\u0259z\u201d. ARANTV.AZ\u00a0 x\u0259b\u0259r verir ki,\u00a0bunu T\u00fcrkiy\u0259 Prezidenti R\u0259c\u0259b Tayyib \u018frdo\u011fan Afrika s\u0259f\u0259rind\u0259n geri qay\u0131dark\u0259n t\u0259yyar\u0259d\u0259 jurnalistl\u0259rin suallar\u0131n\u0131 cavabland\u0131rark\u0259n deyib. \u201cM\u0259nim \u015f\u0259xs\u0259n bel\u0259 bir g\u00f6zl\u0259ntim yoxdur. Bu g\u00fcn \u0130randak\u0131 az\u0259rbaycanl\u0131lar\u0131n say\u0131 g\u00f6z \u00f6n\u00fcnd\u0259dir. Bu, d\u00fc\u015f\u00fcnm\u0259y\u0259 vadar edir. El\u0259 d\u0259 asan deyil. At\u0131lan add\u0131m yanl\u0131\u015fd\u0131r. D\u00fc\u015f\u00fcn\u00fcr\u0259m ki, \u0130ran\u0131n yeni r\u0259hb\u0259rliyi d\u0259 bu yanl\u0131\u015f\u0131 davam etdirm\u0259z\u201d, &#8211; dey\u0259 \u018frdo\u011fan qeyd edib.<\/p>\n","protected":false},"author":2,"featured_media":393660,"comment_status":"closed","ping_status":"closed","sticky":false,"template":"","format":"standard","meta":{"om_disable_all_campaigns":false,"_monsterinsights_skip_tracking":false,"_monsterinsights_sitenote_active":false,"_monsterinsights_sitenote_note":"","_monsterinsights_sitenote_category":0},"categories":[4],"tags":[],"aioseo_notices":[],"gutentor_comment":0,"rttpg_featured_image_url":{"full":["https:\/\/arantv.az\/wp-content\/uploads\/2021\/10\/2051bd70163481505746337977710949748.jpg",975,540,false],"landscape":["https:\/\/arantv.az\/wp-content\/uploads\/2021\/10\/2051bd70163481505746337977710949748.jpg",975,540,false],"portraits":["https:\/\/arantv.az\/wp-content\/uploads\/2021\/10\/2051bd70163481505746337977710949748.jpg",975,540,false],"thumbnail":["https:\/\/arantv.az\/wp-content\/uploads\/2021\/10\/2051bd70163481505746337977710949748-500x280.jpg",500,280,true],"medium":["https:\/\/arantv.az\/wp-content\/uploads\/2021\/10\/2051bd70163481505746337977710949748-660x365.jpg",660,365,true],"large":["https:\/\/arantv.az\/wp-content\/uploads\/2021\/10\/2051bd70163481505746337977710949748-840x465.jpg",640,354,true],"1536x1536":["https:\/\/arantv.az\/wp-content\/uploads\/2021\/10\/2051bd70163481505746337977710949748.jpg",975,540,false],"2048x2048":["https:\/\/arantv.az\/wp-content\/uploads\/2021\/10\/2051bd70163481505746337977710949748.jpg",975,540,false],"post-thumbnail":["https:\/\/arantv.az\/wp-content\/uploads\/2021\/10\/2051bd70163481505746337977710949748-240x172.jpg",240,172,true],"advps-thumb-one":["https:\/\/arantv.az\/wp-content\/uploads\/2021\/10\/2051bd70163481505746337977710949748.jpg",975,540,false]},"rttpg_author":{"display_name":"V\u00fcsal Rafiqo\u011flu","author_link":"https:\/\/arantv.az\/?author=2"},"rttpg_comment":0,"rttpg_category":"<a href=\"https:\/\/arantv.az\/?cat=4\" rel=\"category\">Siyas\u0259t<\/a>","rttpg_excerpt":"\u201c\u0130ran \u0130srail v\u0259 Az\u0259rbaycan aras\u0131ndak\u0131 m\u00fcnasib\u0259tl\u0259r\u0259 g\u00f6r\u0259 Az\u0259rbaycan\u0131 h\u0259d\u0259f\u0259 \u00e7evir\u0259 bilm\u0259z\u201d. ARANTV.AZ\u00a0 x\u0259b\u0259r verir ki,\u00a0bunu T\u00fcrkiy\u0259 Prezidenti R\u0259c\u0259b Tayyib \u018frdo\u011fan Afrika s\u0259f\u0259rind\u0259n geri qay\u0131dark\u0259n t\u0259yyar\u0259d\u0259 jurnalistl\u0259rin suallar\u0131n\u0131 cavabland\u0131rark\u0259n deyib. \u201cM\u0259nim \u015f\u0259xs\u0259n bel\u0259 bir g\u00f6zl\u0259ntim yoxdur. Bu g\u00fcn \u0130randak\u0131 az\u0259rbaycanl\u0131lar\u0131n say\u0131 g\u00f6z \u00f6n\u00fcnd\u0259dir. Bu, d\u00fc\u015f\u00fcnm\u0259y\u0259 vadar edir. El\u0259 d\u0259 asan deyil. At\u0131lan add\u0131m yanl\u0131\u015fd\u0131r. D\u00fc\u015f\u00fcn\u00fcr\u0259m ki,&hellip;","_links":{"self":[{"href":"https:\/\/arantv.az\/index.php?rest_route=\/wp\/v2\/posts\/393659"}],"collection":[{"href":"https:\/\/arantv.az\/index.php?rest_route=\/wp\/v2\/posts"}],"about":[{"href":"https:\/\/arantv.az\/index.php?rest_route=\/wp\/v2\/types\/post"}],"author":[{"embeddable":true,"href":"https:\/\/arantv.az\/index.php?rest_route=\/wp\/v2\/users\/2"}],"replies":[{"embeddable":true,"href":"https:\/\/arantv.az\/index.php?rest_route=%2Fwp%2Fv2%2Fcomments&post=393659"}],"version-history":[{"count":0,"href":"https:\/\/arantv.az\/index.php?rest_route=\/wp\/v2\/posts\/393659\/revisions"}],"wp:featuredmedia":[{"embeddable":true,"href":"https:\/\/arantv.az\/index.php?rest_route=\/wp\/v2\/media\/393660"}],"wp:attachment":[{"href":"https:\/\/arantv.az\/index.php?rest_route=%2Fwp%2Fv2%2Fmedia&parent=393659"}],"wp:term":[{"taxonomy":"category","embeddable":true,"href":"https:\/\/arantv.az\/index.php?rest_route=%2Fwp%2Fv2%2Fcategories&post=393659"},{"taxonomy":"post_tag","embeddable":true,"href":"https:\/\/arantv.az\/index.php?rest_route=%2Fwp%2Fv2%2Ftags&post=393659"}],"curies":[{"name":"wp","href":"https:\/\/api.w.org\/{rel}","templated":true}]}}