{"id":393662,"date":"2021-10-21T14:31:56","date_gmt":"2021-10-21T11:31:56","guid":{"rendered":"http:\/\/arantv.az\/?p=393662"},"modified":"2021-10-21T14:31:56","modified_gmt":"2021-10-21T11:31:56","slug":"%c9%99rdoganin-t%c9%99yyar%c9%99si-fuzuli-beyn%c9%99lxalq-hava-limanina-enis-ed%c9%99c%c9%99k","status":"publish","type":"post","link":"https:\/\/arantv.az\/?p=393662","title":{"rendered":"\u018frdo\u011fan\u0131n t\u0259yyar\u0259si F\u00fczuli Beyn\u0259lxalq Hava Liman\u0131na eni\u015f ed\u0259c\u0259k"},"content":{"rendered":"<p><em>\u201cOktyabr\u0131n 26-da Az\u0259rbaycana s\u0259f\u0259rim olacaq. S\u0259f\u0259r proqram\u0131nda Bak\u0131da olmaq n\u0259z\u0259rd\u0259 tutulmay\u0131b, amma in\u015fallah F\u00fczuli Beyn\u0259lxalq Hava Liman\u0131n\u0131n a\u00e7\u0131l\u0131\u015f\u0131nda i\u015ftirak ed\u0259c\u0259y\u0259m\u201d.<\/em><\/p>\n<p><strong>ARANTV.AZ\u00a0 x\u0259b\u0259r verir ki,<\/strong>\u00a0bunu T\u00fcrkiy\u0259 Prezidenti\u00a0R\u0259c\u0259b Tayyib \u018frdo\u011fan\u00a0Afrikadan qay\u0131dark\u0259n jurnalistl\u0259rin sual\u0131n\u0131 cavabland\u0131ran zaman deyib.<\/p>\n<p>T\u00fcrkiy\u0259 d\u00f6vl\u0259t ba\u015f\u00e7\u0131s\u0131 bildirib ki, s\u0259f\u0259rl\u0259 \u0259laq\u0259d\u0259r Az\u0259rbaycan Prezidenti \u0130lham \u018fliyevl\u0259 m\u00fczakir\u0259l\u0259r apar\u0131b:\u00a0<em>\u201cBu m\u00f6vzuyla ba\u011fl\u0131 qarda\u015f\u0131m \u0130lham \u018fliyevl\u0259 d\u0259 m\u00fczakir\u0259 aparm\u0131\u015f\u0131q. S\u0259f\u0259r \u00e7\u0259r\u00e7iv\u0259sind\u0259 hava liman\u0131, oradak\u0131 bir ne\u00e7\u0259 magistral yolun a\u00e7\u0131l\u0131\u015f\u0131n\u0131 ed\u0259c\u0259yik v\u0259 k\u0259nd t\u0259s\u0259rr\u00fcfat\u0131 il\u0259 ba\u011fl\u0131 g\u00f6r\u00fcl\u0259n b\u0259zi i\u015fl\u0259rl\u0259 tan\u0131\u015f olaca\u011f\u0131q\u201d.<\/em><\/p>\n","protected":false},"excerpt":{"rendered":"<p>\u201cOktyabr\u0131n 26-da Az\u0259rbaycana s\u0259f\u0259rim olacaq. S\u0259f\u0259r proqram\u0131nda Bak\u0131da olmaq n\u0259z\u0259rd\u0259 tutulmay\u0131b, amma in\u015fallah F\u00fczuli Beyn\u0259lxalq Hava Liman\u0131n\u0131n a\u00e7\u0131l\u0131\u015f\u0131nda i\u015ftirak ed\u0259c\u0259y\u0259m\u201d. ARANTV.AZ\u00a0 x\u0259b\u0259r verir ki,\u00a0bunu T\u00fcrkiy\u0259 Prezidenti\u00a0R\u0259c\u0259b Tayyib \u018frdo\u011fan\u00a0Afrikadan qay\u0131dark\u0259n jurnalistl\u0259rin sual\u0131n\u0131 cavabland\u0131ran zaman deyib. T\u00fcrkiy\u0259 d\u00f6vl\u0259t ba\u015f\u00e7\u0131s\u0131 bildirib ki, s\u0259f\u0259rl\u0259 \u0259laq\u0259d\u0259r Az\u0259rbaycan Prezidenti \u0130lham \u018fliyevl\u0259 m\u00fczakir\u0259l\u0259r apar\u0131b:\u00a0\u201cBu m\u00f6vzuyla ba\u011fl\u0131 qarda\u015f\u0131m \u0130lham \u018fliyevl\u0259 d\u0259 m\u00fczakir\u0259 aparm\u0131\u015f\u0131q. S\u0259f\u0259r \u00e7\u0259r\u00e7iv\u0259sind\u0259 hava liman\u0131, oradak\u0131 bir ne\u00e7\u0259 magistral yolun a\u00e7\u0131l\u0131\u015f\u0131n\u0131 ed\u0259c\u0259yik v\u0259 k\u0259nd t\u0259s\u0259rr\u00fcfat\u0131 il\u0259 ba\u011fl\u0131 g\u00f6r\u00fcl\u0259n b\u0259zi i\u015fl\u0259rl\u0259 tan\u0131\u015f olaca\u011f\u0131q\u201d.<\/p>\n","protected":false},"author":2,"featured_media":393663,"comment_status":"closed","ping_status":"closed","sticky":false,"template":"","format":"standard","meta":{"om_disable_all_campaigns":false,"_monsterinsights_skip_tracking":false,"_monsterinsights_sitenote_active":false,"_monsterinsights_sitenote_note":"","_monsterinsights_sitenote_category":0},"categories":[4],"tags":[],"aioseo_notices":[],"gutentor_comment":0,"rttpg_featured_image_url":{"full":["https:\/\/arantv.az\/wp-content\/uploads\/2021\/10\/516b38af163455012428244638311098635.jpg",975,540,false],"landscape":["https:\/\/arantv.az\/wp-content\/uploads\/2021\/10\/516b38af163455012428244638311098635.jpg",975,540,false],"portraits":["https:\/\/arantv.az\/wp-content\/uploads\/2021\/10\/516b38af163455012428244638311098635.jpg",975,540,false],"thumbnail":["https:\/\/arantv.az\/wp-content\/uploads\/2021\/10\/516b38af163455012428244638311098635-500x280.jpg",500,280,true],"medium":["https:\/\/arantv.az\/wp-content\/uploads\/2021\/10\/516b38af163455012428244638311098635-660x365.jpg",660,365,true],"large":["https:\/\/arantv.az\/wp-content\/uploads\/2021\/10\/516b38af163455012428244638311098635-840x465.jpg",640,354,true],"1536x1536":["https:\/\/arantv.az\/wp-content\/uploads\/2021\/10\/516b38af163455012428244638311098635.jpg",975,540,false],"2048x2048":["https:\/\/arantv.az\/wp-content\/uploads\/2021\/10\/516b38af163455012428244638311098635.jpg",975,540,false],"post-thumbnail":["https:\/\/arantv.az\/wp-content\/uploads\/2021\/10\/516b38af163455012428244638311098635-240x172.jpg",240,172,true],"advps-thumb-one":["https:\/\/arantv.az\/wp-content\/uploads\/2021\/10\/516b38af163455012428244638311098635.jpg",975,540,false]},"rttpg_author":{"display_name":"V\u00fcsal Rafiqo\u011flu","author_link":"https:\/\/arantv.az\/?author=2"},"rttpg_comment":0,"rttpg_category":"<a href=\"https:\/\/arantv.az\/?cat=4\" rel=\"category\">Siyas\u0259t<\/a>","rttpg_excerpt":"\u201cOktyabr\u0131n 26-da Az\u0259rbaycana s\u0259f\u0259rim olacaq. S\u0259f\u0259r proqram\u0131nda Bak\u0131da olmaq n\u0259z\u0259rd\u0259 tutulmay\u0131b, amma in\u015fallah F\u00fczuli Beyn\u0259lxalq Hava Liman\u0131n\u0131n a\u00e7\u0131l\u0131\u015f\u0131nda i\u015ftirak ed\u0259c\u0259y\u0259m\u201d. ARANTV.AZ\u00a0 x\u0259b\u0259r verir ki,\u00a0bunu T\u00fcrkiy\u0259 Prezidenti\u00a0R\u0259c\u0259b Tayyib \u018frdo\u011fan\u00a0Afrikadan qay\u0131dark\u0259n jurnalistl\u0259rin sual\u0131n\u0131 cavabland\u0131ran zaman deyib. T\u00fcrkiy\u0259 d\u00f6vl\u0259t ba\u015f\u00e7\u0131s\u0131 bildirib ki, s\u0259f\u0259rl\u0259 \u0259laq\u0259d\u0259r Az\u0259rbaycan Prezidenti \u0130lham \u018fliyevl\u0259 m\u00fczakir\u0259l\u0259r apar\u0131b:\u00a0\u201cBu m\u00f6vzuyla ba\u011fl\u0131 qarda\u015f\u0131m \u0130lham \u018fliyevl\u0259 d\u0259 m\u00fczakir\u0259 aparm\u0131\u015f\u0131q.&hellip;","_links":{"self":[{"href":"https:\/\/arantv.az\/index.php?rest_route=\/wp\/v2\/posts\/393662"}],"collection":[{"href":"https:\/\/arantv.az\/index.php?rest_route=\/wp\/v2\/posts"}],"about":[{"href":"https:\/\/arantv.az\/index.php?rest_route=\/wp\/v2\/types\/post"}],"author":[{"embeddable":true,"href":"https:\/\/arantv.az\/index.php?rest_route=\/wp\/v2\/users\/2"}],"replies":[{"embeddable":true,"href":"https:\/\/arantv.az\/index.php?rest_route=%2Fwp%2Fv2%2Fcomments&post=393662"}],"version-history":[{"count":0,"href":"https:\/\/arantv.az\/index.php?rest_route=\/wp\/v2\/posts\/393662\/revisions"}],"wp:featuredmedia":[{"embeddable":true,"href":"https:\/\/arantv.az\/index.php?rest_route=\/wp\/v2\/media\/393663"}],"wp:attachment":[{"href":"https:\/\/arantv.az\/index.php?rest_route=%2Fwp%2Fv2%2Fmedia&parent=393662"}],"wp:term":[{"taxonomy":"category","embeddable":true,"href":"https:\/\/arantv.az\/index.php?rest_route=%2Fwp%2Fv2%2Fcategories&post=393662"},{"taxonomy":"post_tag","embeddable":true,"href":"https:\/\/arantv.az\/index.php?rest_route=%2Fwp%2Fv2%2Ftags&post=393662"}],"curies":[{"name":"wp","href":"https:\/\/api.w.org\/{rel}","templated":true}]}}