{"id":393665,"date":"2021-10-21T14:33:05","date_gmt":"2021-10-21T11:33:05","guid":{"rendered":"http:\/\/arantv.az\/?p=393665"},"modified":"2021-10-21T14:33:05","modified_gmt":"2021-10-21T11:33:05","slug":"fuzuli-aeroportunun-acilisinda-istirak-ed%c9%99c%c9%99y%c9%99m-%c9%99rdogan","status":"publish","type":"post","link":"https:\/\/arantv.az\/?p=393665","title":{"rendered":"F\u00fczuli aeroportunun a\u00e7\u0131l\u0131\u015f\u0131nda i\u015ftirak ed\u0259c\u0259y\u0259m- \u018frdo\u011fan"},"content":{"rendered":"<p>\u201cF\u00fczuli Beyn\u0259lxalq Hava Liman\u0131n\u0131n a\u00e7\u0131l\u0131\u015f\u0131nda i\u015ftirak ed\u0259c\u0259yik. Bu m\u0259s\u0259l\u0259 il\u0259 ba\u011fl\u0131 qarda\u015f\u0131m Prezident \u0130lham \u018fliyevl\u0259 d\u0259 dan\u0131\u015fm\u0131\u015f\u0131q\u201d.<\/p>\n<p><strong>ARANTV.AZ\u00a0 x\u0259b\u0259r verir ki,<\/strong>\u00a0\u00a0bunu T\u00fcrkiy\u0259 Prezidenti R\u0259c\u0259b Tayyib \u018frdo\u011fan Afrikadan qay\u0131dark\u0259n jurnalistl\u0259r\u0259 a\u00e7\u0131qlamas\u0131nda deyib.<\/p>\n<p>O bildirib ki, Az\u0259rbaycana s\u0259f\u0259ri \u00e7\u0259r\u00e7iv\u0259sind\u0259 F\u00fczuli aeroportu il\u0259 b\u0259rab\u0259r, b\u0259zi magistral yol v\u0259 k\u0259nd t\u0259s\u0259rr\u00fcfat\u0131 il\u0259 ba\u011fl\u0131 layih\u0259l\u0259rin a\u00e7\u0131l\u0131\u015f\u0131nda da i\u015ftirak ed\u0259c\u0259k.<\/p>\n<p><img src=\"https:\/\/ikisahil.az\/upload\/\/2021\/10\/18\/\/-516b38af163455012428244638311098635.jpg\" alt=\"\" \/><\/p>\n<p>\u018frdo\u011fan qeyd edib ki, Z\u0259ng\u0259zur d\u0259hlizinin a\u00e7\u0131lmas\u0131 il\u0259 ba\u011fl\u0131 T\u00fcrkiy\u0259nin q\u0259rar\u0131 d\u0259yi\u015fm\u0259yib.<\/p>\n<p>O, T\u00fcrkiy\u0259nin Az\u0259rbaycana minalar\u0131n z\u0259r\u0259rsizl\u0259\u015fdirilm\u0259si istiqam\u0259tind\u0259 verdiyi d\u0259st\u0259yin davam ed\u0259c\u0259yini d\u0259 vur\u011fulay\u0131b. \u018frdo\u011fan, T\u00fcrkiy\u0259nin Az\u0259rbaycana minaaxtaran vasit\u0259l\u0259r g\u00f6nd\u0259rdiyini xat\u0131rlad\u0131b.<\/p>\n<p>Qeyd ed\u0259k ki, T\u00fcrkiy\u0259 Prezidenti oktyabr\u0131n 26-da Az\u0259rbaycana bir g\u00fcnl\u00fck s\u0259f\u0259r ed\u0259c\u0259k.<\/p>\n","protected":false},"excerpt":{"rendered":"<p>\u201cF\u00fczuli Beyn\u0259lxalq Hava Liman\u0131n\u0131n a\u00e7\u0131l\u0131\u015f\u0131nda i\u015ftirak ed\u0259c\u0259yik. Bu m\u0259s\u0259l\u0259 il\u0259 ba\u011fl\u0131 qarda\u015f\u0131m Prezident \u0130lham \u018fliyevl\u0259 d\u0259 dan\u0131\u015fm\u0131\u015f\u0131q\u201d. ARANTV.AZ\u00a0 x\u0259b\u0259r verir ki,\u00a0\u00a0bunu T\u00fcrkiy\u0259 Prezidenti R\u0259c\u0259b Tayyib \u018frdo\u011fan Afrikadan qay\u0131dark\u0259n jurnalistl\u0259r\u0259 a\u00e7\u0131qlamas\u0131nda deyib. O bildirib ki, Az\u0259rbaycana s\u0259f\u0259ri \u00e7\u0259r\u00e7iv\u0259sind\u0259 F\u00fczuli aeroportu il\u0259 b\u0259rab\u0259r, b\u0259zi magistral yol v\u0259 k\u0259nd t\u0259s\u0259rr\u00fcfat\u0131 il\u0259 ba\u011fl\u0131 layih\u0259l\u0259rin a\u00e7\u0131l\u0131\u015f\u0131nda da i\u015ftirak ed\u0259c\u0259k. \u018frdo\u011fan qeyd edib ki, Z\u0259ng\u0259zur d\u0259hlizinin a\u00e7\u0131lmas\u0131 il\u0259 ba\u011fl\u0131 T\u00fcrkiy\u0259nin q\u0259rar\u0131 d\u0259yi\u015fm\u0259yib. O, T\u00fcrkiy\u0259nin Az\u0259rbaycana minalar\u0131n z\u0259r\u0259rsizl\u0259\u015fdirilm\u0259si istiqam\u0259tind\u0259 verdiyi d\u0259st\u0259yin davam ed\u0259c\u0259yini d\u0259 vur\u011fulay\u0131b. \u018frdo\u011fan, T\u00fcrkiy\u0259nin Az\u0259rbaycana minaaxtaran vasit\u0259l\u0259r g\u00f6nd\u0259rdiyini xat\u0131rlad\u0131b. Qeyd ed\u0259k ki, T\u00fcrkiy\u0259 Prezidenti&hellip;<\/p>\n","protected":false},"author":2,"featured_media":393666,"comment_status":"closed","ping_status":"closed","sticky":false,"template":"","format":"standard","meta":{"om_disable_all_campaigns":false,"_monsterinsights_skip_tracking":false,"_monsterinsights_sitenote_active":false,"_monsterinsights_sitenote_note":"","_monsterinsights_sitenote_category":0},"categories":[4],"tags":[],"aioseo_notices":[],"gutentor_comment":0,"rttpg_featured_image_url":{"full":["https:\/\/arantv.az\/wp-content\/uploads\/2021\/10\/7d2a383e161385907076886277510901614.jpg",975,540,false],"landscape":["https:\/\/arantv.az\/wp-content\/uploads\/2021\/10\/7d2a383e161385907076886277510901614.jpg",975,540,false],"portraits":["https:\/\/arantv.az\/wp-content\/uploads\/2021\/10\/7d2a383e161385907076886277510901614.jpg",975,540,false],"thumbnail":["https:\/\/arantv.az\/wp-content\/uploads\/2021\/10\/7d2a383e161385907076886277510901614-500x280.jpg",500,280,true],"medium":["https:\/\/arantv.az\/wp-content\/uploads\/2021\/10\/7d2a383e161385907076886277510901614-660x365.jpg",660,365,true],"large":["https:\/\/arantv.az\/wp-content\/uploads\/2021\/10\/7d2a383e161385907076886277510901614-840x465.jpg",640,354,true],"1536x1536":["https:\/\/arantv.az\/wp-content\/uploads\/2021\/10\/7d2a383e161385907076886277510901614.jpg",975,540,false],"2048x2048":["https:\/\/arantv.az\/wp-content\/uploads\/2021\/10\/7d2a383e161385907076886277510901614.jpg",975,540,false],"post-thumbnail":["https:\/\/arantv.az\/wp-content\/uploads\/2021\/10\/7d2a383e161385907076886277510901614-240x172.jpg",240,172,true],"advps-thumb-one":["https:\/\/arantv.az\/wp-content\/uploads\/2021\/10\/7d2a383e161385907076886277510901614.jpg",975,540,false]},"rttpg_author":{"display_name":"V\u00fcsal Rafiqo\u011flu","author_link":"https:\/\/arantv.az\/?author=2"},"rttpg_comment":0,"rttpg_category":"<a href=\"https:\/\/arantv.az\/?cat=4\" rel=\"category\">Siyas\u0259t<\/a>","rttpg_excerpt":"\u201cF\u00fczuli Beyn\u0259lxalq Hava Liman\u0131n\u0131n a\u00e7\u0131l\u0131\u015f\u0131nda i\u015ftirak ed\u0259c\u0259yik. Bu m\u0259s\u0259l\u0259 il\u0259 ba\u011fl\u0131 qarda\u015f\u0131m Prezident \u0130lham \u018fliyevl\u0259 d\u0259 dan\u0131\u015fm\u0131\u015f\u0131q\u201d. ARANTV.AZ\u00a0 x\u0259b\u0259r verir ki,\u00a0\u00a0bunu T\u00fcrkiy\u0259 Prezidenti R\u0259c\u0259b Tayyib \u018frdo\u011fan Afrikadan qay\u0131dark\u0259n jurnalistl\u0259r\u0259 a\u00e7\u0131qlamas\u0131nda deyib. O bildirib ki, Az\u0259rbaycana s\u0259f\u0259ri \u00e7\u0259r\u00e7iv\u0259sind\u0259 F\u00fczuli aeroportu il\u0259 b\u0259rab\u0259r, b\u0259zi magistral yol v\u0259 k\u0259nd t\u0259s\u0259rr\u00fcfat\u0131 il\u0259 ba\u011fl\u0131 layih\u0259l\u0259rin a\u00e7\u0131l\u0131\u015f\u0131nda da i\u015ftirak ed\u0259c\u0259k. \u018frdo\u011fan&hellip;","_links":{"self":[{"href":"https:\/\/arantv.az\/index.php?rest_route=\/wp\/v2\/posts\/393665"}],"collection":[{"href":"https:\/\/arantv.az\/index.php?rest_route=\/wp\/v2\/posts"}],"about":[{"href":"https:\/\/arantv.az\/index.php?rest_route=\/wp\/v2\/types\/post"}],"author":[{"embeddable":true,"href":"https:\/\/arantv.az\/index.php?rest_route=\/wp\/v2\/users\/2"}],"replies":[{"embeddable":true,"href":"https:\/\/arantv.az\/index.php?rest_route=%2Fwp%2Fv2%2Fcomments&post=393665"}],"version-history":[{"count":0,"href":"https:\/\/arantv.az\/index.php?rest_route=\/wp\/v2\/posts\/393665\/revisions"}],"wp:featuredmedia":[{"embeddable":true,"href":"https:\/\/arantv.az\/index.php?rest_route=\/wp\/v2\/media\/393666"}],"wp:attachment":[{"href":"https:\/\/arantv.az\/index.php?rest_route=%2Fwp%2Fv2%2Fmedia&parent=393665"}],"wp:term":[{"taxonomy":"category","embeddable":true,"href":"https:\/\/arantv.az\/index.php?rest_route=%2Fwp%2Fv2%2Fcategories&post=393665"},{"taxonomy":"post_tag","embeddable":true,"href":"https:\/\/arantv.az\/index.php?rest_route=%2Fwp%2Fv2%2Ftags&post=393665"}],"curies":[{"name":"wp","href":"https:\/\/api.w.org\/{rel}","templated":true}]}}