{"id":393672,"date":"2021-10-21T14:35:25","date_gmt":"2021-10-21T11:35:25","guid":{"rendered":"http:\/\/arantv.az\/?p=393672"},"modified":"2021-10-21T14:35:25","modified_gmt":"2021-10-21T11:35:25","slug":"erm%c9%99nistanin-iqtisadiyyat-nazirinin-muavini-v%c9%99zif%c9%99sind%c9%99n-azad-edilib","status":"publish","type":"post","link":"https:\/\/arantv.az\/?p=393672","title":{"rendered":"Erm\u0259nistan\u0131n iqtisadiyyat nazirinin m\u00fcavini v\u0259zif\u0259sind\u0259n azad edilib"},"content":{"rendered":"<p><strong>Erm\u0259nistan\u0131n iqtisadiyyat nazirinin m\u00fcavini\u00a0Varos Simonyan\u00a0v\u0259zif\u0259sind\u0259n azad edilib.<\/strong><\/p>\n<p><strong>ARANTV.AZ<\/strong> &#8220;Report-a istinad\u0259n x\u0259b\u0259r verir ki, Ba\u015f nazir Nikol Pa\u015finyan bununla ba\u011fl\u0131 f\u0259rman imzalay\u0131b.<\/p>\n<p>Dig\u0259r f\u0259rmanla bu v\u0259zif\u0259y\u0259 Ar\u015fak Aslanyan t\u0259yin olunub.<\/p>\n<p>Qeyd ed\u0259k ki, V.Simonyan 2019-cu il avqun 22-d\u0259 bu posta g\u0259tirilmi\u015fdi. O, bundan \u0259vv\u0259l Erm\u0259nistan\u0131n Avropa \u0130ttifaq\u0131ndak\u0131 ticar\u0259t atta\u015fesi i\u015fl\u0259yib.<\/p>\n","protected":false},"excerpt":{"rendered":"<p>Erm\u0259nistan\u0131n iqtisadiyyat nazirinin m\u00fcavini\u00a0Varos Simonyan\u00a0v\u0259zif\u0259sind\u0259n azad edilib. ARANTV.AZ &#8220;Report-a istinad\u0259n x\u0259b\u0259r verir ki, Ba\u015f nazir Nikol Pa\u015finyan bununla ba\u011fl\u0131 f\u0259rman imzalay\u0131b. Dig\u0259r f\u0259rmanla bu v\u0259zif\u0259y\u0259 Ar\u015fak Aslanyan t\u0259yin olunub. Qeyd ed\u0259k ki, V.Simonyan 2019-cu il avqun 22-d\u0259 bu posta g\u0259tirilmi\u015fdi. O, bundan \u0259vv\u0259l Erm\u0259nistan\u0131n Avropa \u0130ttifaq\u0131ndak\u0131 ticar\u0259t atta\u015fesi i\u015fl\u0259yib.<\/p>\n","protected":false},"author":2,"featured_media":393673,"comment_status":"closed","ping_status":"closed","sticky":false,"template":"","format":"standard","meta":{"om_disable_all_campaigns":false,"_monsterinsights_skip_tracking":false,"_monsterinsights_sitenote_active":false,"_monsterinsights_sitenote_note":"","_monsterinsights_sitenote_category":0},"categories":[7],"tags":[],"aioseo_notices":[],"gutentor_comment":0,"rttpg_featured_image_url":{"full":["https:\/\/arantv.az\/wp-content\/uploads\/2021\/10\/989273.jpg",850,530,false],"landscape":["https:\/\/arantv.az\/wp-content\/uploads\/2021\/10\/989273.jpg",850,530,false],"portraits":["https:\/\/arantv.az\/wp-content\/uploads\/2021\/10\/989273.jpg",850,530,false],"thumbnail":["https:\/\/arantv.az\/wp-content\/uploads\/2021\/10\/989273-500x280.jpg",500,280,true],"medium":["https:\/\/arantv.az\/wp-content\/uploads\/2021\/10\/989273-585x365.jpg",585,365,true],"large":["https:\/\/arantv.az\/wp-content\/uploads\/2021\/10\/989273-840x524.jpg",640,399,true],"1536x1536":["https:\/\/arantv.az\/wp-content\/uploads\/2021\/10\/989273.jpg",850,530,false],"2048x2048":["https:\/\/arantv.az\/wp-content\/uploads\/2021\/10\/989273.jpg",850,530,false],"post-thumbnail":["https:\/\/arantv.az\/wp-content\/uploads\/2021\/10\/989273-240x172.jpg",240,172,true],"advps-thumb-one":["https:\/\/arantv.az\/wp-content\/uploads\/2021\/10\/989273.jpg",850,530,false]},"rttpg_author":{"display_name":"V\u00fcsal Rafiqo\u011flu","author_link":"https:\/\/arantv.az\/?author=2"},"rttpg_comment":0,"rttpg_category":"<a href=\"https:\/\/arantv.az\/?cat=7\" rel=\"category\">D\u00fcnya<\/a>","rttpg_excerpt":"Erm\u0259nistan\u0131n iqtisadiyyat nazirinin m\u00fcavini\u00a0Varos Simonyan\u00a0v\u0259zif\u0259sind\u0259n azad edilib. ARANTV.AZ &#8220;Report-a istinad\u0259n x\u0259b\u0259r verir ki, Ba\u015f nazir Nikol Pa\u015finyan bununla ba\u011fl\u0131 f\u0259rman imzalay\u0131b. Dig\u0259r f\u0259rmanla bu v\u0259zif\u0259y\u0259 Ar\u015fak Aslanyan t\u0259yin olunub. Qeyd ed\u0259k ki, V.Simonyan 2019-cu il avqun 22-d\u0259 bu posta g\u0259tirilmi\u015fdi. O, bundan \u0259vv\u0259l Erm\u0259nistan\u0131n Avropa \u0130ttifaq\u0131ndak\u0131 ticar\u0259t atta\u015fesi i\u015fl\u0259yib.","_links":{"self":[{"href":"https:\/\/arantv.az\/index.php?rest_route=\/wp\/v2\/posts\/393672"}],"collection":[{"href":"https:\/\/arantv.az\/index.php?rest_route=\/wp\/v2\/posts"}],"about":[{"href":"https:\/\/arantv.az\/index.php?rest_route=\/wp\/v2\/types\/post"}],"author":[{"embeddable":true,"href":"https:\/\/arantv.az\/index.php?rest_route=\/wp\/v2\/users\/2"}],"replies":[{"embeddable":true,"href":"https:\/\/arantv.az\/index.php?rest_route=%2Fwp%2Fv2%2Fcomments&post=393672"}],"version-history":[{"count":0,"href":"https:\/\/arantv.az\/index.php?rest_route=\/wp\/v2\/posts\/393672\/revisions"}],"wp:featuredmedia":[{"embeddable":true,"href":"https:\/\/arantv.az\/index.php?rest_route=\/wp\/v2\/media\/393673"}],"wp:attachment":[{"href":"https:\/\/arantv.az\/index.php?rest_route=%2Fwp%2Fv2%2Fmedia&parent=393672"}],"wp:term":[{"taxonomy":"category","embeddable":true,"href":"https:\/\/arantv.az\/index.php?rest_route=%2Fwp%2Fv2%2Fcategories&post=393672"},{"taxonomy":"post_tag","embeddable":true,"href":"https:\/\/arantv.az\/index.php?rest_route=%2Fwp%2Fv2%2Ftags&post=393672"}],"curies":[{"name":"wp","href":"https:\/\/api.w.org\/{rel}","templated":true}]}}