{"id":393689,"date":"2021-10-21T14:43:17","date_gmt":"2021-10-21T11:43:17","guid":{"rendered":"http:\/\/arantv.az\/?p=393689"},"modified":"2021-10-21T14:43:17","modified_gmt":"2021-10-21T11:43:17","slug":"turk-dunyasi-turkic-world-layih%c9%99si-informasiya-t%c9%99l%c9%99batina-cavab-verir-turkiy%c9%99-prezidentinin-bas-musaviri","status":"publish","type":"post","link":"https:\/\/arantv.az\/?p=393689","title":{"rendered":"T\u00fcrk D\u00fcnyas\u0131 (turkic.world) layih\u0259si informasiya t\u0259l\u0259bat\u0131na cavab verir &#8211; T\u00fcrkiy\u0259 Prezidentinin ba\u015f m\u00fc\u015faviri"},"content":{"rendered":"<p><strong>T\u00fcrkdilli \u00f6lk\u0259l\u0259rl\u0259 ba\u011fl\u0131 x\u0259b\u0259rl\u0259rin yay\u0131mlanmas\u0131 \u00fc\u00e7\u00fcn t\u0259sis edil\u0259n T\u00fcrk D\u00fcnyas\u0131 (Turkic.World) layih\u0259si media sah\u0259sind\u0259 olan ehtiyaclara cavab verir.<\/strong><\/p>\n<p>Bunu\u00a0<a href=\"http:\/\/trend.az\/\" target=\"_blank\" rel=\"noopener\">Trend<\/a>-\u0259 a\u00e7\u0131qlamas\u0131nda T\u00fcrkiy\u0259 Prezidentinin ba\u015f m\u00fc\u015faviri Yal\u00e7\u0131n Top\u00e7u deyib.<\/p>\n<p>Y.Top\u00e7u qeyd edib ki, T\u00fcrk D\u00fcnyas\u0131 (turkic.world) media layih\u0259si alt\u0131 m\u00fcst\u0259qil d\u00f6vl\u0259td\u0259 300 milyona yax\u0131n oxucu k\u00fctl\u0259sin\u0259 yerli m\u0259nb\u0259l\u0259rd\u0259n \u0259ld\u0259 etdiyi informasiyalar\u0131 t\u0259qdim ed\u0259c\u0259k ki, bu da olduqca m\u00fch\u00fcm add\u0131md\u0131r.<\/p>\n<p>Y.Top\u00e7u hesab edir ki, \u0259n\u0259n\u0259vi mediadan f\u0259rqli olaraq, m\u0259lumatlar\u0131 daha s\u00fcr\u0259tli \u015f\u0259kild\u0259 \u00e7atd\u0131ran informasiya portallar\u0131n\u0131n yarad\u0131lmas\u0131 v\u0259 inki\u015faf\u0131 \u00e7ox \u00f6n\u0259mlidir:<\/p>\n<p>&#8220;Bundan \u0259lav\u0259 T\u00fcrk D\u00fcnyas\u0131 (turkic.world) media layih\u0259si bir-birl\u0259rind\u0259n y\u00fcz kilometrl\u0259rl\u0259 uzaqda ya\u015fayan qarda\u015f xalqlara m\u0259d\u0259ni, sosial, dil, t\u0259hsil kimi m\u00f6vzularda soyda\u015flar\u0131 bar\u0259d\u0259 m\u0259lumatlar\u0131 \u00e7atd\u0131racaq. T\u00fcrk d\u00fcnyas\u0131n\u0131n bir f\u0259rdi kimi, tamamil\u0259 milli olan v\u0259 ciddi informasiya t\u0259l\u0259bat\u0131m\u0131za cavab ver\u0259n T\u00fcrk D\u00fcnyas\u0131 (Turkic.World) media layih\u0259sini t\u0259sis ed\u0259nl\u0259r\u0259 t\u0259\u015f\u0259kk\u00fcr\u00fcm\u00fc bildirir\u0259m&#8221;.<\/p>\n<p>Qeyd ed\u0259k ki, bu il may\u0131n 24-d\u0259 Bak\u0131da &#8220;T\u00fcrk D\u00fcnyas\u0131&#8221; (www.turkic.world) ilk r\u0259q\u0259msal layih\u0259sinin t\u0259qdimat\u0131 ke\u00e7irilib. Layih\u0259nin t\u0259qdimat m\u0259rasimind\u0259 media strukturlar\u0131n\u0131n r\u0259hb\u0259rl\u0259ri, t\u00fcrkdilli d\u00f6vl\u0259tl\u0259rin diplomatlar\u0131, mill\u0259t v\u0259kill\u0259ri v\u0259 ictimaiyy\u0259t n\u00fcmay\u0259nd\u0259l\u0259ri i\u015ftirak edibl\u0259r.<\/p>\n<p>Unikal proqram t\u0259minat\u0131 layih\u0259ni t\u0259kmill\u0259\u015fdirm\u0259y\u0259 v\u0259 dig\u0259r t\u00fcrkdilli d\u00f6vl\u0259tl\u0259ri yarad\u0131lan r\u0259q\u0259msal platformaya qo\u015fma\u011fa imkan verir. R\u0259q\u0259msal platforman\u0131n mobil versiyas\u0131 da haz\u0131rlan\u0131b.<\/p>\n","protected":false},"excerpt":{"rendered":"<p>T\u00fcrkdilli \u00f6lk\u0259l\u0259rl\u0259 ba\u011fl\u0131 x\u0259b\u0259rl\u0259rin yay\u0131mlanmas\u0131 \u00fc\u00e7\u00fcn t\u0259sis edil\u0259n T\u00fcrk D\u00fcnyas\u0131 (Turkic.World) layih\u0259si media sah\u0259sind\u0259 olan ehtiyaclara cavab verir. Bunu\u00a0Trend-\u0259 a\u00e7\u0131qlamas\u0131nda T\u00fcrkiy\u0259 Prezidentinin ba\u015f m\u00fc\u015faviri Yal\u00e7\u0131n Top\u00e7u deyib. Y.Top\u00e7u qeyd edib ki, T\u00fcrk D\u00fcnyas\u0131 (turkic.world) media layih\u0259si alt\u0131 m\u00fcst\u0259qil d\u00f6vl\u0259td\u0259 300 milyona yax\u0131n oxucu k\u00fctl\u0259sin\u0259 yerli m\u0259nb\u0259l\u0259rd\u0259n \u0259ld\u0259 etdiyi informasiyalar\u0131 t\u0259qdim ed\u0259c\u0259k ki, bu da olduqca m\u00fch\u00fcm add\u0131md\u0131r. Y.Top\u00e7u hesab edir ki, \u0259n\u0259n\u0259vi mediadan f\u0259rqli olaraq, m\u0259lumatlar\u0131 daha s\u00fcr\u0259tli \u015f\u0259kild\u0259 \u00e7atd\u0131ran informasiya portallar\u0131n\u0131n yarad\u0131lmas\u0131 v\u0259 inki\u015faf\u0131 \u00e7ox \u00f6n\u0259mlidir: &#8220;Bundan \u0259lav\u0259 T\u00fcrk D\u00fcnyas\u0131 (turkic.world) media layih\u0259si bir-birl\u0259rind\u0259n y\u00fcz kilometrl\u0259rl\u0259 uzaqda ya\u015fayan qarda\u015f&hellip;<\/p>\n","protected":false},"author":2,"featured_media":393691,"comment_status":"closed","ping_status":"closed","sticky":false,"template":"","format":"standard","meta":{"om_disable_all_campaigns":false,"_monsterinsights_skip_tracking":false,"_monsterinsights_sitenote_active":false,"_monsterinsights_sitenote_note":"","_monsterinsights_sitenote_category":0},"categories":[4],"tags":[],"aioseo_notices":[],"gutentor_comment":0,"rttpg_featured_image_url":{"full":["https:\/\/arantv.az\/wp-content\/uploads\/2021\/10\/989286-1.jpg",1200,900,false],"landscape":["https:\/\/arantv.az\/wp-content\/uploads\/2021\/10\/989286-1.jpg",1200,900,false],"portraits":["https:\/\/arantv.az\/wp-content\/uploads\/2021\/10\/989286-1.jpg",1200,900,false],"thumbnail":["https:\/\/arantv.az\/wp-content\/uploads\/2021\/10\/989286-1-500x280.jpg",500,280,true],"medium":["https:\/\/arantv.az\/wp-content\/uploads\/2021\/10\/989286-1-487x365.jpg",487,365,true],"large":["https:\/\/arantv.az\/wp-content\/uploads\/2021\/10\/989286-1-840x630.jpg",640,480,true],"1536x1536":["https:\/\/arantv.az\/wp-content\/uploads\/2021\/10\/989286-1.jpg",1200,900,false],"2048x2048":["https:\/\/arantv.az\/wp-content\/uploads\/2021\/10\/989286-1.jpg",1200,900,false],"post-thumbnail":["https:\/\/arantv.az\/wp-content\/uploads\/2021\/10\/989286-1-240x172.jpg",240,172,true],"advps-thumb-one":["https:\/\/arantv.az\/wp-content\/uploads\/2021\/10\/989286-1-1200x620.jpg",1200,620,true]},"rttpg_author":{"display_name":"V\u00fcsal Rafiqo\u011flu","author_link":"https:\/\/arantv.az\/?author=2"},"rttpg_comment":0,"rttpg_category":"<a href=\"https:\/\/arantv.az\/?cat=4\" rel=\"category\">Siyas\u0259t<\/a>","rttpg_excerpt":"T\u00fcrkdilli \u00f6lk\u0259l\u0259rl\u0259 ba\u011fl\u0131 x\u0259b\u0259rl\u0259rin yay\u0131mlanmas\u0131 \u00fc\u00e7\u00fcn t\u0259sis edil\u0259n T\u00fcrk D\u00fcnyas\u0131 (Turkic.World) layih\u0259si media sah\u0259sind\u0259 olan ehtiyaclara cavab verir. Bunu\u00a0Trend-\u0259 a\u00e7\u0131qlamas\u0131nda T\u00fcrkiy\u0259 Prezidentinin ba\u015f m\u00fc\u015faviri Yal\u00e7\u0131n Top\u00e7u deyib. Y.Top\u00e7u qeyd edib ki, T\u00fcrk D\u00fcnyas\u0131 (turkic.world) media layih\u0259si alt\u0131 m\u00fcst\u0259qil d\u00f6vl\u0259td\u0259 300 milyona yax\u0131n oxucu k\u00fctl\u0259sin\u0259 yerli m\u0259nb\u0259l\u0259rd\u0259n \u0259ld\u0259 etdiyi informasiyalar\u0131 t\u0259qdim ed\u0259c\u0259k ki, bu da olduqca&hellip;","_links":{"self":[{"href":"https:\/\/arantv.az\/index.php?rest_route=\/wp\/v2\/posts\/393689"}],"collection":[{"href":"https:\/\/arantv.az\/index.php?rest_route=\/wp\/v2\/posts"}],"about":[{"href":"https:\/\/arantv.az\/index.php?rest_route=\/wp\/v2\/types\/post"}],"author":[{"embeddable":true,"href":"https:\/\/arantv.az\/index.php?rest_route=\/wp\/v2\/users\/2"}],"replies":[{"embeddable":true,"href":"https:\/\/arantv.az\/index.php?rest_route=%2Fwp%2Fv2%2Fcomments&post=393689"}],"version-history":[{"count":0,"href":"https:\/\/arantv.az\/index.php?rest_route=\/wp\/v2\/posts\/393689\/revisions"}],"wp:featuredmedia":[{"embeddable":true,"href":"https:\/\/arantv.az\/index.php?rest_route=\/wp\/v2\/media\/393691"}],"wp:attachment":[{"href":"https:\/\/arantv.az\/index.php?rest_route=%2Fwp%2Fv2%2Fmedia&parent=393689"}],"wp:term":[{"taxonomy":"category","embeddable":true,"href":"https:\/\/arantv.az\/index.php?rest_route=%2Fwp%2Fv2%2Fcategories&post=393689"},{"taxonomy":"post_tag","embeddable":true,"href":"https:\/\/arantv.az\/index.php?rest_route=%2Fwp%2Fv2%2Ftags&post=393689"}],"curies":[{"name":"wp","href":"https:\/\/api.w.org\/{rel}","templated":true}]}}