{"id":393693,"date":"2021-10-21T14:44:31","date_gmt":"2021-10-21T11:44:31","guid":{"rendered":"http:\/\/arantv.az\/?p=393693"},"modified":"2021-10-21T14:44:31","modified_gmt":"2021-10-21T11:44:31","slug":"prezident-ilham-%c9%99liyev-s%c9%99hid-olmus-h%c9%99r-bir-insan-az%c9%99rbaycan-xalqinin-ur%c9%99yind%c9%99-%c9%99b%c9%99di-yasayacaq","status":"publish","type":"post","link":"https:\/\/arantv.az\/?p=393693","title":{"rendered":"Prezident \u0130lham \u018fliyev: \u015e\u0259hid olmu\u015f h\u0259r bir insan Az\u0259rbaycan xalq\u0131n\u0131n \u00fcr\u0259yind\u0259 \u0259b\u0259di ya\u015fayacaq"},"content":{"rendered":"<p><strong>\u015e\u0259hid olmu\u015f h\u0259r bir insan, g\u0259nc bizim \u00fcr\u0259yimizd\u0259, Az\u0259rbaycan xalq\u0131n\u0131n \u00fcr\u0259yind\u0259 \u0259b\u0259di ya\u015fayacaq.<\/strong><\/p>\n<p><strong>ARANTV.AZ<\/strong>\u00a0 <a href=\"http:\/\/azertag.az\/\" target=\"_blank\" rel=\"noopener\">AZ\u018fRTAC<\/a>-a istinad\u0259n bildirir ki,\u00a0bunu Az\u0259rbaycan Prezidenti \u0130lham \u018fliyev Z\u0259ngilan rayon ictimaiyy\u0259tinin n\u00fcmay\u0259nd\u0259l\u0259ri il\u0259 g\u00f6r\u00fc\u015f\u00fcnd\u0259 bildirib.<\/p>\n<p>D\u00f6vl\u0259t ba\u015f\u00e7\u0131s\u0131 qeyd edib: &#8220;Allah b\u00fct\u00fcn \u015f\u0259hidl\u0259rimiz\u0259 r\u0259hm\u0259t el\u0259sin. Biz torpaqlar\u0131m\u0131z\u0131 onlar\u0131n can\u0131-qan\u0131 bahas\u0131na i\u015f\u011fal\u00e7\u0131lardan azad etmi\u015fik. \u015e\u0259hid olmu\u015f h\u0259r bir insan, g\u0259nc bizim \u00fcr\u0259yimizd\u0259, Az\u0259rbaycan xalq\u0131n\u0131n \u00fcr\u0259yind\u0259 \u0259b\u0259di ya\u015fayacaq. \u015e\u0259hidl\u0259rin adlar\u0131n\u0131n \u0259b\u0259dil\u0259\u015fdirilm\u0259si \u00fc\u00e7\u00fcn \u0259m\u0259li i\u015fl\u0259r gedir, bundan sonra da ged\u0259c\u0259k. An\u0131m G\u00fcn\u00fcnd\u0259 t\u0259\u015fkil olunan y\u00fcr\u00fc\u015f b\u00fct\u00fcn Az\u0259rbaycan xalq\u0131n\u0131n birliyini g\u00f6st\u0259rdi, \u015f\u0259hidl\u0259rimizin xatir\u0259sin\u0259 olan h\u00f6rm\u0259timizi g\u00f6st\u0259rdi. Y\u00fcr\u00fc\u015fd\u0259 apar\u0131lan portretl\u0259r m\u0259nim g\u00f6st\u0259ri\u015fiml\u0259 g\u00f6z\u0259l bir xatir\u0259 kimi \u015f\u0259hid ail\u0259l\u0259rin\u0259 t\u0259qdim edildi. \u00c7\u00fcnki onlar biziml\u0259 olmasalar da, bu Z\u0259f\u0259r y\u00fcr\u00fc\u015f\u00fcn\u0259 biziml\u0259 b\u0259rab\u0259r \u00e7\u0131x\u0131blar. Y\u0259ni, b\u00fct\u00fcn Az\u0259rbaycan o g\u00fcn orada idi. Onlar\u0131n ruhu bu g\u00fcn \u015fadd\u0131r. Onlar az ya\u015fay\u0131blar, d\u00fcnyadan g\u0259nc gedibl\u0259r, \u015f\u0259hid olaraq gedibl\u0259r. Amma onlar h\u0259r zaman \u00fcr\u0259yimizd\u0259 ya\u015fayacaqlar. Sizin siman\u0131zda onlar\u0131n valideynl\u0259rin\u0259 m\u0259n Prezident, Ali Ba\u015f Komandan kimi \u00f6z t\u0259\u015f\u0259kk\u00fcr\u00fcm\u00fc bildirm\u0259k ist\u0259yir\u0259m. \u00c7\u00fcnki do\u011frudan da bizim \u015f\u0259hidl\u0259rimiz \u015f\u00fcurlu \u015f\u0259kild\u0259 \u00f6l\u00fcm\u0259 gedirdil\u0259r. Ham\u0131m\u0131z yax\u015f\u0131 bilirik ki, a\u011f\u0131r d\u00f6y\u00fc\u015fl\u0259rd\u0259 o istehkamlar\u0131 yarmaq, oradan ke\u00e7m\u0259k, da\u011flara qalxmaq, da\u011flara d\u0131rma\u015fmaq, x\u00fcsusil\u0259 \u015eu\u015fa \u0259m\u0259liyyat\u0131 tarixd\u0259 b\u0259lk\u0259 d\u0259 misli g\u00f6r\u00fcnm\u0259mi\u015f q\u0259hr\u0259manl\u0131q n\u00fcmun\u0259sidir. Bunu ancaq milli ruhda b\u00f6y\u00fcy\u0259n insanlar ed\u0259 bil\u0259rdil\u0259r. Sizin kimi valideynl\u0259r onlar\u0131 milli ruhda b\u00f6y\u00fcd\u00fcb V\u0259t\u0259n\u0259 b\u0259x\u015f etdiniz. Onlar da \u00f6z h\u0259yatlar\u0131n\u0131 V\u0259t\u0259n\u0259 b\u0259x\u015f etdil\u0259r. M\u0259n sizi \u00fcr\u0259kd\u0259n t\u0259brik edir\u0259m, t\u0259\u015f\u0259kk\u00fcr\u00fcm\u00fc bildirir\u0259m v\u0259 qucaqlay\u0131ram, ba\u011fr\u0131ma bas\u0131ram&#8221;.<\/p>\n","protected":false},"excerpt":{"rendered":"<p>\u015e\u0259hid olmu\u015f h\u0259r bir insan, g\u0259nc bizim \u00fcr\u0259yimizd\u0259, Az\u0259rbaycan xalq\u0131n\u0131n \u00fcr\u0259yind\u0259 \u0259b\u0259di ya\u015fayacaq. ARANTV.AZ\u00a0 AZ\u018fRTAC-a istinad\u0259n bildirir ki,\u00a0bunu Az\u0259rbaycan Prezidenti \u0130lham \u018fliyev Z\u0259ngilan rayon ictimaiyy\u0259tinin n\u00fcmay\u0259nd\u0259l\u0259ri il\u0259 g\u00f6r\u00fc\u015f\u00fcnd\u0259 bildirib. D\u00f6vl\u0259t ba\u015f\u00e7\u0131s\u0131 qeyd edib: &#8220;Allah b\u00fct\u00fcn \u015f\u0259hidl\u0259rimiz\u0259 r\u0259hm\u0259t el\u0259sin. Biz torpaqlar\u0131m\u0131z\u0131 onlar\u0131n can\u0131-qan\u0131 bahas\u0131na i\u015f\u011fal\u00e7\u0131lardan azad etmi\u015fik. \u015e\u0259hid olmu\u015f h\u0259r bir insan, g\u0259nc bizim \u00fcr\u0259yimizd\u0259, Az\u0259rbaycan xalq\u0131n\u0131n \u00fcr\u0259yind\u0259 \u0259b\u0259di ya\u015fayacaq. \u015e\u0259hidl\u0259rin adlar\u0131n\u0131n \u0259b\u0259dil\u0259\u015fdirilm\u0259si \u00fc\u00e7\u00fcn \u0259m\u0259li i\u015fl\u0259r gedir, bundan sonra da ged\u0259c\u0259k. An\u0131m G\u00fcn\u00fcnd\u0259 t\u0259\u015fkil olunan y\u00fcr\u00fc\u015f b\u00fct\u00fcn Az\u0259rbaycan xalq\u0131n\u0131n birliyini g\u00f6st\u0259rdi, \u015f\u0259hidl\u0259rimizin xatir\u0259sin\u0259 olan h\u00f6rm\u0259timizi g\u00f6st\u0259rdi. Y\u00fcr\u00fc\u015fd\u0259 apar\u0131lan portretl\u0259r m\u0259nim g\u00f6st\u0259ri\u015fiml\u0259&hellip;<\/p>\n","protected":false},"author":2,"featured_media":393694,"comment_status":"closed","ping_status":"closed","sticky":false,"template":"","format":"standard","meta":{"om_disable_all_campaigns":false,"_monsterinsights_skip_tracking":false,"_monsterinsights_sitenote_active":false,"_monsterinsights_sitenote_note":"","_monsterinsights_sitenote_category":0},"categories":[4],"tags":[],"aioseo_notices":[],"gutentor_comment":0,"rttpg_featured_image_url":{"full":["https:\/\/arantv.az\/wp-content\/uploads\/2021\/10\/989280.jpg",931,669,false],"landscape":["https:\/\/arantv.az\/wp-content\/uploads\/2021\/10\/989280.jpg",931,669,false],"portraits":["https:\/\/arantv.az\/wp-content\/uploads\/2021\/10\/989280.jpg",931,669,false],"thumbnail":["https:\/\/arantv.az\/wp-content\/uploads\/2021\/10\/989280-500x280.jpg",500,280,true],"medium":["https:\/\/arantv.az\/wp-content\/uploads\/2021\/10\/989280-508x365.jpg",508,365,true],"large":["https:\/\/arantv.az\/wp-content\/uploads\/2021\/10\/989280-840x604.jpg",640,460,true],"1536x1536":["https:\/\/arantv.az\/wp-content\/uploads\/2021\/10\/989280.jpg",931,669,false],"2048x2048":["https:\/\/arantv.az\/wp-content\/uploads\/2021\/10\/989280.jpg",931,669,false],"post-thumbnail":["https:\/\/arantv.az\/wp-content\/uploads\/2021\/10\/989280-240x172.jpg",240,172,true],"advps-thumb-one":["https:\/\/arantv.az\/wp-content\/uploads\/2021\/10\/989280-931x620.jpg",931,620,true]},"rttpg_author":{"display_name":"V\u00fcsal Rafiqo\u011flu","author_link":"https:\/\/arantv.az\/?author=2"},"rttpg_comment":0,"rttpg_category":"<a href=\"https:\/\/arantv.az\/?cat=4\" rel=\"category\">Siyas\u0259t<\/a>","rttpg_excerpt":"\u015e\u0259hid olmu\u015f h\u0259r bir insan, g\u0259nc bizim \u00fcr\u0259yimizd\u0259, Az\u0259rbaycan xalq\u0131n\u0131n \u00fcr\u0259yind\u0259 \u0259b\u0259di ya\u015fayacaq. ARANTV.AZ\u00a0 AZ\u018fRTAC-a istinad\u0259n bildirir ki,\u00a0bunu Az\u0259rbaycan Prezidenti \u0130lham \u018fliyev Z\u0259ngilan rayon ictimaiyy\u0259tinin n\u00fcmay\u0259nd\u0259l\u0259ri il\u0259 g\u00f6r\u00fc\u015f\u00fcnd\u0259 bildirib. D\u00f6vl\u0259t ba\u015f\u00e7\u0131s\u0131 qeyd edib: &#8220;Allah b\u00fct\u00fcn \u015f\u0259hidl\u0259rimiz\u0259 r\u0259hm\u0259t el\u0259sin. Biz torpaqlar\u0131m\u0131z\u0131 onlar\u0131n can\u0131-qan\u0131 bahas\u0131na i\u015f\u011fal\u00e7\u0131lardan azad etmi\u015fik. \u015e\u0259hid olmu\u015f h\u0259r bir insan, g\u0259nc bizim \u00fcr\u0259yimizd\u0259, Az\u0259rbaycan&hellip;","_links":{"self":[{"href":"https:\/\/arantv.az\/index.php?rest_route=\/wp\/v2\/posts\/393693"}],"collection":[{"href":"https:\/\/arantv.az\/index.php?rest_route=\/wp\/v2\/posts"}],"about":[{"href":"https:\/\/arantv.az\/index.php?rest_route=\/wp\/v2\/types\/post"}],"author":[{"embeddable":true,"href":"https:\/\/arantv.az\/index.php?rest_route=\/wp\/v2\/users\/2"}],"replies":[{"embeddable":true,"href":"https:\/\/arantv.az\/index.php?rest_route=%2Fwp%2Fv2%2Fcomments&post=393693"}],"version-history":[{"count":0,"href":"https:\/\/arantv.az\/index.php?rest_route=\/wp\/v2\/posts\/393693\/revisions"}],"wp:featuredmedia":[{"embeddable":true,"href":"https:\/\/arantv.az\/index.php?rest_route=\/wp\/v2\/media\/393694"}],"wp:attachment":[{"href":"https:\/\/arantv.az\/index.php?rest_route=%2Fwp%2Fv2%2Fmedia&parent=393693"}],"wp:term":[{"taxonomy":"category","embeddable":true,"href":"https:\/\/arantv.az\/index.php?rest_route=%2Fwp%2Fv2%2Fcategories&post=393693"},{"taxonomy":"post_tag","embeddable":true,"href":"https:\/\/arantv.az\/index.php?rest_route=%2Fwp%2Fv2%2Ftags&post=393693"}],"curies":[{"name":"wp","href":"https:\/\/api.w.org\/{rel}","templated":true}]}}