{"id":393696,"date":"2021-10-21T14:45:27","date_gmt":"2021-10-21T11:45:27","guid":{"rendered":"http:\/\/arantv.az\/?p=393696"},"modified":"2021-10-21T14:45:27","modified_gmt":"2021-10-21T11:45:27","slug":"prezident-ilham-%c9%99liyev-xalqimiz-isgal-dovrund%c9%99-oz-dogma-torpaqlarini-unutmadi","status":"publish","type":"post","link":"https:\/\/arantv.az\/?p=393696","title":{"rendered":"Prezident \u0130lham \u018fliyev: Xalq\u0131m\u0131z i\u015f\u011fal d\u00f6vr\u00fcnd\u0259 \u00f6z do\u011fma torpaqlar\u0131n\u0131 unutmad\u0131"},"content":{"rendered":"<p><strong>Xalq\u0131m\u0131z i\u015f\u011fal d\u00f6vr\u00fcnd\u0259 \u0259yilm\u0259di, v\u0259ziyy\u0259tl\u0259 bar\u0131\u015fmad\u0131, \u00f6z do\u011fma torpaqlar\u0131n\u0131 unutmad\u0131.<\/strong><\/p>\n<p><strong>ARANTV.AZ\u00a0<\/strong> <a href=\"http:\/\/azertag.az\/\" target=\"_blank\" rel=\"noopener\">AZ\u018fRTAC<\/a>-a istinad\u0259n bildirir ki,\u00a0bunu Az\u0259rbaycan Prezidenti \u0130lham \u018fliyev Z\u0259ngilan rayon ictimaiyy\u0259tinin n\u00fcmay\u0259nd\u0259l\u0259ri il\u0259 g\u00f6r\u00fc\u015f\u00fcnd\u0259 bildirib.<\/p>\n<p>D\u00f6vl\u0259t ba\u015f\u00e7\u0131s\u0131 qeyd edib: &#8220;Bu, ham\u0131m\u0131z\u0131n q\u0259l\u0259b\u0259sidir, Az\u0259rbaycan xalq\u0131n\u0131n q\u0259l\u0259b\u0259sidir. \u00c7\u00fcnki xalq\u0131m\u0131z i\u015f\u011fal d\u00f6vr\u00fcnd\u0259 \u0259yilm\u0259di, v\u0259ziyy\u0259tl\u0259 bar\u0131\u015fmad\u0131, \u00f6z do\u011fma torpaqlar\u0131n\u0131 unutmad\u0131. H\u0259tta bu torpaqlar\u0131 g\u00f6rm\u0259y\u0259n g\u0259ncl\u0259r d\u0259 bu torpaqlar\u0131n azad edilm\u0259si e\u015fqi il\u0259 ya\u015fam\u0131\u015flar v\u0259 \u00f6l\u00fcm\u0259 ged\u0259n d\u0259 m\u0259hz onlar oldu. Birinci s\u0131rada ged\u0259n m\u0259hz o u\u015faqlar idi ki, i\u015f\u011faldan sonra d\u00fcnyaya g\u0259libl\u0259r v\u0259 b\u0259lk\u0259 d\u0259 i\u015f\u011fal d\u00f6vr\u00fcnd\u0259 onlar\u0131n 5-10 ya\u015f\u0131 var idi. Y\u0259ni, bu, onu g\u00f6st\u0259rir ki, xalq\u0131m\u0131z m\u00fcq\u0259dd\u0259s Z\u0259f\u0259r g\u00fcn\u00fcn\u00fc g\u00f6zl\u0259yirdi, b\u00fct\u00fcn \u00e7\u0259tinlikl\u0259r\u0259, \u0259zab-\u0259ziyy\u0259tl\u0259r\u0259 baxmayaraq, bu g\u00fcn\u00fc g\u00f6zl\u0259yirdi v\u0259 inan\u0131rd\u0131 ki, bu g\u00fcn g\u0259l\u0259c\u0259k v\u0259 biz d\u0259, sad\u0259c\u0259 olaraq, b\u00fct\u00fcn xalq\u0131m\u0131z\u0131 s\u0259f\u0259rb\u0259r etm\u0259k, g\u0259ncl\u0259ri v\u0259t\u0259np\u0259rv\u0259rlik ruhunda t\u0259rbiy\u0259 etm\u0259k \u00fc\u00e7\u00fcn s\u0259yl\u0259r g\u00f6st\u0259rdik. \u018flb\u0259tt\u0259 ki, ordumuzu g\u00fccl\u0259ndirdik, iqtisadiyyat\u0131 g\u00fccl\u0259ndirdik, beyn\u0259lxalq m\u00f6vqel\u0259rimizi geni\u015fl\u0259ndirdik v\u0259 ist\u0259diyimiz\u0259 nail olduq, tarixi \u0259dal\u0259t\u0259 nail olduq&#8221;.<\/p>\n","protected":false},"excerpt":{"rendered":"<p>Xalq\u0131m\u0131z i\u015f\u011fal d\u00f6vr\u00fcnd\u0259 \u0259yilm\u0259di, v\u0259ziyy\u0259tl\u0259 bar\u0131\u015fmad\u0131, \u00f6z do\u011fma torpaqlar\u0131n\u0131 unutmad\u0131. ARANTV.AZ\u00a0 AZ\u018fRTAC-a istinad\u0259n bildirir ki,\u00a0bunu Az\u0259rbaycan Prezidenti \u0130lham \u018fliyev Z\u0259ngilan rayon ictimaiyy\u0259tinin n\u00fcmay\u0259nd\u0259l\u0259ri il\u0259 g\u00f6r\u00fc\u015f\u00fcnd\u0259 bildirib. D\u00f6vl\u0259t ba\u015f\u00e7\u0131s\u0131 qeyd edib: &#8220;Bu, ham\u0131m\u0131z\u0131n q\u0259l\u0259b\u0259sidir, Az\u0259rbaycan xalq\u0131n\u0131n q\u0259l\u0259b\u0259sidir. \u00c7\u00fcnki xalq\u0131m\u0131z i\u015f\u011fal d\u00f6vr\u00fcnd\u0259 \u0259yilm\u0259di, v\u0259ziyy\u0259tl\u0259 bar\u0131\u015fmad\u0131, \u00f6z do\u011fma torpaqlar\u0131n\u0131 unutmad\u0131. H\u0259tta bu torpaqlar\u0131 g\u00f6rm\u0259y\u0259n g\u0259ncl\u0259r d\u0259 bu torpaqlar\u0131n azad edilm\u0259si e\u015fqi il\u0259 ya\u015fam\u0131\u015flar v\u0259 \u00f6l\u00fcm\u0259 ged\u0259n d\u0259 m\u0259hz onlar oldu. Birinci s\u0131rada ged\u0259n m\u0259hz o u\u015faqlar idi ki, i\u015f\u011faldan sonra d\u00fcnyaya g\u0259libl\u0259r v\u0259 b\u0259lk\u0259 d\u0259 i\u015f\u011fal d\u00f6vr\u00fcnd\u0259 onlar\u0131n 5-10 ya\u015f\u0131 var idi. Y\u0259ni,&hellip;<\/p>\n","protected":false},"author":2,"featured_media":393697,"comment_status":"closed","ping_status":"closed","sticky":false,"template":"","format":"standard","meta":{"om_disable_all_campaigns":false,"_monsterinsights_skip_tracking":false,"_monsterinsights_sitenote_active":false,"_monsterinsights_sitenote_note":"","_monsterinsights_sitenote_category":0},"categories":[4],"tags":[],"aioseo_notices":[],"gutentor_comment":0,"rttpg_featured_image_url":{"full":["https:\/\/arantv.az\/wp-content\/uploads\/2021\/10\/989278.jpg",928,669,false],"landscape":["https:\/\/arantv.az\/wp-content\/uploads\/2021\/10\/989278.jpg",928,669,false],"portraits":["https:\/\/arantv.az\/wp-content\/uploads\/2021\/10\/989278.jpg",928,669,false],"thumbnail":["https:\/\/arantv.az\/wp-content\/uploads\/2021\/10\/989278-500x280.jpg",500,280,true],"medium":["https:\/\/arantv.az\/wp-content\/uploads\/2021\/10\/989278-506x365.jpg",506,365,true],"large":["https:\/\/arantv.az\/wp-content\/uploads\/2021\/10\/989278-840x606.jpg",640,462,true],"1536x1536":["https:\/\/arantv.az\/wp-content\/uploads\/2021\/10\/989278.jpg",928,669,false],"2048x2048":["https:\/\/arantv.az\/wp-content\/uploads\/2021\/10\/989278.jpg",928,669,false],"post-thumbnail":["https:\/\/arantv.az\/wp-content\/uploads\/2021\/10\/989278-240x172.jpg",240,172,true],"advps-thumb-one":["https:\/\/arantv.az\/wp-content\/uploads\/2021\/10\/989278-928x620.jpg",928,620,true]},"rttpg_author":{"display_name":"V\u00fcsal Rafiqo\u011flu","author_link":"https:\/\/arantv.az\/?author=2"},"rttpg_comment":0,"rttpg_category":"<a href=\"https:\/\/arantv.az\/?cat=4\" rel=\"category\">Siyas\u0259t<\/a>","rttpg_excerpt":"Xalq\u0131m\u0131z i\u015f\u011fal d\u00f6vr\u00fcnd\u0259 \u0259yilm\u0259di, v\u0259ziyy\u0259tl\u0259 bar\u0131\u015fmad\u0131, \u00f6z do\u011fma torpaqlar\u0131n\u0131 unutmad\u0131. ARANTV.AZ\u00a0 AZ\u018fRTAC-a istinad\u0259n bildirir ki,\u00a0bunu Az\u0259rbaycan Prezidenti \u0130lham \u018fliyev Z\u0259ngilan rayon ictimaiyy\u0259tinin n\u00fcmay\u0259nd\u0259l\u0259ri il\u0259 g\u00f6r\u00fc\u015f\u00fcnd\u0259 bildirib. D\u00f6vl\u0259t ba\u015f\u00e7\u0131s\u0131 qeyd edib: &#8220;Bu, ham\u0131m\u0131z\u0131n q\u0259l\u0259b\u0259sidir, Az\u0259rbaycan xalq\u0131n\u0131n q\u0259l\u0259b\u0259sidir. \u00c7\u00fcnki xalq\u0131m\u0131z i\u015f\u011fal d\u00f6vr\u00fcnd\u0259 \u0259yilm\u0259di, v\u0259ziyy\u0259tl\u0259 bar\u0131\u015fmad\u0131, \u00f6z do\u011fma torpaqlar\u0131n\u0131 unutmad\u0131. H\u0259tta bu torpaqlar\u0131 g\u00f6rm\u0259y\u0259n g\u0259ncl\u0259r d\u0259 bu torpaqlar\u0131n&hellip;","_links":{"self":[{"href":"https:\/\/arantv.az\/index.php?rest_route=\/wp\/v2\/posts\/393696"}],"collection":[{"href":"https:\/\/arantv.az\/index.php?rest_route=\/wp\/v2\/posts"}],"about":[{"href":"https:\/\/arantv.az\/index.php?rest_route=\/wp\/v2\/types\/post"}],"author":[{"embeddable":true,"href":"https:\/\/arantv.az\/index.php?rest_route=\/wp\/v2\/users\/2"}],"replies":[{"embeddable":true,"href":"https:\/\/arantv.az\/index.php?rest_route=%2Fwp%2Fv2%2Fcomments&post=393696"}],"version-history":[{"count":0,"href":"https:\/\/arantv.az\/index.php?rest_route=\/wp\/v2\/posts\/393696\/revisions"}],"wp:featuredmedia":[{"embeddable":true,"href":"https:\/\/arantv.az\/index.php?rest_route=\/wp\/v2\/media\/393697"}],"wp:attachment":[{"href":"https:\/\/arantv.az\/index.php?rest_route=%2Fwp%2Fv2%2Fmedia&parent=393696"}],"wp:term":[{"taxonomy":"category","embeddable":true,"href":"https:\/\/arantv.az\/index.php?rest_route=%2Fwp%2Fv2%2Fcategories&post=393696"},{"taxonomy":"post_tag","embeddable":true,"href":"https:\/\/arantv.az\/index.php?rest_route=%2Fwp%2Fv2%2Ftags&post=393696"}],"curies":[{"name":"wp","href":"https:\/\/api.w.org\/{rel}","templated":true}]}}