{"id":393699,"date":"2021-10-21T14:46:50","date_gmt":"2021-10-21T11:46:50","guid":{"rendered":"http:\/\/arantv.az\/?p=393699"},"modified":"2021-10-21T14:46:50","modified_gmt":"2021-10-21T11:46:50","slug":"prezident-ilham-%c9%99liyev-z%c9%99ngilan-olk%c9%99mizin-n%c9%99qliyyat-logistika-m%c9%99rk%c9%99zin%c9%99-cevril%c9%99c%c9%99k","status":"publish","type":"post","link":"https:\/\/arantv.az\/?p=393699","title":{"rendered":"Prezident \u0130lham \u018fliyev: Z\u0259ngilan \u00f6lk\u0259mizin n\u0259qliyyat-logistika m\u0259rk\u0259zin\u0259 \u00e7evril\u0259c\u0259k"},"content":{"rendered":"<p><strong>Z\u0259ngilan \u00f6lk\u0259mizin n\u0259qliyyat-logistika m\u0259rk\u0259zin\u0259 \u00e7evril\u0259c\u0259k.<\/strong><\/p>\n<p><strong>ARANTV.AZ\u00a0<\/strong> <a href=\"http:\/\/azertag.az\/\" target=\"_blank\" rel=\"noopener\">AZ\u018fRTAC<\/a>-a istinad\u0259n bildirir ki,\u00a0bunu Az\u0259rbaycan Prezidenti \u0130lham \u018fliyev Z\u0259ngilan rayon ictimaiyy\u0259tinin n\u00fcmay\u0259nd\u0259l\u0259ri il\u0259 g\u00f6r\u00fc\u015f\u00fcnd\u0259 bildirib.<\/p>\n<p>D\u00f6vl\u0259t ba\u015f\u00e7\u0131s\u0131 qeyd edib: &#8220;Bu, ham\u0131m\u0131z\u0131n q\u0259l\u0259b\u0259sidir, Az\u0259rbaycan xalq\u0131n\u0131n q\u0259l\u0259b\u0259sidir. \u00c7\u00fcnki xalq\u0131m\u0131z i\u015f\u011fal d\u00f6vr\u00fcnd\u0259 \u0259yilm\u0259di, v\u0259ziyy\u0259tl\u0259 bar\u0131\u015fmad\u0131, \u00f6z do\u011fma torpaqlar\u0131n\u0131 unutmad\u0131. H\u0259tta bu torpaqlar\u0131 g\u00f6rm\u0259y\u0259n g\u0259ncl\u0259r d\u0259 bu torpaqlar\u0131n azad edilm\u0259si e\u015fqi il\u0259 ya\u015fam\u0131\u015flar v\u0259 \u00f6l\u00fcm\u0259 ged\u0259n d\u0259 m\u0259hz onlar oldu. Birinci s\u0131rada ged\u0259n m\u0259hz o u\u015faqlar idi ki, i\u015f\u011faldan sonra d\u00fcnyaya g\u0259libl\u0259r v\u0259 b\u0259lk\u0259 d\u0259 i\u015f\u011fal d\u00f6vr\u00fcnd\u0259 onlar\u0131n 5-10 ya\u015f\u0131 var idi. Y\u0259ni, bu, onu g\u00f6st\u0259rir ki, xalq\u0131m\u0131z m\u00fcq\u0259dd\u0259s Z\u0259f\u0259r g\u00fcn\u00fcn\u00fc g\u00f6zl\u0259yirdi, b\u00fct\u00fcn \u00e7\u0259tinlikl\u0259r\u0259, \u0259zab-\u0259ziyy\u0259tl\u0259r\u0259 baxmayaraq, bu g\u00fcn\u00fc g\u00f6zl\u0259yirdi v\u0259 inan\u0131rd\u0131 ki, bu g\u00fcn g\u0259l\u0259c\u0259k v\u0259 biz d\u0259, sad\u0259c\u0259 olaraq, b\u00fct\u00fcn xalq\u0131m\u0131z\u0131 s\u0259f\u0259rb\u0259r etm\u0259k, g\u0259ncl\u0259ri v\u0259t\u0259np\u0259rv\u0259rlik ruhunda t\u0259rbiy\u0259 etm\u0259k \u00fc\u00e7\u00fcn s\u0259yl\u0259r g\u00f6st\u0259rdik. \u018flb\u0259tt\u0259 ki, ordumuzu g\u00fccl\u0259ndirdik, iqtisadiyyat\u0131 g\u00fccl\u0259ndirdik, beyn\u0259lxalq m\u00f6vqel\u0259rimizi geni\u015fl\u0259ndirdik v\u0259 ist\u0259diyimiz\u0259 nail olduq, tarixi \u0259dal\u0259t\u0259 nail olduq. Bu g\u00fcn sizinl\u0259 b\u0259rab\u0259r buraday\u0131q. M\u0259n d\u00f6rd\u00fcnc\u00fc d\u0259f\u0259dir ki, Z\u0259ngilana g\u0259lir\u0259m. Dekabr ay\u0131nda g\u0259lmi\u015fdim, o vaxt v\u0259ziyy\u0259tl\u0259 tan\u0131\u015f olduq. Ondan sonra fevral ay\u0131nda g\u0259lmi\u015fdim, o vaxt erm\u0259nil\u0259r t\u0259r\u0259find\u0259n bir \u00e7ox hiss\u0259si da\u011f\u0131d\u0131lm\u0131\u015f B\u0259sit\u00e7ay qoru\u011funda \u00e7inar a\u011faclar\u0131 \u0259kdik. Aprel ay\u0131nda g\u0259l\u0259nd\u0259 hava liman\u0131n\u0131n t\u0259m\u0259li qoyuldu. \u0130ndi oraya ba\u015f \u00e7\u0259kdim, art\u0131q zola\u011f\u0131n torpaq i\u015fl\u0259ri haz\u0131rlan\u0131r. Bilirsiniz ki, sovet vaxt\u0131nda Z\u0259ngilanda hava liman\u0131 yox idi. Amma indi n\u0259inki hava liman\u0131, beyn\u0259lxalq hava liman\u0131 olacaq v\u0259 Z\u0259ngilan \u00f6lk\u0259mizin n\u0259qliyyat-logistika m\u0259rk\u0259zin\u0259 \u00e7evril\u0259c\u0259k. \u00c7\u00fcnki Z\u0259ng\u0259zur d\u0259hlizi buradan ke\u00e7ir, d\u0259mir yolu, Horadiz-A\u011fb\u0259nd avtomobil yolu tikilir. Z\u0259ng\u0259zur d\u0259hlizinin a\u00e7\u0131lmas\u0131 il\u0259 ba\u011fl\u0131 son hadis\u0259l\u0259r onu g\u00f6st\u0259rir ki, ist\u0259diyimiz\u0259 nail oluruq. Birinci m\u0259rh\u0259l\u0259d\u0259 Erm\u0259nistan t\u0259r\u0259fi m\u00fcqavim\u0259t g\u00f6st\u0259rs\u0259 d\u0259, indi \u00f6zl\u0259ri art\u0131q buna raz\u0131la\u015f\u0131blar. Burada, \u0259lb\u0259tt\u0259 ki, yum\u015faq des\u0259k, bizim rolumuz az deyil. Ona g\u00f6r\u0259 art\u0131q avtomobil yolunun a\u00e7\u0131l\u0131\u015f\u0131 m\u0259s\u0259l\u0259si h\u0259ll olunur, d\u0259mir yolu m\u0259s\u0259l\u0259si h\u0259ll olunur. Bu g\u00fcn Moskvada Az\u0259rbaycan, Rusiya, Erm\u0259nistan ba\u015f nazirl\u0259rinin m\u00fcavinl\u0259ri n\u00f6vb\u0259ti d\u0259f\u0259 g\u00f6r\u00fc\u015f\u0259c\u0259kl\u0259r v\u0259 bizim m\u00f6vqeyimiz orada bir daha s\u0259sl\u0259n\u0259c\u0259k. Bel\u0259likl\u0259, Z\u0259ngilanda m\u00fcasir logistika-n\u0259qliyyat m\u0259rk\u0259zi, y\u00fck t\u0259yyar\u0259l\u0259ri, s\u0259rni\u015fin t\u0259yyar\u0259l\u0259ri, d\u0259mir yolu qov\u015fa\u011f\u0131, avtomobil yollar\u0131 &#8211; b\u00fct\u00fcn infrastruktur qurulacaq, paralel olaraq t\u0259bi\u0259tin qorunmas\u0131, \u00e7aylar\u0131n qorunmas\u0131. Bilirsiniz ki, Ox\u00e7u\u00e7ay\u0131 erm\u0259nil\u0259r n\u0259 g\u00fcn\u0259 qoymu\u015flar. Ox\u00e7u\u00e7ay t\u0259bii f\u0259lak\u0259t zonas\u0131d\u0131r. Oradan g\u00f6t\u00fcr\u00fcl\u0259n analizl\u0259r g\u00f6st\u0259rir ki, z\u0259h\u0259rli madd\u0259l\u0259rin h\u0259cmi normadan b\u0259lk\u0259 d\u0259 10 d\u0259f\u0259, 20 d\u0259f\u0259 art\u0131qd\u0131r. Biz bu \u00e7aylar\u0131 t\u0259mizl\u0259y\u0259c\u0259yik v\u0259 burada da\u011f-m\u0259d\u0259n s\u0259nayesi inki\u015faf ed\u0259c\u0259k. Vejn\u0259li q\u0131z\u0131l yata\u011f\u0131n\u0131 erm\u0259nil\u0259r xarici \u015firk\u0259tl\u0259rl\u0259 birlikd\u0259 qanunsuz olaraq istismar edirdil\u0259r. O xarici \u015firk\u0259tl\u0259rin m\u0259hk\u0259m\u0259y\u0259 verilm\u0259si prosesin\u0259 start verdik, yax\u0131n g\u0259l\u0259c\u0259kd\u0259 e\u015fid\u0259c\u0259ksiniz. Onlar\u0131n bu i\u015fd\u0259n boyun qa\u00e7\u0131rmaq c\u0259hdl\u0259ri dem\u0259k olar ki, imkans\u0131zd\u0131r. \u00c7\u00fcnki h\u0259r \u015fey g\u00f6z qaba\u011f\u0131ndad\u0131r. Ba\u015fqa \u00f6lk\u0259nin \u0259razisind\u0259 qanunsuz i\u015fl\u0259r g\u00f6r\u00fcb, buradan q\u0131z\u0131l\u0131 qanunsuz olaraq da\u015f\u0131y\u0131b v\u0259 d\u00fcnya bazarlar\u0131nda sat\u0131b. Biz onlarla \u0259lbir olanlar\u0131 da m\u0259suliyy\u0259t\u0259 c\u0259lb ed\u0259c\u0259yik. Beyn\u0259lxalq h\u00fcquq\u015f\u00fcnaslar\u0131 da c\u0259lb etdik.<\/p>\n<p>Art\u0131q turizm, k\u0259nd t\u0259s\u0259rr\u00fcfat\u0131, n\u0259qliyyat, logistika, \u0259traf m\u00fchitin qorunmas\u0131 v\u0259 \u0259lb\u0259tt\u0259 ki, insanlar \u00fc\u00e7\u00fcn \u015f\u0259raitin yarad\u0131lmas\u0131 istiqam\u0259tind\u0259 i\u015fl\u0259r g\u00f6r\u00fcl\u00fcr. \u0130ndi A\u011fal\u0131 k\u0259ndi in\u015fa edilir, Z\u0259ngilan \u015f\u0259h\u0259rinin ba\u015f plan\u0131 t\u0259sdiq olunandan sonra burada da in\u015faat i\u015fl\u0259rin\u0259 start ver\u0259c\u0259yik. Z\u0259ngilan \u00f6lk\u0259 \u00fczr\u0259 \u00e7ox m\u00fcasir v\u0259 b\u00f6y\u00fck \u0259h\u0259miyy\u0259t\u0259 malik olan b\u00f6lg\u0259y\u0259 \u00e7evril\u0259c\u0259kdir. \u015e\u00fcbh\u0259m yoxdur, bunu sizinl\u0259 birlikd\u0259 ed\u0259c\u0259yik v\u0259 sizin d\u0259 m\u0259sl\u0259h\u0259tiniz\u0259 ehtiyac olacaq. Ona g\u00f6r\u0259 ki, ba\u015f plan t\u0259qdim olunandan sonra g\u0259r\u0259k ictimaiyy\u0259t d\u0259 \u00f6z fikrini desin. \u00c7\u00fcnki siz &#8211; burada ya\u015fam\u0131\u015f insanlar yax\u015f\u0131 bilirsiniz, harada n\u0259 olub. Y\u0259qin ki, siz d\u0259 bu da\u011f\u0131nt\u0131lar\u0131 g\u00f6r\u00fcb yad\u0131n\u0131za sal\u0131rs\u0131n\u0131z ki, burada n\u0259 olub&#8221;.<\/p>\n","protected":false},"excerpt":{"rendered":"<p>Z\u0259ngilan \u00f6lk\u0259mizin n\u0259qliyyat-logistika m\u0259rk\u0259zin\u0259 \u00e7evril\u0259c\u0259k. ARANTV.AZ\u00a0 AZ\u018fRTAC-a istinad\u0259n bildirir ki,\u00a0bunu Az\u0259rbaycan Prezidenti \u0130lham \u018fliyev Z\u0259ngilan rayon ictimaiyy\u0259tinin n\u00fcmay\u0259nd\u0259l\u0259ri il\u0259 g\u00f6r\u00fc\u015f\u00fcnd\u0259 bildirib. D\u00f6vl\u0259t ba\u015f\u00e7\u0131s\u0131 qeyd edib: &#8220;Bu, ham\u0131m\u0131z\u0131n q\u0259l\u0259b\u0259sidir, Az\u0259rbaycan xalq\u0131n\u0131n q\u0259l\u0259b\u0259sidir. \u00c7\u00fcnki xalq\u0131m\u0131z i\u015f\u011fal d\u00f6vr\u00fcnd\u0259 \u0259yilm\u0259di, v\u0259ziyy\u0259tl\u0259 bar\u0131\u015fmad\u0131, \u00f6z do\u011fma torpaqlar\u0131n\u0131 unutmad\u0131. H\u0259tta bu torpaqlar\u0131 g\u00f6rm\u0259y\u0259n g\u0259ncl\u0259r d\u0259 bu torpaqlar\u0131n azad edilm\u0259si e\u015fqi il\u0259 ya\u015fam\u0131\u015flar v\u0259 \u00f6l\u00fcm\u0259 ged\u0259n d\u0259 m\u0259hz onlar oldu. Birinci s\u0131rada ged\u0259n m\u0259hz o u\u015faqlar idi ki, i\u015f\u011faldan sonra d\u00fcnyaya g\u0259libl\u0259r v\u0259 b\u0259lk\u0259 d\u0259 i\u015f\u011fal d\u00f6vr\u00fcnd\u0259 onlar\u0131n 5-10 ya\u015f\u0131 var idi. Y\u0259ni, bu, onu g\u00f6st\u0259rir ki, xalq\u0131m\u0131z&hellip;<\/p>\n","protected":false},"author":2,"featured_media":393701,"comment_status":"closed","ping_status":"closed","sticky":false,"template":"","format":"standard","meta":{"om_disable_all_campaigns":false,"_monsterinsights_skip_tracking":false,"_monsterinsights_sitenote_active":false,"_monsterinsights_sitenote_note":"","_monsterinsights_sitenote_category":0},"categories":[4],"tags":[],"aioseo_notices":[],"gutentor_comment":0,"rttpg_featured_image_url":{"full":["https:\/\/arantv.az\/wp-content\/uploads\/2021\/10\/989280-1.jpg",931,669,false],"landscape":["https:\/\/arantv.az\/wp-content\/uploads\/2021\/10\/989280-1.jpg",931,669,false],"portraits":["https:\/\/arantv.az\/wp-content\/uploads\/2021\/10\/989280-1.jpg",931,669,false],"thumbnail":["https:\/\/arantv.az\/wp-content\/uploads\/2021\/10\/989280-1-500x280.jpg",500,280,true],"medium":["https:\/\/arantv.az\/wp-content\/uploads\/2021\/10\/989280-1-508x365.jpg",508,365,true],"large":["https:\/\/arantv.az\/wp-content\/uploads\/2021\/10\/989280-1-840x604.jpg",640,460,true],"1536x1536":["https:\/\/arantv.az\/wp-content\/uploads\/2021\/10\/989280-1.jpg",931,669,false],"2048x2048":["https:\/\/arantv.az\/wp-content\/uploads\/2021\/10\/989280-1.jpg",931,669,false],"post-thumbnail":["https:\/\/arantv.az\/wp-content\/uploads\/2021\/10\/989280-1-240x172.jpg",240,172,true],"advps-thumb-one":["https:\/\/arantv.az\/wp-content\/uploads\/2021\/10\/989280-1-931x620.jpg",931,620,true]},"rttpg_author":{"display_name":"V\u00fcsal Rafiqo\u011flu","author_link":"https:\/\/arantv.az\/?author=2"},"rttpg_comment":0,"rttpg_category":"<a href=\"https:\/\/arantv.az\/?cat=4\" rel=\"category\">Siyas\u0259t<\/a>","rttpg_excerpt":"Z\u0259ngilan \u00f6lk\u0259mizin n\u0259qliyyat-logistika m\u0259rk\u0259zin\u0259 \u00e7evril\u0259c\u0259k. ARANTV.AZ\u00a0 AZ\u018fRTAC-a istinad\u0259n bildirir ki,\u00a0bunu Az\u0259rbaycan Prezidenti \u0130lham \u018fliyev Z\u0259ngilan rayon ictimaiyy\u0259tinin n\u00fcmay\u0259nd\u0259l\u0259ri il\u0259 g\u00f6r\u00fc\u015f\u00fcnd\u0259 bildirib. D\u00f6vl\u0259t ba\u015f\u00e7\u0131s\u0131 qeyd edib: &#8220;Bu, ham\u0131m\u0131z\u0131n q\u0259l\u0259b\u0259sidir, Az\u0259rbaycan xalq\u0131n\u0131n q\u0259l\u0259b\u0259sidir. \u00c7\u00fcnki xalq\u0131m\u0131z i\u015f\u011fal d\u00f6vr\u00fcnd\u0259 \u0259yilm\u0259di, v\u0259ziyy\u0259tl\u0259 bar\u0131\u015fmad\u0131, \u00f6z do\u011fma torpaqlar\u0131n\u0131 unutmad\u0131. H\u0259tta bu torpaqlar\u0131 g\u00f6rm\u0259y\u0259n g\u0259ncl\u0259r d\u0259 bu torpaqlar\u0131n azad edilm\u0259si e\u015fqi il\u0259 ya\u015fam\u0131\u015flar&hellip;","_links":{"self":[{"href":"https:\/\/arantv.az\/index.php?rest_route=\/wp\/v2\/posts\/393699"}],"collection":[{"href":"https:\/\/arantv.az\/index.php?rest_route=\/wp\/v2\/posts"}],"about":[{"href":"https:\/\/arantv.az\/index.php?rest_route=\/wp\/v2\/types\/post"}],"author":[{"embeddable":true,"href":"https:\/\/arantv.az\/index.php?rest_route=\/wp\/v2\/users\/2"}],"replies":[{"embeddable":true,"href":"https:\/\/arantv.az\/index.php?rest_route=%2Fwp%2Fv2%2Fcomments&post=393699"}],"version-history":[{"count":0,"href":"https:\/\/arantv.az\/index.php?rest_route=\/wp\/v2\/posts\/393699\/revisions"}],"wp:featuredmedia":[{"embeddable":true,"href":"https:\/\/arantv.az\/index.php?rest_route=\/wp\/v2\/media\/393701"}],"wp:attachment":[{"href":"https:\/\/arantv.az\/index.php?rest_route=%2Fwp%2Fv2%2Fmedia&parent=393699"}],"wp:term":[{"taxonomy":"category","embeddable":true,"href":"https:\/\/arantv.az\/index.php?rest_route=%2Fwp%2Fv2%2Fcategories&post=393699"},{"taxonomy":"post_tag","embeddable":true,"href":"https:\/\/arantv.az\/index.php?rest_route=%2Fwp%2Fv2%2Ftags&post=393699"}],"curies":[{"name":"wp","href":"https:\/\/api.w.org\/{rel}","templated":true}]}}