{"id":393708,"date":"2021-10-21T16:15:22","date_gmt":"2021-10-21T13:15:22","guid":{"rendered":"http:\/\/arantv.az\/?p=393708"},"modified":"2021-10-21T16:15:22","modified_gmt":"2021-10-21T13:15:22","slug":"az%c9%99rbaycanda-s%c9%99hid-mayorun-xanimi-%c9%99rinin-il-m%c9%99rasimin%c9%99-ged%c9%99rk%c9%99n-q%c9%99zada-oldu-yenil%c9%99nib","status":"publish","type":"post","link":"https:\/\/arantv.az\/?p=393708","title":{"rendered":"Az\u0259rbaycanda \u015f\u0259hid mayorun xan\u0131m\u0131 \u0259rinin il m\u0259rasimin\u0259 ged\u0259rk\u0259n q\u0259zada \u00f6ld\u00fc &#8211; YEN\u0130L\u018fN\u0130B"},"content":{"rendered":"<p>K\u00fcrd\u0259mir-Z\u0259rdab yolunda ba\u015f vermi\u015f q\u0259zada yaralananlar aras\u0131nda\u00a0\u015f\u0259hid mayor\u00a0R\u0259him H\u00fcseynovun ki\u00e7ik o\u011flu da olub.<\/p>\n<p>\u015e\u0259hidin ail\u0259sind\u0259n\u00a0Oxu.Az-a veril\u0259n m\u0259lumata g\u00f6r\u0259, G\u00fcnel \u018fl\u0259sg\u0259rova ki\u00e7ik o\u011flu Fikr\u0259t R\u0259himovla birlikd\u0259 Z\u0259rdaba R.H\u00fcseynovun il m\u0259rasimin\u0259 g\u0259lirmi\u015f:<\/p>\n<p>\u201cG.\u018fl\u0259sg\u0259rova il\u0259 R.\u018fl\u0259sg\u0259rovun \u00fc\u00e7 o\u011ful \u00f6vlad\u0131 var. Onlardan \u0259n ki\u00e7iyi q\u0259za zaman\u0131 anas\u0131n\u0131n yan\u0131nda olub. Hadis\u0259 zaman\u0131 m\u00fcxt\u0259lif d\u0259r\u0259c\u0259li x\u0259sar\u0259tl\u0259r al\u0131b. Haz\u0131rda h\u0259kim n\u0259zar\u0259tind\u0259dir. Yax\u0131n zamanda ev\u0259 burax\u0131lacaq\u201d.<\/p>\n<div id=\"AdviadNativeVideo0\" class=\"AdviadNativeVideo\"><\/div>\n<p><strong>16:42<\/strong><\/p>\n<p>K\u00fcrd\u0259mir rayonunda \u00f6l\u00fcml\u0259 n\u0259tic\u0259l\u0259n\u0259n yol q\u0259zas\u0131 ba\u015f verib.<\/p>\n<p><strong>ARANTV.AZ <\/strong>\u00a0x\u0259b\u0259r verir ki, hadis\u0259 K\u00fcrd\u0259mir-Z\u0259rdab yolunun rayonun \u015e\u00fc\u015f\u00fcn k\u0259ndind\u0259n ke\u00e7\u0259n hiss\u0259sind\u0259 qeyd\u0259 al\u0131n\u0131b.<\/p>\n<p>Hadis\u0259 zaman\u0131 avtomobild\u0259 olan 35 ya\u015fl\u0131 \u018fl\u0259sg\u0259rova G\u00fcnel \u0130nqilab q\u0131z\u0131 v\u0259 38 ya\u015fl\u0131 Ta\u011f\u0131yev Emin A\u011famir o\u011flu hadis\u0259 yerind\u0259c\u0259 d\u00fcnyas\u0131n\u0131 d\u0259yi\u015fib, bir n\u0259f\u0259rin is\u0259 x\u0259sar\u0259t ald\u0131\u011f\u0131, Z\u0259rdab rayonundak\u0131 x\u0259st\u0259xanaya\u00a0apar\u0131ld\u0131\u011f\u0131 bildirilir.<\/p>\n<p>\u00d6l\u0259nl\u0259rin meyitl\u0259ri m\u00fcayin\u0259 olunmas\u0131 \u00fc\u00e7\u00fcn S\u0259hiyy\u0259 Nazirliyinin M\u0259hk\u0259m\u0259 Tibbi Ekspertizas\u0131 v\u0259 Pataloji Anatomiya Birliyinin K\u00fcrd\u0259mir Rayon \u015e\u00f6b\u0259sin\u0259 apar\u0131l\u0131b.<\/p>\n<p>Qeyd ed\u0259k ki, hadis\u0259 zaman\u0131 v\u0259fat ed\u0259n G.\u018fl\u0259sg\u0259rova \u015f\u0259hid\u00a0R\u0259him H\u00fcseynovun h\u0259yat yolda\u015f\u0131d\u0131r.<\/p>\n<p>G.\u018fl\u0259sg\u0259rovan\u0131n qay\u0131nanas\u0131 hadis\u0259 il\u0259 ba\u011fl\u0131\u00a0Oxu.Az-a a\u00e7\u0131qlamas\u0131nda m\u0259lumat\u0131 t\u0259sdiq edib. O bildirib ki, g\u0259lini \u00f6t\u0259n g\u00fcn \u015f\u0259hid R.H\u00fcseynov \u00fc\u00e7\u00fcn K\u00fcrd\u0259mird\u0259 il m\u0259rasimi verdikd\u0259n sonra Z\u0259rdaba g\u0259lirmi\u015f:<\/p>\n<p>\u201cBu g\u00fcn Z\u0259rdabda da R\u0259him \u00fc\u00e7\u00fcn il m\u0259rasimi ke\u00e7iril\u0259c\u0259kdi. Bir az olar e\u015fitmi\u015fik ki, yolda q\u0259zaya d\u00fc\u015f\u00fcbl\u0259r\u201d.<\/p>\n<p>Faktla ba\u011fl\u0131 ara\u015fd\u0131rma apar\u0131l\u0131r.<\/p>\n","protected":false},"excerpt":{"rendered":"<p>K\u00fcrd\u0259mir-Z\u0259rdab yolunda ba\u015f vermi\u015f q\u0259zada yaralananlar aras\u0131nda\u00a0\u015f\u0259hid mayor\u00a0R\u0259him H\u00fcseynovun ki\u00e7ik o\u011flu da olub. \u015e\u0259hidin ail\u0259sind\u0259n\u00a0Oxu.Az-a veril\u0259n m\u0259lumata g\u00f6r\u0259, G\u00fcnel \u018fl\u0259sg\u0259rova ki\u00e7ik o\u011flu Fikr\u0259t R\u0259himovla birlikd\u0259 Z\u0259rdaba R.H\u00fcseynovun il m\u0259rasimin\u0259 g\u0259lirmi\u015f: \u201cG.\u018fl\u0259sg\u0259rova il\u0259 R.\u018fl\u0259sg\u0259rovun \u00fc\u00e7 o\u011ful \u00f6vlad\u0131 var. Onlardan \u0259n ki\u00e7iyi q\u0259za zaman\u0131 anas\u0131n\u0131n yan\u0131nda olub. Hadis\u0259 zaman\u0131 m\u00fcxt\u0259lif d\u0259r\u0259c\u0259li x\u0259sar\u0259tl\u0259r al\u0131b. Haz\u0131rda h\u0259kim n\u0259zar\u0259tind\u0259dir. Yax\u0131n zamanda ev\u0259 burax\u0131lacaq\u201d. 16:42 K\u00fcrd\u0259mir rayonunda \u00f6l\u00fcml\u0259 n\u0259tic\u0259l\u0259n\u0259n yol q\u0259zas\u0131 ba\u015f verib. ARANTV.AZ \u00a0x\u0259b\u0259r verir ki, hadis\u0259 K\u00fcrd\u0259mir-Z\u0259rdab yolunun rayonun \u015e\u00fc\u015f\u00fcn k\u0259ndind\u0259n ke\u00e7\u0259n hiss\u0259sind\u0259 qeyd\u0259 al\u0131n\u0131b. Hadis\u0259 zaman\u0131 avtomobild\u0259 olan 35 ya\u015fl\u0131 \u018fl\u0259sg\u0259rova G\u00fcnel \u0130nqilab&hellip;<\/p>\n","protected":false},"author":2,"featured_media":393709,"comment_status":"closed","ping_status":"closed","sticky":false,"template":"","format":"standard","meta":{"om_disable_all_campaigns":false,"_monsterinsights_skip_tracking":false,"_monsterinsights_sitenote_active":false,"_monsterinsights_sitenote_note":"","_monsterinsights_sitenote_category":0},"categories":[5],"tags":[],"aioseo_notices":[],"gutentor_comment":0,"rttpg_featured_image_url":{"full":["https:\/\/arantv.az\/wp-content\/uploads\/2021\/10\/1634820892_rehim-huseynov.jpg",2100,1600,false],"landscape":["https:\/\/arantv.az\/wp-content\/uploads\/2021\/10\/1634820892_rehim-huseynov.jpg",2100,1600,false],"portraits":["https:\/\/arantv.az\/wp-content\/uploads\/2021\/10\/1634820892_rehim-huseynov.jpg",2100,1600,false],"thumbnail":["https:\/\/arantv.az\/wp-content\/uploads\/2021\/10\/1634820892_rehim-huseynov-500x280.jpg",500,280,true],"medium":["https:\/\/arantv.az\/wp-content\/uploads\/2021\/10\/1634820892_rehim-huseynov-479x365.jpg",479,365,true],"large":["https:\/\/arantv.az\/wp-content\/uploads\/2021\/10\/1634820892_rehim-huseynov-840x640.jpg",640,488,true],"1536x1536":["https:\/\/arantv.az\/wp-content\/uploads\/2021\/10\/1634820892_rehim-huseynov-1536x1170.jpg",1536,1170,true],"2048x2048":["https:\/\/arantv.az\/wp-content\/uploads\/2021\/10\/1634820892_rehim-huseynov-2048x1560.jpg",2048,1560,true],"post-thumbnail":["https:\/\/arantv.az\/wp-content\/uploads\/2021\/10\/1634820892_rehim-huseynov-240x172.jpg",240,172,true],"advps-thumb-one":["https:\/\/arantv.az\/wp-content\/uploads\/2021\/10\/1634820892_rehim-huseynov-1200x620.jpg",1200,620,true]},"rttpg_author":{"display_name":"V\u00fcsal Rafiqo\u011flu","author_link":"https:\/\/arantv.az\/?author=2"},"rttpg_comment":0,"rttpg_category":"<a href=\"https:\/\/arantv.az\/?cat=5\" rel=\"category\">Hadis\u0259<\/a>","rttpg_excerpt":"K\u00fcrd\u0259mir-Z\u0259rdab yolunda ba\u015f vermi\u015f q\u0259zada yaralananlar aras\u0131nda\u00a0\u015f\u0259hid mayor\u00a0R\u0259him H\u00fcseynovun ki\u00e7ik o\u011flu da olub. \u015e\u0259hidin ail\u0259sind\u0259n\u00a0Oxu.Az-a veril\u0259n m\u0259lumata g\u00f6r\u0259, G\u00fcnel \u018fl\u0259sg\u0259rova ki\u00e7ik o\u011flu Fikr\u0259t R\u0259himovla birlikd\u0259 Z\u0259rdaba R.H\u00fcseynovun il m\u0259rasimin\u0259 g\u0259lirmi\u015f: \u201cG.\u018fl\u0259sg\u0259rova il\u0259 R.\u018fl\u0259sg\u0259rovun \u00fc\u00e7 o\u011ful \u00f6vlad\u0131 var. Onlardan \u0259n ki\u00e7iyi q\u0259za zaman\u0131 anas\u0131n\u0131n yan\u0131nda olub. Hadis\u0259 zaman\u0131 m\u00fcxt\u0259lif d\u0259r\u0259c\u0259li x\u0259sar\u0259tl\u0259r al\u0131b. Haz\u0131rda h\u0259kim n\u0259zar\u0259tind\u0259dir. Yax\u0131n&hellip;","_links":{"self":[{"href":"https:\/\/arantv.az\/index.php?rest_route=\/wp\/v2\/posts\/393708"}],"collection":[{"href":"https:\/\/arantv.az\/index.php?rest_route=\/wp\/v2\/posts"}],"about":[{"href":"https:\/\/arantv.az\/index.php?rest_route=\/wp\/v2\/types\/post"}],"author":[{"embeddable":true,"href":"https:\/\/arantv.az\/index.php?rest_route=\/wp\/v2\/users\/2"}],"replies":[{"embeddable":true,"href":"https:\/\/arantv.az\/index.php?rest_route=%2Fwp%2Fv2%2Fcomments&post=393708"}],"version-history":[{"count":0,"href":"https:\/\/arantv.az\/index.php?rest_route=\/wp\/v2\/posts\/393708\/revisions"}],"wp:featuredmedia":[{"embeddable":true,"href":"https:\/\/arantv.az\/index.php?rest_route=\/wp\/v2\/media\/393709"}],"wp:attachment":[{"href":"https:\/\/arantv.az\/index.php?rest_route=%2Fwp%2Fv2%2Fmedia&parent=393708"}],"wp:term":[{"taxonomy":"category","embeddable":true,"href":"https:\/\/arantv.az\/index.php?rest_route=%2Fwp%2Fv2%2Fcategories&post=393708"},{"taxonomy":"post_tag","embeddable":true,"href":"https:\/\/arantv.az\/index.php?rest_route=%2Fwp%2Fv2%2Ftags&post=393708"}],"curies":[{"name":"wp","href":"https:\/\/api.w.org\/{rel}","templated":true}]}}