{"id":393726,"date":"2021-10-21T16:21:12","date_gmt":"2021-10-21T13:21:12","guid":{"rendered":"http:\/\/arantv.az\/?p=393726"},"modified":"2021-10-21T16:21:12","modified_gmt":"2021-10-21T13:21:12","slug":"muharib%c9%99-%c9%99lill%c9%99ri-evl%c9%99rin-alqi-satqisi-zamani-dovl%c9%99t-rusumu-od%c9%99m%c9%99y%c9%99c%c9%99k","status":"publish","type":"post","link":"https:\/\/arantv.az\/?p=393726","title":{"rendered":"M\u00fcharib\u0259 \u0259lill\u0259ri evl\u0259rin alq\u0131-satq\u0131s\u0131 zaman\u0131 d\u00f6vl\u0259t r\u00fcsumu \u00f6d\u0259m\u0259y\u0259c\u0259k"},"content":{"rendered":"<p>Prezident \u0130lham \u018fliyev \u201cD\u00f6vl\u0259t r\u00fcsumu haqq\u0131nda\u201d qanuna d\u0259yi\u015fiklik edilm\u0259si bar\u0259d\u0259 qanunu t\u0259sdiql\u0259yib.<\/p>\n<div id=\"AdviadNativeVideo0\" class=\"AdviadNativeVideo\">\n<div class=\"adviad-inboard\">\n<div>\n<div id=\"teads0\" class=\"adviad-player\"><\/div>\n<\/div>\n<\/div>\n<\/div>\n<p>Bununla ba\u011fl\u0131\u00a0<a href=\"https:\/\/azertag.az\/xeber\/Dovlet_rusumu_haqqinda_Azerbaycan_Respublikasinin_Qanununda_deyisiklik_edilmesi_barede__Azerbaycan_Respublikasinin_Qanunu-1905206\" target=\"_blank\" rel=\"noopener\">AZ\u018fRTAC<\/a>\u00a0m\u0259lumat yay\u0131b.<\/p>\n<p>Qanuna d\u0259yi\u015fiklikl\u0259 m\u00fcharib\u0259 il\u0259 \u0259laq\u0259dar \u0259lilliyi m\u00fc\u0259yy\u0259n edilmi\u015f \u015f\u0259xsl\u0259r m\u0259hk\u0259m\u0259y\u0259 veril\u0259n iddia \u0259riz\u0259l\u0259ri \u00fczr\u0259 v\u0259 m\u0259nzilin (evin) alq\u0131-satq\u0131s\u0131 zaman\u0131 d\u00f6vl\u0259t r\u00fcsumu \u00f6d\u0259m\u0259kd\u0259n azad edilib.<\/p>\n","protected":false},"excerpt":{"rendered":"<p>Prezident \u0130lham \u018fliyev \u201cD\u00f6vl\u0259t r\u00fcsumu haqq\u0131nda\u201d qanuna d\u0259yi\u015fiklik edilm\u0259si bar\u0259d\u0259 qanunu t\u0259sdiql\u0259yib. Bununla ba\u011fl\u0131\u00a0AZ\u018fRTAC\u00a0m\u0259lumat yay\u0131b. Qanuna d\u0259yi\u015fiklikl\u0259 m\u00fcharib\u0259 il\u0259 \u0259laq\u0259dar \u0259lilliyi m\u00fc\u0259yy\u0259n edilmi\u015f \u015f\u0259xsl\u0259r m\u0259hk\u0259m\u0259y\u0259 veril\u0259n iddia \u0259riz\u0259l\u0259ri \u00fczr\u0259 v\u0259 m\u0259nzilin (evin) alq\u0131-satq\u0131s\u0131 zaman\u0131 d\u00f6vl\u0259t r\u00fcsumu \u00f6d\u0259m\u0259kd\u0259n azad edilib.<\/p>\n","protected":false},"author":2,"featured_media":393727,"comment_status":"closed","ping_status":"closed","sticky":false,"template":"","format":"standard","meta":{"om_disable_all_campaigns":false,"_monsterinsights_skip_tracking":false,"_monsterinsights_sitenote_active":false,"_monsterinsights_sitenote_note":"","_monsterinsights_sitenote_category":0},"categories":[4],"tags":[],"aioseo_notices":[],"gutentor_comment":0,"rttpg_featured_image_url":{"full":["https:\/\/arantv.az\/wp-content\/uploads\/2021\/10\/1594814467-12.jpg",620,413,false],"landscape":["https:\/\/arantv.az\/wp-content\/uploads\/2021\/10\/1594814467-12.jpg",620,413,false],"portraits":["https:\/\/arantv.az\/wp-content\/uploads\/2021\/10\/1594814467-12.jpg",620,413,false],"thumbnail":["https:\/\/arantv.az\/wp-content\/uploads\/2021\/10\/1594814467-12-500x280.jpg",500,280,true],"medium":["https:\/\/arantv.az\/wp-content\/uploads\/2021\/10\/1594814467-12-548x365.jpg",548,365,true],"large":["https:\/\/arantv.az\/wp-content\/uploads\/2021\/10\/1594814467-12.jpg",620,413,false],"1536x1536":["https:\/\/arantv.az\/wp-content\/uploads\/2021\/10\/1594814467-12.jpg",620,413,false],"2048x2048":["https:\/\/arantv.az\/wp-content\/uploads\/2021\/10\/1594814467-12.jpg",620,413,false],"post-thumbnail":["https:\/\/arantv.az\/wp-content\/uploads\/2021\/10\/1594814467-12-240x172.jpg",240,172,true],"advps-thumb-one":["https:\/\/arantv.az\/wp-content\/uploads\/2021\/10\/1594814467-12.jpg",620,413,false]},"rttpg_author":{"display_name":"V\u00fcsal Rafiqo\u011flu","author_link":"https:\/\/arantv.az\/?author=2"},"rttpg_comment":0,"rttpg_category":"<a href=\"https:\/\/arantv.az\/?cat=4\" rel=\"category\">Siyas\u0259t<\/a>","rttpg_excerpt":"Prezident \u0130lham \u018fliyev \u201cD\u00f6vl\u0259t r\u00fcsumu haqq\u0131nda\u201d qanuna d\u0259yi\u015fiklik edilm\u0259si bar\u0259d\u0259 qanunu t\u0259sdiql\u0259yib. Bununla ba\u011fl\u0131\u00a0AZ\u018fRTAC\u00a0m\u0259lumat yay\u0131b. Qanuna d\u0259yi\u015fiklikl\u0259 m\u00fcharib\u0259 il\u0259 \u0259laq\u0259dar \u0259lilliyi m\u00fc\u0259yy\u0259n edilmi\u015f \u015f\u0259xsl\u0259r m\u0259hk\u0259m\u0259y\u0259 veril\u0259n iddia \u0259riz\u0259l\u0259ri \u00fczr\u0259 v\u0259 m\u0259nzilin (evin) alq\u0131-satq\u0131s\u0131 zaman\u0131 d\u00f6vl\u0259t r\u00fcsumu \u00f6d\u0259m\u0259kd\u0259n azad edilib.","_links":{"self":[{"href":"https:\/\/arantv.az\/index.php?rest_route=\/wp\/v2\/posts\/393726"}],"collection":[{"href":"https:\/\/arantv.az\/index.php?rest_route=\/wp\/v2\/posts"}],"about":[{"href":"https:\/\/arantv.az\/index.php?rest_route=\/wp\/v2\/types\/post"}],"author":[{"embeddable":true,"href":"https:\/\/arantv.az\/index.php?rest_route=\/wp\/v2\/users\/2"}],"replies":[{"embeddable":true,"href":"https:\/\/arantv.az\/index.php?rest_route=%2Fwp%2Fv2%2Fcomments&post=393726"}],"version-history":[{"count":0,"href":"https:\/\/arantv.az\/index.php?rest_route=\/wp\/v2\/posts\/393726\/revisions"}],"wp:featuredmedia":[{"embeddable":true,"href":"https:\/\/arantv.az\/index.php?rest_route=\/wp\/v2\/media\/393727"}],"wp:attachment":[{"href":"https:\/\/arantv.az\/index.php?rest_route=%2Fwp%2Fv2%2Fmedia&parent=393726"}],"wp:term":[{"taxonomy":"category","embeddable":true,"href":"https:\/\/arantv.az\/index.php?rest_route=%2Fwp%2Fv2%2Fcategories&post=393726"},{"taxonomy":"post_tag","embeddable":true,"href":"https:\/\/arantv.az\/index.php?rest_route=%2Fwp%2Fv2%2Ftags&post=393726"}],"curies":[{"name":"wp","href":"https:\/\/api.w.org\/{rel}","templated":true}]}}