{"id":393730,"date":"2021-10-21T16:21:57","date_gmt":"2021-10-21T13:21:57","guid":{"rendered":"http:\/\/arantv.az\/?p=393730"},"modified":"2021-10-21T16:21:57","modified_gmt":"2021-10-21T13:21:57","slug":"s%c9%99hid-ail%c9%99l%c9%99rin%c9%99-yeni-guz%c9%99stl%c9%99r-edil%c9%99c%c9%99k-qanun-d%c9%99yisdi","status":"publish","type":"post","link":"https:\/\/arantv.az\/?p=393730","title":{"rendered":"\u015e\u0259hid ail\u0259l\u0259rin\u0259 yeni g\u00fcz\u0259\u015ftl\u0259r edil\u0259c\u0259k &#8211; QANUN D\u018fY\u0130\u015eD\u0130"},"content":{"rendered":"<p>\u201c\u015e\u0259hid ad\u0131n\u0131n \u0259b\u0259dil\u0259\u015fdirilm\u0259si v\u0259 \u015f\u0259hid ail\u0259l\u0259rin\u0259 edil\u0259n g\u00fcz\u0259\u015ftl\u0259r haqq\u0131nda\u201d Az\u0259rbaycan Respublikas\u0131n\u0131n Qanununda d\u0259yi\u015fiklik edilib.<\/p>\n<p>Bununla ba\u011fl\u0131 qanunu Prezident \u0130lham \u018fliyev\u00a0<a href=\"https:\/\/azertag.az\/xeber\/Sehid_adinin_ebedilesdirilmesi_ve_sehid_ailelerine_edilen_guzestler_haqqinda_Azerbaycan_Respublikasinin_Qanununda_deyisiklik_edilmesi_barede__Azerbaycan_Respublikasinin_Qanunu-1905200\" target=\"_blank\" rel=\"noopener\">t\u0259sdiql\u0259yib<\/a>.<\/p>\n<div id=\"AdviadNativeVideo0\" class=\"AdviadNativeVideo\">\n<div class=\"adviad-inboard\">\n<div>\n<div id=\"teads0\" class=\"adviad-player\"><\/div>\n<\/div>\n<\/div>\n<\/div>\n<p>D\u0259yi\u015fliy\u0259 \u0259sas\u0259n, qanunun \u00fc\u00e7\u00fcnc\u00fc madd\u0259sin\u0259 bu hiss\u0259 \u0259lav\u0259 edilir:<\/p>\n<p>&#8211; sosial i\u015f yerl\u0259rinin v\u0259 i\u015fsiz \u015f\u0259xsl\u0259rin \u00f6z\u00fcn\u00fcm\u0259\u015f\u011fullu\u011funun, habel\u0259 pe\u015f\u0259 haz\u0131rl\u0131\u011f\u0131n\u0131n t\u0259\u015fkili zaman\u0131 onlara \u00fcst\u00fcnl\u00fck verilir.<\/p>\n","protected":false},"excerpt":{"rendered":"<p>\u201c\u015e\u0259hid ad\u0131n\u0131n \u0259b\u0259dil\u0259\u015fdirilm\u0259si v\u0259 \u015f\u0259hid ail\u0259l\u0259rin\u0259 edil\u0259n g\u00fcz\u0259\u015ftl\u0259r haqq\u0131nda\u201d Az\u0259rbaycan Respublikas\u0131n\u0131n Qanununda d\u0259yi\u015fiklik edilib. Bununla ba\u011fl\u0131 qanunu Prezident \u0130lham \u018fliyev\u00a0t\u0259sdiql\u0259yib. D\u0259yi\u015fliy\u0259 \u0259sas\u0259n, qanunun \u00fc\u00e7\u00fcnc\u00fc madd\u0259sin\u0259 bu hiss\u0259 \u0259lav\u0259 edilir: &#8211; sosial i\u015f yerl\u0259rinin v\u0259 i\u015fsiz \u015f\u0259xsl\u0259rin \u00f6z\u00fcn\u00fcm\u0259\u015f\u011fullu\u011funun, habel\u0259 pe\u015f\u0259 haz\u0131rl\u0131\u011f\u0131n\u0131n t\u0259\u015fkili zaman\u0131 onlara \u00fcst\u00fcnl\u00fck verilir.<\/p>\n","protected":false},"author":2,"featured_media":393731,"comment_status":"closed","ping_status":"closed","sticky":false,"template":"","format":"standard","meta":{"om_disable_all_campaigns":false,"_monsterinsights_skip_tracking":false,"_monsterinsights_sitenote_active":false,"_monsterinsights_sitenote_note":"","_monsterinsights_sitenote_category":0},"categories":[4],"tags":[],"aioseo_notices":[],"gutentor_comment":0,"rttpg_featured_image_url":{"full":["https:\/\/arantv.az\/wp-content\/uploads\/2021\/10\/ferman-6.jpg",620,387,false],"landscape":["https:\/\/arantv.az\/wp-content\/uploads\/2021\/10\/ferman-6.jpg",620,387,false],"portraits":["https:\/\/arantv.az\/wp-content\/uploads\/2021\/10\/ferman-6.jpg",620,387,false],"thumbnail":["https:\/\/arantv.az\/wp-content\/uploads\/2021\/10\/ferman-6-500x280.jpg",500,280,true],"medium":["https:\/\/arantv.az\/wp-content\/uploads\/2021\/10\/ferman-6-585x365.jpg",585,365,true],"large":["https:\/\/arantv.az\/wp-content\/uploads\/2021\/10\/ferman-6.jpg",620,387,false],"1536x1536":["https:\/\/arantv.az\/wp-content\/uploads\/2021\/10\/ferman-6.jpg",620,387,false],"2048x2048":["https:\/\/arantv.az\/wp-content\/uploads\/2021\/10\/ferman-6.jpg",620,387,false],"post-thumbnail":["https:\/\/arantv.az\/wp-content\/uploads\/2021\/10\/ferman-6-240x172.jpg",240,172,true],"advps-thumb-one":["https:\/\/arantv.az\/wp-content\/uploads\/2021\/10\/ferman-6.jpg",620,387,false]},"rttpg_author":{"display_name":"V\u00fcsal Rafiqo\u011flu","author_link":"https:\/\/arantv.az\/?author=2"},"rttpg_comment":0,"rttpg_category":"<a href=\"https:\/\/arantv.az\/?cat=4\" rel=\"category\">Siyas\u0259t<\/a>","rttpg_excerpt":"\u201c\u015e\u0259hid ad\u0131n\u0131n \u0259b\u0259dil\u0259\u015fdirilm\u0259si v\u0259 \u015f\u0259hid ail\u0259l\u0259rin\u0259 edil\u0259n g\u00fcz\u0259\u015ftl\u0259r haqq\u0131nda\u201d Az\u0259rbaycan Respublikas\u0131n\u0131n Qanununda d\u0259yi\u015fiklik edilib. Bununla ba\u011fl\u0131 qanunu Prezident \u0130lham \u018fliyev\u00a0t\u0259sdiql\u0259yib. D\u0259yi\u015fliy\u0259 \u0259sas\u0259n, qanunun \u00fc\u00e7\u00fcnc\u00fc madd\u0259sin\u0259 bu hiss\u0259 \u0259lav\u0259 edilir: &#8211; sosial i\u015f yerl\u0259rinin v\u0259 i\u015fsiz \u015f\u0259xsl\u0259rin \u00f6z\u00fcn\u00fcm\u0259\u015f\u011fullu\u011funun, habel\u0259 pe\u015f\u0259 haz\u0131rl\u0131\u011f\u0131n\u0131n t\u0259\u015fkili zaman\u0131 onlara \u00fcst\u00fcnl\u00fck verilir.","_links":{"self":[{"href":"https:\/\/arantv.az\/index.php?rest_route=\/wp\/v2\/posts\/393730"}],"collection":[{"href":"https:\/\/arantv.az\/index.php?rest_route=\/wp\/v2\/posts"}],"about":[{"href":"https:\/\/arantv.az\/index.php?rest_route=\/wp\/v2\/types\/post"}],"author":[{"embeddable":true,"href":"https:\/\/arantv.az\/index.php?rest_route=\/wp\/v2\/users\/2"}],"replies":[{"embeddable":true,"href":"https:\/\/arantv.az\/index.php?rest_route=%2Fwp%2Fv2%2Fcomments&post=393730"}],"version-history":[{"count":0,"href":"https:\/\/arantv.az\/index.php?rest_route=\/wp\/v2\/posts\/393730\/revisions"}],"wp:featuredmedia":[{"embeddable":true,"href":"https:\/\/arantv.az\/index.php?rest_route=\/wp\/v2\/media\/393731"}],"wp:attachment":[{"href":"https:\/\/arantv.az\/index.php?rest_route=%2Fwp%2Fv2%2Fmedia&parent=393730"}],"wp:term":[{"taxonomy":"category","embeddable":true,"href":"https:\/\/arantv.az\/index.php?rest_route=%2Fwp%2Fv2%2Fcategories&post=393730"},{"taxonomy":"post_tag","embeddable":true,"href":"https:\/\/arantv.az\/index.php?rest_route=%2Fwp%2Fv2%2Ftags&post=393730"}],"curies":[{"name":"wp","href":"https:\/\/api.w.org\/{rel}","templated":true}]}}