{"id":395483,"date":"2021-10-26T09:34:00","date_gmt":"2021-10-26T06:34:00","guid":{"rendered":"http:\/\/arantv.az\/?p=395483"},"modified":"2021-10-26T09:34:00","modified_gmt":"2021-10-26T06:34:00","slug":"23-yasli-prezident-t%c9%99qaudcusu-prezidentl%c9%99-unudulmaz-gorusund%c9%99n-danisdi","status":"publish","type":"post","link":"https:\/\/arantv.az\/?p=395483","title":{"rendered":"23 ya\u015fl\u0131 Prezident t\u0259qa\u00fcd\u00e7\u00fcs\u00fc Prezidentl\u0259 unudulmaz g\u00f6r\u00fc\u015f\u00fcnd\u0259n dan\u0131\u015fd\u0131"},"content":{"rendered":"<p>Az\u0259rbaycan D\u00f6vl\u0259t Akademik Musiqili Teatr\u0131n\u0131n orkestr artisti, dirijor assistenti, Prezident t\u0259qa\u00fcd\u00e7\u00fcs\u00fc, ad\u0131 Az\u0259rbaycan\u0131n g\u0259nc istedadlar\u0131n\u0131n &#8220;Q\u0131z\u0131l kitab\u0131&#8221;na yaz\u0131lan Atab\u0259y \u0130smay\u0131lov bu yax\u0131nlarda \u00f6lk\u0259 ba\u015f\u00e7\u0131s\u0131 \u0130lham \u018fliyev v\u0259 birinci xan\u0131m Mehriban \u018fliyevan\u0131n F\u00fczuliy\u0259 s\u0259f\u0259ri \u00e7\u0259r\u00e7iv\u0259sind\u0259 t\u0259\u015fkil olunan g\u00f6r\u00fc\u015fl\u0259rd\u0259 i\u015ftirak edib.<\/p>\n<p>He\u00e7 vaxt \u00fcz\u00fcn\u00fc g\u00f6rm\u0259diyi d\u0259d\u0259-baba torpaqlar\u0131na ilk d\u0259f\u0259 ayaq basan g\u0259nc musiqi\u00e7i orada ya\u015fad\u0131\u011f\u0131 unudulmaz t\u0259\u0259ss\u00fcratlar\u0131n\u0131 biziml\u0259 b\u00f6l\u00fc\u015f\u00fcb:<\/p>\n<p>&#8220;O q\u0259d\u0259r m\u00f6ht\u0259\u015f\u0259m hissl\u0259rdir ki, s\u00f6zl\u0259 ifad\u0259 etm\u0259kd\u0259 \u00e7\u0259tinlik \u00e7\u0259kir\u0259m. Aradan bir ne\u00e7\u0259 g\u00fcn ke\u00e7m\u0259sin\u0259 baxmayaraq, h\u0259l\u0259 d\u0259 el\u0259 bilir\u0259m o m\u00fcq\u0259dd\u0259s torpaqlardayam. Ali Ba\u015f Komandan\u0131n r\u0259hb\u0259rliyi v\u0259 rayon ictimaiyy\u0259tinin say\u0131l\u0131b-se\u00e7il\u0259n n\u00fcmay\u0259nd\u0259l\u0259rinin d\u0259v\u0259t olundu\u011fu g\u00f6r\u00fc\u015fd\u0259 i\u015ftirak\u0131m m\u0259n\u0259 sonsuz q\u00fcrur verirdi.<br \/>\n\u018fslimiz F\u00fczulinin Qarakollu k\u0259ndind\u0259n olsa da, 1998-ci ilin 16 oktyabr\u0131nda Horadiz q\u0259s\u0259b\u0259sind\u0259 anadan olmu\u015fam. M\u0259n d\u00fcnyaya g\u0259l\u0259nd\u0259 art\u0131q valideynl\u0259rim m\u0259cburi k\u00f6\u00e7k\u00fcn idil\u0259r, sonra is\u0259 tale el\u0259 g\u0259tirib ki, ail\u0259likc\u0259 Bak\u0131da m\u0259skunla\u015fm\u0131\u015f\u0131q.<\/p>\n<p>F\u00fczuli rayonu V\u0259t\u0259n m\u00fcharib\u0259sinin ilk g\u00fcnl\u0259rind\u0259n son g\u00fcnl\u0259rin\u0259d\u0259k g\u0259rgin d\u00f6y\u00fc\u015fl\u0259rin apar\u0131ld\u0131\u011f\u0131 rayonlardan olub. Lakin\u00a0 h\u0259mi\u015f\u0259 b\u00f6y\u00fck \u00fcmidl\u0259 yana\u015fm\u0131\u015fam ki, bir g\u00fcn g\u0259l\u0259c\u0259k torpaqlar\u0131m\u0131z i\u015f\u011faldan azad olunacaq. Biz Z\u0259f\u0259r salnam\u0259mizi \u00f6z g\u00f6zl\u0259rimizl\u0259 g\u00f6rd\u00fck. H\u0259min g\u00fcn g\u0259ldi v\u0259 art\u0131q o g\u00fcnl\u0259rd\u0259n bir il ke\u00e7ib. \u00d6t\u0259n h\u0259ft\u0259 23 ya\u015f\u0131m\u0131n tamam\u0131nda sanki yenid\u0259n do\u011fuldum&#8230;Biz qalib xalq\u0131q. Bunu d\u0259rk etm\u0259k v\u0259 m\u0259suliyy\u0259tini \u00e7iyinl\u0259rimizd\u0259 da\u015f\u0131maq kimi m\u00fcq\u0259dd\u0259s borcumuz var. Qalib bir \u00f6lk\u0259nin v\u0259t\u0259nda\u015f\u0131 olaraq, f\u0259xr edir\u0259m ki, m\u0259n az\u0259rbaycanl\u0131yam. Ali Ba\u015f Komandan\u0131n dediyi kimi, d\u0259mir yumru\u011fumuz t\u0259kc\u0259 d\u00fc\u015fm\u0259nin ba\u015f\u0131n\u0131 \u0259zmir, onun r\u0259mzi m\u0259nas\u0131 h\u0259m d\u0259 h\u0259mr\u0259ylimizi ifad\u0259 edir. Prezidentimizin siyasi \u0259zmi, ordumuzun y\u00fcks\u0259k pe\u015f\u0259kar haz\u0131rl\u0131\u011f\u0131 bizi o do\u011fma yurd yerl\u0259rin\u0259 qovu\u015fdurdu. Bu yolda ne\u00e7\u0259-ne\u00e7\u0259 igidl\u0259rimiz canlar\u0131n\u0131 f\u0259da etdil\u0259r, amma bir add\u0131m da olsa geri \u00e7\u0259kilm\u0259dil\u0259r. \u0130\u015f yolda\u015f\u0131m, teatr\u0131m\u0131z\u0131n i\u015f\u0131q\u00e7\u0131s\u0131, \u015f\u0259hid dostum \u018flia\u011fa M\u0259mm\u0259dov kimi o\u011fullar\u0131n say\u0259sind\u0259 biz arzular\u0131m\u0131za \u00e7atd\u0131q. Allah c\u0259mi \u015f\u0259hidl\u0259rimiz\u0259 r\u0259hm\u0259t el\u0259sin! Qazil\u0259rimiz\u0259, m\u00fcz\u0259ff\u0259r Ali Ba\u015f Komandan\u0131m\u0131za cansa\u011fl\u0131\u011f\u0131 arzulay\u0131ram&#8221;, &#8211; dey\u0259 Atab\u0259y \u0130smay\u0131lov vur\u011fulay\u0131b.<\/p>\n","protected":false},"excerpt":{"rendered":"<p>Az\u0259rbaycan D\u00f6vl\u0259t Akademik Musiqili Teatr\u0131n\u0131n orkestr artisti, dirijor assistenti, Prezident t\u0259qa\u00fcd\u00e7\u00fcs\u00fc, ad\u0131 Az\u0259rbaycan\u0131n g\u0259nc istedadlar\u0131n\u0131n &#8220;Q\u0131z\u0131l kitab\u0131&#8221;na yaz\u0131lan Atab\u0259y \u0130smay\u0131lov bu yax\u0131nlarda \u00f6lk\u0259 ba\u015f\u00e7\u0131s\u0131 \u0130lham \u018fliyev v\u0259 birinci xan\u0131m Mehriban \u018fliyevan\u0131n F\u00fczuliy\u0259 s\u0259f\u0259ri \u00e7\u0259r\u00e7iv\u0259sind\u0259 t\u0259\u015fkil olunan g\u00f6r\u00fc\u015fl\u0259rd\u0259 i\u015ftirak edib. He\u00e7 vaxt \u00fcz\u00fcn\u00fc g\u00f6rm\u0259diyi d\u0259d\u0259-baba torpaqlar\u0131na ilk d\u0259f\u0259 ayaq basan g\u0259nc musiqi\u00e7i orada ya\u015fad\u0131\u011f\u0131 unudulmaz t\u0259\u0259ss\u00fcratlar\u0131n\u0131 biziml\u0259 b\u00f6l\u00fc\u015f\u00fcb: &#8220;O q\u0259d\u0259r m\u00f6ht\u0259\u015f\u0259m hissl\u0259rdir ki, s\u00f6zl\u0259 ifad\u0259 etm\u0259kd\u0259 \u00e7\u0259tinlik \u00e7\u0259kir\u0259m. Aradan bir ne\u00e7\u0259 g\u00fcn ke\u00e7m\u0259sin\u0259 baxmayaraq, h\u0259l\u0259 d\u0259 el\u0259 bilir\u0259m o m\u00fcq\u0259dd\u0259s torpaqlardayam. Ali Ba\u015f Komandan\u0131n r\u0259hb\u0259rliyi v\u0259 rayon ictimaiyy\u0259tinin say\u0131l\u0131b-se\u00e7il\u0259n n\u00fcmay\u0259nd\u0259l\u0259rinin d\u0259v\u0259t&hellip;<\/p>\n","protected":false},"author":2,"featured_media":395484,"comment_status":"closed","ping_status":"closed","sticky":false,"template":"","format":"standard","meta":{"om_disable_all_campaigns":false,"_monsterinsights_skip_tracking":false,"_monsterinsights_sitenote_active":false,"_monsterinsights_sitenote_note":"","_monsterinsights_sitenote_category":0},"categories":[1],"tags":[],"aioseo_notices":[],"gutentor_comment":0,"rttpg_featured_image_url":{"full":["https:\/\/arantv.az\/wp-content\/uploads\/2021\/10\/37895906.jpg",750,499,false],"landscape":["https:\/\/arantv.az\/wp-content\/uploads\/2021\/10\/37895906.jpg",750,499,false],"portraits":["https:\/\/arantv.az\/wp-content\/uploads\/2021\/10\/37895906.jpg",750,499,false],"thumbnail":["https:\/\/arantv.az\/wp-content\/uploads\/2021\/10\/37895906-500x280.jpg",500,280,true],"medium":["https:\/\/arantv.az\/wp-content\/uploads\/2021\/10\/37895906-549x365.jpg",549,365,true],"large":["https:\/\/arantv.az\/wp-content\/uploads\/2021\/10\/37895906.jpg",640,426,false],"1536x1536":["https:\/\/arantv.az\/wp-content\/uploads\/2021\/10\/37895906.jpg",750,499,false],"2048x2048":["https:\/\/arantv.az\/wp-content\/uploads\/2021\/10\/37895906.jpg",750,499,false],"post-thumbnail":["https:\/\/arantv.az\/wp-content\/uploads\/2021\/10\/37895906-240x172.jpg",240,172,true],"advps-thumb-one":["https:\/\/arantv.az\/wp-content\/uploads\/2021\/10\/37895906.jpg",750,499,false]},"rttpg_author":{"display_name":"V\u00fcsal Rafiqo\u011flu","author_link":"https:\/\/arantv.az\/?author=2"},"rttpg_comment":0,"rttpg_category":"<a href=\"https:\/\/arantv.az\/?cat=1\" rel=\"category\">C\u0259miyy\u0259t<\/a>","rttpg_excerpt":"Az\u0259rbaycan D\u00f6vl\u0259t Akademik Musiqili Teatr\u0131n\u0131n orkestr artisti, dirijor assistenti, Prezident t\u0259qa\u00fcd\u00e7\u00fcs\u00fc, ad\u0131 Az\u0259rbaycan\u0131n g\u0259nc istedadlar\u0131n\u0131n &#8220;Q\u0131z\u0131l kitab\u0131&#8221;na yaz\u0131lan Atab\u0259y \u0130smay\u0131lov bu yax\u0131nlarda \u00f6lk\u0259 ba\u015f\u00e7\u0131s\u0131 \u0130lham \u018fliyev v\u0259 birinci xan\u0131m Mehriban \u018fliyevan\u0131n F\u00fczuliy\u0259 s\u0259f\u0259ri \u00e7\u0259r\u00e7iv\u0259sind\u0259 t\u0259\u015fkil olunan g\u00f6r\u00fc\u015fl\u0259rd\u0259 i\u015ftirak edib. He\u00e7 vaxt \u00fcz\u00fcn\u00fc g\u00f6rm\u0259diyi d\u0259d\u0259-baba torpaqlar\u0131na ilk d\u0259f\u0259 ayaq basan g\u0259nc musiqi\u00e7i orada ya\u015fad\u0131\u011f\u0131 unudulmaz t\u0259\u0259ss\u00fcratlar\u0131n\u0131&hellip;","_links":{"self":[{"href":"https:\/\/arantv.az\/index.php?rest_route=\/wp\/v2\/posts\/395483"}],"collection":[{"href":"https:\/\/arantv.az\/index.php?rest_route=\/wp\/v2\/posts"}],"about":[{"href":"https:\/\/arantv.az\/index.php?rest_route=\/wp\/v2\/types\/post"}],"author":[{"embeddable":true,"href":"https:\/\/arantv.az\/index.php?rest_route=\/wp\/v2\/users\/2"}],"replies":[{"embeddable":true,"href":"https:\/\/arantv.az\/index.php?rest_route=%2Fwp%2Fv2%2Fcomments&post=395483"}],"version-history":[{"count":0,"href":"https:\/\/arantv.az\/index.php?rest_route=\/wp\/v2\/posts\/395483\/revisions"}],"wp:featuredmedia":[{"embeddable":true,"href":"https:\/\/arantv.az\/index.php?rest_route=\/wp\/v2\/media\/395484"}],"wp:attachment":[{"href":"https:\/\/arantv.az\/index.php?rest_route=%2Fwp%2Fv2%2Fmedia&parent=395483"}],"wp:term":[{"taxonomy":"category","embeddable":true,"href":"https:\/\/arantv.az\/index.php?rest_route=%2Fwp%2Fv2%2Fcategories&post=395483"},{"taxonomy":"post_tag","embeddable":true,"href":"https:\/\/arantv.az\/index.php?rest_route=%2Fwp%2Fv2%2Ftags&post=395483"}],"curies":[{"name":"wp","href":"https:\/\/api.w.org\/{rel}","templated":true}]}}