{"id":395486,"date":"2021-10-26T09:34:58","date_gmt":"2021-10-26T06:34:58","guid":{"rendered":"http:\/\/arantv.az\/?p=395486"},"modified":"2021-10-26T09:34:58","modified_gmt":"2021-10-26T06:34:58","slug":"polis-idar%c9%99sind%c9%99n-silah-ogurlayan-polis-%c9%99m%c9%99kdaslarinin-m%c9%99hk%c9%99m%c9%99si-basladi","status":"publish","type":"post","link":"https:\/\/arantv.az\/?p=395486","title":{"rendered":"Polis \u0130dar\u0259sind\u0259n silah o\u011furlayan polis \u0259m\u0259kda\u015flar\u0131n\u0131n m\u0259hk\u0259m\u0259si ba\u015flad\u0131"},"content":{"rendered":"<p><strong>Bak\u0131 A\u011f\u0131r Cinay\u0259tl\u0259r M\u0259hk\u0259m\u0259sind\u0259 Sabun\u00e7u rayon Polis \u0130dar\u0259sind\u0259n silah o\u011furlamaqda t\u0259qsirl\u0259ndiril\u0259n sabiq polis \u0259m\u0259kda\u015flar\u0131 Musa Allahverdiyev v\u0259 Elxan Mustafayevin i\u015fi \u00fczr\u0259 m\u0259hk\u0259m\u0259 prosesi ke\u00e7irilib.<\/strong><\/p>\n<p><strong>ARANTV.AZ\u00a0<\/strong> <a href=\"https:\/\/az.trend.az\/\" target=\"_blank\" rel=\"noopener\">Trend<\/a>-\u0259 istinad\u0259n bildirir ki,\u00a0prosesd\u0259 ittiham akt\u0131 elan olunub. T\u0259qsirl\u0259ndiril\u0259n \u015f\u0259xsl\u0259rd\u0259n olan Elxan Mustafayev \u00f6z\u00fcn\u00fc ittihamlarla t\u0259qsirli bilm\u0259yib. O qeyd edib ki silah\u0131n o\u011furlanmas\u0131ndan v\u0259 harada saxlanmas\u0131ndan m\u0259lumats\u0131z olub.<\/p>\n<p>\u0130ttiham akt\u0131nda bildirilir ki, 2020-ci ilin dekabr ay\u0131nda Sabun\u00e7u rayon Polis \u0130dar\u0259sind\u0259 &#8220;Z\u0259f\u0259r K&#8221; tapan\u00e7alar\u0131ndan biri yoxa \u00e7\u0131x\u0131b.<\/p>\n<p>H\u0259min vaxt Bak\u0131 \u015f\u0259h\u0259r Ba\u015f Polis \u0130dar\u0259sit\u0259r\u0259find\u0259n Sabun\u00e7u rayon Polis \u0130dar\u0259sind\u0259 apar\u0131lan yoxlama zaman\u0131 m\u0259lum olub ki, silahlar\u0131n say\u0131nda \u0259skiklik var. 4 ayl\u0131q axtar\u0131\u015flardan sonra 2021-ci ilin aprel ay\u0131nda Sabun\u00e7u rayon Polis \u0130dar\u0259sinin \u0259m\u0259kda\u015f\u0131 Musa Allahverdiyev v\u0259 idar\u0259nin Post-Patrul Xidm\u0259tinin \u0259m\u0259kda\u015f\u0131 Elxan Mustafayev \u015f\u00fcbh\u0259li \u015f\u0259xs qismind\u0259 saxlan\u0131l\u0131b.<\/p>\n<p>Sabiq polis i\u015f\u00e7il\u0259rin\u0259 CM-in 228.1 (qanunsuz silah saxlama) v\u0259 232.2.3 (\u015f\u0259xs t\u0259r\u0259find\u0259n qulluq m\u00f6vqeyind\u0259n istifad\u0259 etm\u0259kl\u0259 odlu silah\u0131, d\u00f6y\u00fc\u015f sursat\u0131n\u0131, partlay\u0131c\u0131 madd\u0259l\u0259ri talama) madd\u0259l\u0259ril\u0259 ittiham verilib.<\/p>\n<p>Cinay\u0259t i\u015finin materiallar\u0131nda g\u00f6strilir ki, polis \u0259m\u0259kda\u015f\u0131 Musa Allahverdiyev polis idar\u0259sinin n\u00f6vb\u0259t\u00e7i hiss\u0259sind\u0259ki saxlanc yerind\u0259n silah\u0131 g\u00f6t\u00fcr\u00fcb, dostu Elxan Mustafayevin ba\u011f\u0131nda gizl\u0259dib. Silah\u0131n oldu\u011fu \u00e7antada tapan\u00e7adan \u0259lav\u0259, qandal, d\u0259y\u0259n\u0259k v\u0259 s. d\u0259 olub.<\/p>\n<p>\u0130btidai istintaqa ifad\u0259sind\u0259 M. Allahverdiyev deyib ki, pula ehtiyac\u0131 oldu\u011fu \u00fc\u00e7\u00fcn silah\u0131 g\u00f6t\u00fcr\u00fcb v\u0259 onu satmaq ist\u0259yib. Onun s\u00f6zl\u0259rin\u0259 g\u00f6r\u0259, ba\u011fa apard\u0131\u011f\u0131 \u00e7antan\u0131n i\u00e7ind\u0259 tapan\u00e7a olmas\u0131ndan E\u015f. Mustafayev x\u0259b\u0259rsiz olub.<\/p>\n<p>Proses davam edir.<\/p>\n","protected":false},"excerpt":{"rendered":"<p>Bak\u0131 A\u011f\u0131r Cinay\u0259tl\u0259r M\u0259hk\u0259m\u0259sind\u0259 Sabun\u00e7u rayon Polis \u0130dar\u0259sind\u0259n silah o\u011furlamaqda t\u0259qsirl\u0259ndiril\u0259n sabiq polis \u0259m\u0259kda\u015flar\u0131 Musa Allahverdiyev v\u0259 Elxan Mustafayevin i\u015fi \u00fczr\u0259 m\u0259hk\u0259m\u0259 prosesi ke\u00e7irilib. ARANTV.AZ\u00a0 Trend-\u0259 istinad\u0259n bildirir ki,\u00a0prosesd\u0259 ittiham akt\u0131 elan olunub. T\u0259qsirl\u0259ndiril\u0259n \u015f\u0259xsl\u0259rd\u0259n olan Elxan Mustafayev \u00f6z\u00fcn\u00fc ittihamlarla t\u0259qsirli bilm\u0259yib. O qeyd edib ki silah\u0131n o\u011furlanmas\u0131ndan v\u0259 harada saxlanmas\u0131ndan m\u0259lumats\u0131z olub. \u0130ttiham akt\u0131nda bildirilir ki, 2020-ci ilin dekabr ay\u0131nda Sabun\u00e7u rayon Polis \u0130dar\u0259sind\u0259 &#8220;Z\u0259f\u0259r K&#8221; tapan\u00e7alar\u0131ndan biri yoxa \u00e7\u0131x\u0131b. H\u0259min vaxt Bak\u0131 \u015f\u0259h\u0259r Ba\u015f Polis \u0130dar\u0259sit\u0259r\u0259find\u0259n Sabun\u00e7u rayon Polis \u0130dar\u0259sind\u0259 apar\u0131lan yoxlama zaman\u0131 m\u0259lum olub ki, silahlar\u0131n say\u0131nda&hellip;<\/p>\n","protected":false},"author":2,"featured_media":395487,"comment_status":"closed","ping_status":"closed","sticky":false,"template":"","format":"standard","meta":{"om_disable_all_campaigns":false,"_monsterinsights_skip_tracking":false,"_monsterinsights_sitenote_active":false,"_monsterinsights_sitenote_note":"","_monsterinsights_sitenote_category":0},"categories":[5],"tags":[],"aioseo_notices":[],"gutentor_comment":0,"rttpg_featured_image_url":{"full":["https:\/\/arantv.az\/wp-content\/uploads\/2021\/10\/hokm_0254-6.jpg",800,600,false],"landscape":["https:\/\/arantv.az\/wp-content\/uploads\/2021\/10\/hokm_0254-6.jpg",800,600,false],"portraits":["https:\/\/arantv.az\/wp-content\/uploads\/2021\/10\/hokm_0254-6.jpg",800,600,false],"thumbnail":["https:\/\/arantv.az\/wp-content\/uploads\/2021\/10\/hokm_0254-6-500x280.jpg",500,280,true],"medium":["https:\/\/arantv.az\/wp-content\/uploads\/2021\/10\/hokm_0254-6-487x365.jpg",487,365,true],"large":["https:\/\/arantv.az\/wp-content\/uploads\/2021\/10\/hokm_0254-6.jpg",640,480,false],"1536x1536":["https:\/\/arantv.az\/wp-content\/uploads\/2021\/10\/hokm_0254-6.jpg",800,600,false],"2048x2048":["https:\/\/arantv.az\/wp-content\/uploads\/2021\/10\/hokm_0254-6.jpg",800,600,false],"post-thumbnail":["https:\/\/arantv.az\/wp-content\/uploads\/2021\/10\/hokm_0254-6-240x172.jpg",240,172,true],"advps-thumb-one":["https:\/\/arantv.az\/wp-content\/uploads\/2021\/10\/hokm_0254-6.jpg",800,600,false]},"rttpg_author":{"display_name":"V\u00fcsal Rafiqo\u011flu","author_link":"https:\/\/arantv.az\/?author=2"},"rttpg_comment":0,"rttpg_category":"<a href=\"https:\/\/arantv.az\/?cat=5\" rel=\"category\">Hadis\u0259<\/a>","rttpg_excerpt":"Bak\u0131 A\u011f\u0131r Cinay\u0259tl\u0259r M\u0259hk\u0259m\u0259sind\u0259 Sabun\u00e7u rayon Polis \u0130dar\u0259sind\u0259n silah o\u011furlamaqda t\u0259qsirl\u0259ndiril\u0259n sabiq polis \u0259m\u0259kda\u015flar\u0131 Musa Allahverdiyev v\u0259 Elxan Mustafayevin i\u015fi \u00fczr\u0259 m\u0259hk\u0259m\u0259 prosesi ke\u00e7irilib. ARANTV.AZ\u00a0 Trend-\u0259 istinad\u0259n bildirir ki,\u00a0prosesd\u0259 ittiham akt\u0131 elan olunub. T\u0259qsirl\u0259ndiril\u0259n \u015f\u0259xsl\u0259rd\u0259n olan Elxan Mustafayev \u00f6z\u00fcn\u00fc ittihamlarla t\u0259qsirli bilm\u0259yib. O qeyd edib ki silah\u0131n o\u011furlanmas\u0131ndan v\u0259 harada saxlanmas\u0131ndan m\u0259lumats\u0131z olub. \u0130ttiham akt\u0131nda&hellip;","_links":{"self":[{"href":"https:\/\/arantv.az\/index.php?rest_route=\/wp\/v2\/posts\/395486"}],"collection":[{"href":"https:\/\/arantv.az\/index.php?rest_route=\/wp\/v2\/posts"}],"about":[{"href":"https:\/\/arantv.az\/index.php?rest_route=\/wp\/v2\/types\/post"}],"author":[{"embeddable":true,"href":"https:\/\/arantv.az\/index.php?rest_route=\/wp\/v2\/users\/2"}],"replies":[{"embeddable":true,"href":"https:\/\/arantv.az\/index.php?rest_route=%2Fwp%2Fv2%2Fcomments&post=395486"}],"version-history":[{"count":0,"href":"https:\/\/arantv.az\/index.php?rest_route=\/wp\/v2\/posts\/395486\/revisions"}],"wp:featuredmedia":[{"embeddable":true,"href":"https:\/\/arantv.az\/index.php?rest_route=\/wp\/v2\/media\/395487"}],"wp:attachment":[{"href":"https:\/\/arantv.az\/index.php?rest_route=%2Fwp%2Fv2%2Fmedia&parent=395486"}],"wp:term":[{"taxonomy":"category","embeddable":true,"href":"https:\/\/arantv.az\/index.php?rest_route=%2Fwp%2Fv2%2Fcategories&post=395486"},{"taxonomy":"post_tag","embeddable":true,"href":"https:\/\/arantv.az\/index.php?rest_route=%2Fwp%2Fv2%2Ftags&post=395486"}],"curies":[{"name":"wp","href":"https:\/\/api.w.org\/{rel}","templated":true}]}}