{"id":395492,"date":"2021-10-26T09:38:36","date_gmt":"2021-10-26T06:38:36","guid":{"rendered":"http:\/\/arantv.az\/?p=395492"},"modified":"2021-10-26T09:38:36","modified_gmt":"2021-10-26T06:38:36","slug":"koronavirusun-ay-4-2-varianti-ciddi-yanasilmali-mutasiyadir-mut%c9%99x%c9%99ssis","status":"publish","type":"post","link":"https:\/\/arantv.az\/?p=395492","title":{"rendered":"Koronavirusun &#8220;AY.4.2&#8221; variant\u0131 ciddi yana\u015f\u0131lmal\u0131 mutasiyad\u0131r &#8211; M\u00fct\u0259x\u0259ssis"},"content":{"rendered":"<p>D\u00fcnyada geni\u015f yay\u0131lan v\u0259 yoluxmalar\u0131n artmas\u0131nda birba\u015fa t\u0259siri olan koronavirusun &#8220;Delta&#8221; \u015ftamm\u0131n\u0131n mutasiyaya m\u0259ruz qalmas\u0131 aliml\u0259rin h\u0259y\u0259can t\u0259bili \u00e7almas\u0131na s\u0259b\u0259b olub. Mutasiyadan sonra ortaya \u00e7\u0131xan &#8220;AY.4.2&#8221; adl\u0131 yeni variant\u0131n &#8220;Delta&#8221;dan bel\u0259 daha t\u0259hl\u00fck\u0259li oldu\u011fu qeyd edilir. Art\u0131q yeni variant Birl\u0259\u015fmi\u015f Krall\u0131qdan sonra AB\u015e v\u0259 \u0130sraild\u0259 d\u0259 a\u015fkarlan\u0131b. \u0130srailin S\u0259hiyy\u0259 Nazirliyi \u00f6lk\u0259d\u0259 ilk d\u0259f\u0259 Moldovadan g\u0259l\u0259n bir u\u015faqda g\u00f6r\u00fcl\u0259n bu variant\u0131n haz\u0131rda 6 n\u0259f\u0259rd\u0259 t\u0259sdiql\u0259ndiyini elan edib. \u0130srailli m\u00fct\u0259x\u0259ssisl\u0259r &#8220;AY.4.2&#8243;nin &#8220;Delta&#8221;dan 15 d\u0259f\u0259 daha yoluxucu oldu\u011fu q\u0259na\u0259tind\u0259dirl\u0259r.<\/p>\n<p>Yeni variant bar\u0259d\u0259\u00a0<a href=\"http:\/\/trend.az\/\" target=\"_blank\" rel=\"noopener\">Trend<\/a>-\u0259 a\u00e7\u0131qlama ver\u0259n infeksionist Nicat \u018fzimli d\u0259 &#8220;AY.4.2&#8243;nin diqq\u0259t\u0259 al\u0131nmal\u0131 bir mutasiya oldu\u011funu bildirib:<\/p>\n<p>&#8220;Bu variantla ba\u011fl\u0131 h\u0259l\u0259ki m\u0259lum olan \u0259sas x\u00fcsusiyy\u0259t yoluxuculu\u011funun &#8220;Delta&#8221; variant\u0131ndan daha y\u00fcks\u0259k olmas\u0131d\u0131r. Bu da virusun replikasiya s\u00fcr\u0259tinin artmas\u0131na, gizli d\u00f6vr\u00fcn\u00fcn q\u0131salmas\u0131na v\u0259 klinik gedi\u015fat\u0131n s\u00fcr\u0259tl\u0259 inki\u015faf\u0131na d\u0259lal\u0259t edir. Dig\u0259r bir m\u0259qam daha a\u015fa\u011f\u0131 ya\u015f qruplar\u0131nda da klinik a\u011f\u0131rla\u015fmalar\u0131n m\u00fc\u015fahid\u0259 olunmas\u0131d\u0131r. Bunlar n\u0259z\u0259r\u0259 al\u0131naraq \u00e7ox ciddi yana\u015f\u0131lmal\u0131 mutasiyad\u0131r&#8221;.<\/p>\n<p>Qeyd ed\u0259k ki, 2019-cu ilin dekabr\u0131nda \u00c7inin Uhan \u015f\u0259h\u0259rind\u0259 ortaya \u00e7\u0131xan yeni tip koronavirusun (COVID-19) bu vaxta q\u0259d\u0259r bir \u00e7ox variant\u0131 m\u0259lum olub. Bunlar &#8220;Alfa&#8221;, &#8220;Betta&#8221;, &#8220;Qamma&#8221;, &#8220;Mu&#8221;, &#8220;Delta&#8221;, &#8220;Eta&#8221; v\u0259 dig\u0259r \u015ftammlard\u0131r. Haz\u0131rda bu \u015ftammlar aras\u0131nda \u0259n geni\u015f yay\u0131lan\u0131 v\u0259 daha t\u0259hl\u00fck\u0259lisi &#8220;Delta&#8221;d\u0131r. &#8220;Delta&#8221;n\u0131n mutasiyaya m\u0259ruz qalmas\u0131 n\u0259tic\u0259sind\u0259 ortaya \u00e7\u0131xan &#8220;AY.4.2&#8221; variant\u0131 is\u0259 h\u0259l\u0259 d\u00fcnyada o q\u0259d\u0259r d\u0259 geni\u015f yay\u0131lmasa da t\u0259hl\u00fck\u0259lilik bax\u0131m\u0131ndan &#8220;Delta&#8221;dan da a\u011f\u0131r qiym\u0259tl\u0259ndirilir.<\/p>\n","protected":false},"excerpt":{"rendered":"<p>D\u00fcnyada geni\u015f yay\u0131lan v\u0259 yoluxmalar\u0131n artmas\u0131nda birba\u015fa t\u0259siri olan koronavirusun &#8220;Delta&#8221; \u015ftamm\u0131n\u0131n mutasiyaya m\u0259ruz qalmas\u0131 aliml\u0259rin h\u0259y\u0259can t\u0259bili \u00e7almas\u0131na s\u0259b\u0259b olub. Mutasiyadan sonra ortaya \u00e7\u0131xan &#8220;AY.4.2&#8221; adl\u0131 yeni variant\u0131n &#8220;Delta&#8221;dan bel\u0259 daha t\u0259hl\u00fck\u0259li oldu\u011fu qeyd edilir. Art\u0131q yeni variant Birl\u0259\u015fmi\u015f Krall\u0131qdan sonra AB\u015e v\u0259 \u0130sraild\u0259 d\u0259 a\u015fkarlan\u0131b. \u0130srailin S\u0259hiyy\u0259 Nazirliyi \u00f6lk\u0259d\u0259 ilk d\u0259f\u0259 Moldovadan g\u0259l\u0259n bir u\u015faqda g\u00f6r\u00fcl\u0259n bu variant\u0131n haz\u0131rda 6 n\u0259f\u0259rd\u0259 t\u0259sdiql\u0259ndiyini elan edib. \u0130srailli m\u00fct\u0259x\u0259ssisl\u0259r &#8220;AY.4.2&#8243;nin &#8220;Delta&#8221;dan 15 d\u0259f\u0259 daha yoluxucu oldu\u011fu q\u0259na\u0259tind\u0259dirl\u0259r. Yeni variant bar\u0259d\u0259\u00a0Trend-\u0259 a\u00e7\u0131qlama ver\u0259n infeksionist Nicat \u018fzimli d\u0259 &#8220;AY.4.2&#8243;nin diqq\u0259t\u0259 al\u0131nmal\u0131 bir mutasiya&hellip;<\/p>\n","protected":false},"author":2,"featured_media":395493,"comment_status":"closed","ping_status":"closed","sticky":false,"template":"","format":"standard","meta":{"om_disable_all_campaigns":false,"_monsterinsights_skip_tracking":false,"_monsterinsights_sitenote_active":false,"_monsterinsights_sitenote_note":"","_monsterinsights_sitenote_category":0},"categories":[26],"tags":[],"aioseo_notices":[],"gutentor_comment":0,"rttpg_featured_image_url":{"full":["https:\/\/arantv.az\/wp-content\/uploads\/2021\/10\/990575.jpg",800,600,false],"landscape":["https:\/\/arantv.az\/wp-content\/uploads\/2021\/10\/990575.jpg",800,600,false],"portraits":["https:\/\/arantv.az\/wp-content\/uploads\/2021\/10\/990575.jpg",800,600,false],"thumbnail":["https:\/\/arantv.az\/wp-content\/uploads\/2021\/10\/990575-500x280.jpg",500,280,true],"medium":["https:\/\/arantv.az\/wp-content\/uploads\/2021\/10\/990575-487x365.jpg",487,365,true],"large":["https:\/\/arantv.az\/wp-content\/uploads\/2021\/10\/990575.jpg",640,480,false],"1536x1536":["https:\/\/arantv.az\/wp-content\/uploads\/2021\/10\/990575.jpg",800,600,false],"2048x2048":["https:\/\/arantv.az\/wp-content\/uploads\/2021\/10\/990575.jpg",800,600,false],"post-thumbnail":["https:\/\/arantv.az\/wp-content\/uploads\/2021\/10\/990575-240x172.jpg",240,172,true],"advps-thumb-one":["https:\/\/arantv.az\/wp-content\/uploads\/2021\/10\/990575.jpg",800,600,false]},"rttpg_author":{"display_name":"V\u00fcsal Rafiqo\u011flu","author_link":"https:\/\/arantv.az\/?author=2"},"rttpg_comment":0,"rttpg_category":"<a href=\"https:\/\/arantv.az\/?cat=26\" rel=\"category\">Sosial<\/a>","rttpg_excerpt":"D\u00fcnyada geni\u015f yay\u0131lan v\u0259 yoluxmalar\u0131n artmas\u0131nda birba\u015fa t\u0259siri olan koronavirusun &#8220;Delta&#8221; \u015ftamm\u0131n\u0131n mutasiyaya m\u0259ruz qalmas\u0131 aliml\u0259rin h\u0259y\u0259can t\u0259bili \u00e7almas\u0131na s\u0259b\u0259b olub. Mutasiyadan sonra ortaya \u00e7\u0131xan &#8220;AY.4.2&#8221; adl\u0131 yeni variant\u0131n &#8220;Delta&#8221;dan bel\u0259 daha t\u0259hl\u00fck\u0259li oldu\u011fu qeyd edilir. Art\u0131q yeni variant Birl\u0259\u015fmi\u015f Krall\u0131qdan sonra AB\u015e v\u0259 \u0130sraild\u0259 d\u0259 a\u015fkarlan\u0131b. \u0130srailin S\u0259hiyy\u0259 Nazirliyi \u00f6lk\u0259d\u0259 ilk d\u0259f\u0259 Moldovadan g\u0259l\u0259n&hellip;","_links":{"self":[{"href":"https:\/\/arantv.az\/index.php?rest_route=\/wp\/v2\/posts\/395492"}],"collection":[{"href":"https:\/\/arantv.az\/index.php?rest_route=\/wp\/v2\/posts"}],"about":[{"href":"https:\/\/arantv.az\/index.php?rest_route=\/wp\/v2\/types\/post"}],"author":[{"embeddable":true,"href":"https:\/\/arantv.az\/index.php?rest_route=\/wp\/v2\/users\/2"}],"replies":[{"embeddable":true,"href":"https:\/\/arantv.az\/index.php?rest_route=%2Fwp%2Fv2%2Fcomments&post=395492"}],"version-history":[{"count":0,"href":"https:\/\/arantv.az\/index.php?rest_route=\/wp\/v2\/posts\/395492\/revisions"}],"wp:featuredmedia":[{"embeddable":true,"href":"https:\/\/arantv.az\/index.php?rest_route=\/wp\/v2\/media\/395493"}],"wp:attachment":[{"href":"https:\/\/arantv.az\/index.php?rest_route=%2Fwp%2Fv2%2Fmedia&parent=395492"}],"wp:term":[{"taxonomy":"category","embeddable":true,"href":"https:\/\/arantv.az\/index.php?rest_route=%2Fwp%2Fv2%2Fcategories&post=395492"},{"taxonomy":"post_tag","embeddable":true,"href":"https:\/\/arantv.az\/index.php?rest_route=%2Fwp%2Fv2%2Ftags&post=395492"}],"curies":[{"name":"wp","href":"https:\/\/api.w.org\/{rel}","templated":true}]}}