{"id":395495,"date":"2021-10-26T09:39:20","date_gmt":"2021-10-26T06:39:20","guid":{"rendered":"http:\/\/arantv.az\/?p=395495"},"modified":"2021-10-26T09:39:20","modified_gmt":"2021-10-26T06:39:20","slug":"bmt-d%c9%99n-%c9%99fqanistanda-acliqla-bagli-x%c9%99b%c9%99rdarliq-bir-milyon-usaq-ol%c9%99-bil%c9%99r","status":"publish","type":"post","link":"https:\/\/arantv.az\/?p=395495","title":{"rendered":"BMT-d\u0259n \u018ffqan\u0131standa acl\u0131qla ba\u011fl\u0131 x\u0259b\u0259rdarl\u0131q: Bir milyon u\u015faq \u00f6l\u0259 bil\u0259r"},"content":{"rendered":"<p>\u018ffqan\u0131stan \u0259halisinin yar\u0131dan \u00e7oxu 2021-2022-ci ill\u0259rin q\u0131\u015f\u0131nda &#8220;b\u00f6hran&#8221; v\u0259 ya &#8220;ifrat&#8221; s\u0259viyy\u0259d\u0259 \u0259rzaq \u00e7at\u0131\u015fmazl\u0131\u011f\u0131 ya\u015fayacaq.<\/p>\n<p><strong>ARANTV.AZ<\/strong> oxu.az-a istinad\u0259n x\u0259b\u0259r verir ki, Qida v\u0259 K\u0259nd T\u0259s\u0259rr\u00fcfat\u0131 T\u0259\u015fkilat\u0131 (FAO) v\u0259 BMT \u00dcmumd\u00fcnya \u018frzaq Proqram\u0131n\u0131n (WFP) birg\u0259 hesabat\u0131na g\u00f6r\u0259, quraql\u0131q, silahl\u0131 qar\u015f\u0131durma, COVID-19 pandemiyas\u0131 v\u0259 iqtisadi b\u00f6hran \u018ffqan\u0131stan\u0131n \u0259rzaq \u0259ld\u0259 etm\u0259sin\u0259 m\u0259nfi t\u0259sir g\u00f6st\u0259rib.<\/p>\n<p>Hesabat\u0131n m\u00fc\u0259llifl\u0259ri vur\u011fulay\u0131r ki, \u018ffqan\u0131standa acl\u0131q h\u0259ddind\u0259 olan insanlar\u0131n say\u0131 bu ilin aprel ay\u0131 il\u0259 m\u00fcqayis\u0259d\u0259 37 % art\u0131b.<\/p>\n<p>\u0130lin sonunad\u0259k k\u0259skin acl\u0131q be\u015f ya\u015f\u0131nad\u0259k t\u0259xmin\u0259n 3,2 milyon u\u015fa\u011fa t\u0259sir ed\u0259 bil\u0259r v\u0259 onlardan t\u0259xmin\u0259n 1 milyonu ehtiyac duydu\u011fu t\u0259cili yard\u0131m\u0131 almazsa \u00f6l\u0259 bil\u0259r. Yax\u0131nla\u015fan q\u0131\u015f ehtiyac\u0131 olan ail\u0259l\u0259ri\u00a0humanitar yard\u0131mdan m\u0259hrum ed\u0259 bil\u0259r.<\/p>\n<p>&#8220;\u0130nsanlar\u0131 v\u0259dl\u0259rl\u0259 doyura bilm\u0259rik: maliyy\u0259 \u00f6hd\u0259likl\u0259ri real pula \u00e7evrilm\u0259li v\u0259 beyn\u0259lxalq ictimaiyy\u0259t n\u0259zar\u0259td\u0259n s\u00fcr\u0259tl\u0259 \u00e7\u0131xan bu b\u00f6hran\u0131 aradan qald\u0131rmaq \u00fc\u00e7\u00fcn birlikd\u0259 \u00e7al\u0131\u015fmal\u0131d\u0131r&#8221;, &#8211; dey\u0259 WFP-nin icra\u00e7\u0131 direktoru Devid Bizlei bildirib.\u018ffqan\u0131stan \u0259halisin\u0259 yard\u0131m g\u00f6st\u0259rm\u0259k \u00fc\u00e7\u00fcn h\u0259r ay t\u0259xmin\u0259n 220 milyon dollar t\u0259l\u0259b oluna bil\u0259r. FAO bu il 3,5 milyondan \u00e7ox insana yard\u0131m ed\u0259c\u0259yini v\u0259 \u018ffqan\u0131stan xalq\u0131n\u0131n t\u0259cili yard\u0131m \u00fc\u00e7\u00fcn 11,4 milyon dollara v\u0259 2022-ci il k\u0259nd t\u0259s\u0259rr\u00fcfat\u0131 m\u00f6vs\u00fcm\u00fc \u00fc\u00e7\u00fcn 200 milyon dollara ehtiyac\u0131 olaca\u011f\u0131n\u0131 a\u00e7\u0131qlay\u0131b.<\/p>\n","protected":false},"excerpt":{"rendered":"<p>\u018ffqan\u0131stan \u0259halisinin yar\u0131dan \u00e7oxu 2021-2022-ci ill\u0259rin q\u0131\u015f\u0131nda &#8220;b\u00f6hran&#8221; v\u0259 ya &#8220;ifrat&#8221; s\u0259viyy\u0259d\u0259 \u0259rzaq \u00e7at\u0131\u015fmazl\u0131\u011f\u0131 ya\u015fayacaq. ARANTV.AZ oxu.az-a istinad\u0259n x\u0259b\u0259r verir ki, Qida v\u0259 K\u0259nd T\u0259s\u0259rr\u00fcfat\u0131 T\u0259\u015fkilat\u0131 (FAO) v\u0259 BMT \u00dcmumd\u00fcnya \u018frzaq Proqram\u0131n\u0131n (WFP) birg\u0259 hesabat\u0131na g\u00f6r\u0259, quraql\u0131q, silahl\u0131 qar\u015f\u0131durma, COVID-19 pandemiyas\u0131 v\u0259 iqtisadi b\u00f6hran \u018ffqan\u0131stan\u0131n \u0259rzaq \u0259ld\u0259 etm\u0259sin\u0259 m\u0259nfi t\u0259sir g\u00f6st\u0259rib. Hesabat\u0131n m\u00fc\u0259llifl\u0259ri vur\u011fulay\u0131r ki, \u018ffqan\u0131standa acl\u0131q h\u0259ddind\u0259 olan insanlar\u0131n say\u0131 bu ilin aprel ay\u0131 il\u0259 m\u00fcqayis\u0259d\u0259 37 % art\u0131b. \u0130lin sonunad\u0259k k\u0259skin acl\u0131q be\u015f ya\u015f\u0131nad\u0259k t\u0259xmin\u0259n 3,2 milyon u\u015fa\u011fa t\u0259sir ed\u0259 bil\u0259r v\u0259 onlardan t\u0259xmin\u0259n 1 milyonu ehtiyac duydu\u011fu&hellip;<\/p>\n","protected":false},"author":2,"featured_media":395496,"comment_status":"closed","ping_status":"closed","sticky":false,"template":"","format":"standard","meta":{"om_disable_all_campaigns":false,"_monsterinsights_skip_tracking":false,"_monsterinsights_sitenote_active":false,"_monsterinsights_sitenote_note":"","_monsterinsights_sitenote_category":0},"categories":[7],"tags":[],"aioseo_notices":[],"gutentor_comment":0,"rttpg_featured_image_url":{"full":["https:\/\/arantv.az\/wp-content\/uploads\/2021\/10\/990548.jpg",800,600,false],"landscape":["https:\/\/arantv.az\/wp-content\/uploads\/2021\/10\/990548.jpg",800,600,false],"portraits":["https:\/\/arantv.az\/wp-content\/uploads\/2021\/10\/990548.jpg",800,600,false],"thumbnail":["https:\/\/arantv.az\/wp-content\/uploads\/2021\/10\/990548-500x280.jpg",500,280,true],"medium":["https:\/\/arantv.az\/wp-content\/uploads\/2021\/10\/990548-487x365.jpg",487,365,true],"large":["https:\/\/arantv.az\/wp-content\/uploads\/2021\/10\/990548.jpg",640,480,false],"1536x1536":["https:\/\/arantv.az\/wp-content\/uploads\/2021\/10\/990548.jpg",800,600,false],"2048x2048":["https:\/\/arantv.az\/wp-content\/uploads\/2021\/10\/990548.jpg",800,600,false],"post-thumbnail":["https:\/\/arantv.az\/wp-content\/uploads\/2021\/10\/990548-240x172.jpg",240,172,true],"advps-thumb-one":["https:\/\/arantv.az\/wp-content\/uploads\/2021\/10\/990548.jpg",800,600,false]},"rttpg_author":{"display_name":"V\u00fcsal Rafiqo\u011flu","author_link":"https:\/\/arantv.az\/?author=2"},"rttpg_comment":0,"rttpg_category":"<a href=\"https:\/\/arantv.az\/?cat=7\" rel=\"category\">D\u00fcnya<\/a>","rttpg_excerpt":"\u018ffqan\u0131stan \u0259halisinin yar\u0131dan \u00e7oxu 2021-2022-ci ill\u0259rin q\u0131\u015f\u0131nda &#8220;b\u00f6hran&#8221; v\u0259 ya &#8220;ifrat&#8221; s\u0259viyy\u0259d\u0259 \u0259rzaq \u00e7at\u0131\u015fmazl\u0131\u011f\u0131 ya\u015fayacaq. ARANTV.AZ oxu.az-a istinad\u0259n x\u0259b\u0259r verir ki, Qida v\u0259 K\u0259nd T\u0259s\u0259rr\u00fcfat\u0131 T\u0259\u015fkilat\u0131 (FAO) v\u0259 BMT \u00dcmumd\u00fcnya \u018frzaq Proqram\u0131n\u0131n (WFP) birg\u0259 hesabat\u0131na g\u00f6r\u0259, quraql\u0131q, silahl\u0131 qar\u015f\u0131durma, COVID-19 pandemiyas\u0131 v\u0259 iqtisadi b\u00f6hran \u018ffqan\u0131stan\u0131n \u0259rzaq \u0259ld\u0259 etm\u0259sin\u0259 m\u0259nfi t\u0259sir g\u00f6st\u0259rib. Hesabat\u0131n m\u00fc\u0259llifl\u0259ri vur\u011fulay\u0131r ki,&hellip;","_links":{"self":[{"href":"https:\/\/arantv.az\/index.php?rest_route=\/wp\/v2\/posts\/395495"}],"collection":[{"href":"https:\/\/arantv.az\/index.php?rest_route=\/wp\/v2\/posts"}],"about":[{"href":"https:\/\/arantv.az\/index.php?rest_route=\/wp\/v2\/types\/post"}],"author":[{"embeddable":true,"href":"https:\/\/arantv.az\/index.php?rest_route=\/wp\/v2\/users\/2"}],"replies":[{"embeddable":true,"href":"https:\/\/arantv.az\/index.php?rest_route=%2Fwp%2Fv2%2Fcomments&post=395495"}],"version-history":[{"count":0,"href":"https:\/\/arantv.az\/index.php?rest_route=\/wp\/v2\/posts\/395495\/revisions"}],"wp:featuredmedia":[{"embeddable":true,"href":"https:\/\/arantv.az\/index.php?rest_route=\/wp\/v2\/media\/395496"}],"wp:attachment":[{"href":"https:\/\/arantv.az\/index.php?rest_route=%2Fwp%2Fv2%2Fmedia&parent=395495"}],"wp:term":[{"taxonomy":"category","embeddable":true,"href":"https:\/\/arantv.az\/index.php?rest_route=%2Fwp%2Fv2%2Fcategories&post=395495"},{"taxonomy":"post_tag","embeddable":true,"href":"https:\/\/arantv.az\/index.php?rest_route=%2Fwp%2Fv2%2Ftags&post=395495"}],"curies":[{"name":"wp","href":"https:\/\/api.w.org\/{rel}","templated":true}]}}