{"id":395498,"date":"2021-10-26T09:39:54","date_gmt":"2021-10-26T06:39:54","guid":{"rendered":"http:\/\/arantv.az\/?p=395498"},"modified":"2021-10-26T09:39:54","modified_gmt":"2021-10-26T06:39:54","slug":"az%c9%99rbaycan-v%c9%99-qirgizistan-n%c9%99qliyyat-sah%c9%99sind%c9%99-sazis-imzalamagi-planlasdirir","status":"publish","type":"post","link":"https:\/\/arantv.az\/?p=395498","title":{"rendered":"Az\u0259rbaycan v\u0259 Q\u0131r\u011f\u0131z\u0131stan n\u0259qliyyat sah\u0259sind\u0259 sazi\u015f imzalama\u011f\u0131 planla\u015fd\u0131r\u0131r"},"content":{"rendered":"<p><strong>Az\u0259rbaycan v\u0259 Q\u0131r\u011f\u0131z\u0131stan n\u0259qliyyat sah\u0259sind\u0259 h\u00f6kum\u0259tl\u0259raras\u0131 sazi\u015f imzalama\u011f\u0131 planla\u015fd\u0131r\u0131r.<\/strong><\/p>\n<p>Bunu\u00a0<a href=\"http:\/\/trend.az\/\" target=\"_blank\" rel=\"noopener\">Trend<\/a>-\u0259 Q\u0131r\u011f\u0131z\u0131stan\u0131n Az\u0259rbaycandak\u0131 s\u0259firi Kayrat Osmonaliyev deyib.<\/p>\n<p>O bildirib ki, Q\u0131r\u011f\u0131z\u0131stan\u0131n N\u0259qliyyat v\u0259 Kommunikasiyalar Nazirliyi il\u0259 Az\u0259rbaycan R\u0259q\u0259msal \u0130nki\u015faf v\u0259 N\u0259qliyyat Nazirliyinin n\u00fcmay\u0259nd\u0259l\u0259ri aras\u0131nda ke\u00e7irilmi\u015f videokonfrans zaman\u0131 beyn\u0259lxalq avtomobil v\u0259 hava \u0259laq\u0259si bar\u0259d\u0259 h\u00f6kum\u0259tl\u0259raras\u0131 sazi\u015f layih\u0259l\u0259ri, Bak\u0131-Bi\u015fkek aviareysinin b\u0259rpas\u0131, el\u0259c\u0259 d\u0259 n\u0259qliyyat kommunikasiyalar\u0131 sah\u0259sind\u0259 \u0259m\u0259kda\u015fl\u0131\u011f\u0131n inki\u015faf\u0131 m\u0259s\u0259l\u0259l\u0259ri m\u00fczakir\u0259 olunub:<\/p>\n<p>&#8220;Eyni zamanda biz avtomobil n\u0259qliyyat\u0131 il\u0259 ikit\u0259r\u0259fli tranzit da\u015f\u0131malar\u0131na icaz\u0259 blanklar\u0131na t\u0259tbiq olunan kvotan\u0131n art\u0131r\u0131lmas\u0131, Az\u0259rbaycan t\u0259r\u0259fi il\u0259 Trans-X\u0259z\u0259r Beyn\u0259lxalq N\u0259qliyyat D\u0259hlizi sah\u0259sind\u0259 t\u0259cr\u00fcb\u0259 m\u00fcbadil\u0259si m\u0259s\u0259l\u0259l\u0259rini m\u00fczakir\u0259 etmi\u015fik&#8221;.<\/p>\n<p>S\u0259fir \u0259lav\u0259 edib ki, bu c\u00fcr \u0259m\u0259kda\u015fl\u0131q mexanizminin Az\u0259rbaycan v\u0259 Q\u0131r\u011f\u0131z\u0131stan\u0131n dig\u0259r strukturlar\u0131 aras\u0131nda da yarad\u0131lmas\u0131 planla\u015fd\u0131r\u0131l\u0131r.<\/p>\n","protected":false},"excerpt":{"rendered":"<p>Az\u0259rbaycan v\u0259 Q\u0131r\u011f\u0131z\u0131stan n\u0259qliyyat sah\u0259sind\u0259 h\u00f6kum\u0259tl\u0259raras\u0131 sazi\u015f imzalama\u011f\u0131 planla\u015fd\u0131r\u0131r. Bunu\u00a0Trend-\u0259 Q\u0131r\u011f\u0131z\u0131stan\u0131n Az\u0259rbaycandak\u0131 s\u0259firi Kayrat Osmonaliyev deyib. O bildirib ki, Q\u0131r\u011f\u0131z\u0131stan\u0131n N\u0259qliyyat v\u0259 Kommunikasiyalar Nazirliyi il\u0259 Az\u0259rbaycan R\u0259q\u0259msal \u0130nki\u015faf v\u0259 N\u0259qliyyat Nazirliyinin n\u00fcmay\u0259nd\u0259l\u0259ri aras\u0131nda ke\u00e7irilmi\u015f videokonfrans zaman\u0131 beyn\u0259lxalq avtomobil v\u0259 hava \u0259laq\u0259si bar\u0259d\u0259 h\u00f6kum\u0259tl\u0259raras\u0131 sazi\u015f layih\u0259l\u0259ri, Bak\u0131-Bi\u015fkek aviareysinin b\u0259rpas\u0131, el\u0259c\u0259 d\u0259 n\u0259qliyyat kommunikasiyalar\u0131 sah\u0259sind\u0259 \u0259m\u0259kda\u015fl\u0131\u011f\u0131n inki\u015faf\u0131 m\u0259s\u0259l\u0259l\u0259ri m\u00fczakir\u0259 olunub: &#8220;Eyni zamanda biz avtomobil n\u0259qliyyat\u0131 il\u0259 ikit\u0259r\u0259fli tranzit da\u015f\u0131malar\u0131na icaz\u0259 blanklar\u0131na t\u0259tbiq olunan kvotan\u0131n art\u0131r\u0131lmas\u0131, Az\u0259rbaycan t\u0259r\u0259fi il\u0259 Trans-X\u0259z\u0259r Beyn\u0259lxalq N\u0259qliyyat D\u0259hlizi sah\u0259sind\u0259 t\u0259cr\u00fcb\u0259 m\u00fcbadil\u0259si m\u0259s\u0259l\u0259l\u0259rini m\u00fczakir\u0259 etmi\u015fik&#8221;. S\u0259fir \u0259lav\u0259 edib ki,&hellip;<\/p>\n","protected":false},"author":2,"featured_media":395499,"comment_status":"closed","ping_status":"closed","sticky":false,"template":"","format":"standard","meta":{"om_disable_all_campaigns":false,"_monsterinsights_skip_tracking":false,"_monsterinsights_sitenote_active":false,"_monsterinsights_sitenote_note":"","_monsterinsights_sitenote_category":0},"categories":[19],"tags":[],"aioseo_notices":[],"gutentor_comment":0,"rttpg_featured_image_url":{"full":["https:\/\/arantv.az\/wp-content\/uploads\/2021\/10\/azerbaycan_qirgizistan_bayragi_052.jpg",800,600,false],"landscape":["https:\/\/arantv.az\/wp-content\/uploads\/2021\/10\/azerbaycan_qirgizistan_bayragi_052.jpg",800,600,false],"portraits":["https:\/\/arantv.az\/wp-content\/uploads\/2021\/10\/azerbaycan_qirgizistan_bayragi_052.jpg",800,600,false],"thumbnail":["https:\/\/arantv.az\/wp-content\/uploads\/2021\/10\/azerbaycan_qirgizistan_bayragi_052-500x280.jpg",500,280,true],"medium":["https:\/\/arantv.az\/wp-content\/uploads\/2021\/10\/azerbaycan_qirgizistan_bayragi_052-487x365.jpg",487,365,true],"large":["https:\/\/arantv.az\/wp-content\/uploads\/2021\/10\/azerbaycan_qirgizistan_bayragi_052.jpg",640,480,false],"1536x1536":["https:\/\/arantv.az\/wp-content\/uploads\/2021\/10\/azerbaycan_qirgizistan_bayragi_052.jpg",800,600,false],"2048x2048":["https:\/\/arantv.az\/wp-content\/uploads\/2021\/10\/azerbaycan_qirgizistan_bayragi_052.jpg",800,600,false],"post-thumbnail":["https:\/\/arantv.az\/wp-content\/uploads\/2021\/10\/azerbaycan_qirgizistan_bayragi_052-240x172.jpg",240,172,true],"advps-thumb-one":["https:\/\/arantv.az\/wp-content\/uploads\/2021\/10\/azerbaycan_qirgizistan_bayragi_052.jpg",800,600,false]},"rttpg_author":{"display_name":"V\u00fcsal Rafiqo\u011flu","author_link":"https:\/\/arantv.az\/?author=2"},"rttpg_comment":0,"rttpg_category":"<a href=\"https:\/\/arantv.az\/?cat=19\" rel=\"category\">G\u00fcnd\u0259m<\/a>","rttpg_excerpt":"Az\u0259rbaycan v\u0259 Q\u0131r\u011f\u0131z\u0131stan n\u0259qliyyat sah\u0259sind\u0259 h\u00f6kum\u0259tl\u0259raras\u0131 sazi\u015f imzalama\u011f\u0131 planla\u015fd\u0131r\u0131r. Bunu\u00a0Trend-\u0259 Q\u0131r\u011f\u0131z\u0131stan\u0131n Az\u0259rbaycandak\u0131 s\u0259firi Kayrat Osmonaliyev deyib. O bildirib ki, Q\u0131r\u011f\u0131z\u0131stan\u0131n N\u0259qliyyat v\u0259 Kommunikasiyalar Nazirliyi il\u0259 Az\u0259rbaycan R\u0259q\u0259msal \u0130nki\u015faf v\u0259 N\u0259qliyyat Nazirliyinin n\u00fcmay\u0259nd\u0259l\u0259ri aras\u0131nda ke\u00e7irilmi\u015f videokonfrans zaman\u0131 beyn\u0259lxalq avtomobil v\u0259 hava \u0259laq\u0259si bar\u0259d\u0259 h\u00f6kum\u0259tl\u0259raras\u0131 sazi\u015f layih\u0259l\u0259ri, Bak\u0131-Bi\u015fkek aviareysinin b\u0259rpas\u0131, el\u0259c\u0259 d\u0259 n\u0259qliyyat kommunikasiyalar\u0131 sah\u0259sind\u0259 \u0259m\u0259kda\u015fl\u0131\u011f\u0131n inki\u015faf\u0131&hellip;","_links":{"self":[{"href":"https:\/\/arantv.az\/index.php?rest_route=\/wp\/v2\/posts\/395498"}],"collection":[{"href":"https:\/\/arantv.az\/index.php?rest_route=\/wp\/v2\/posts"}],"about":[{"href":"https:\/\/arantv.az\/index.php?rest_route=\/wp\/v2\/types\/post"}],"author":[{"embeddable":true,"href":"https:\/\/arantv.az\/index.php?rest_route=\/wp\/v2\/users\/2"}],"replies":[{"embeddable":true,"href":"https:\/\/arantv.az\/index.php?rest_route=%2Fwp%2Fv2%2Fcomments&post=395498"}],"version-history":[{"count":0,"href":"https:\/\/arantv.az\/index.php?rest_route=\/wp\/v2\/posts\/395498\/revisions"}],"wp:featuredmedia":[{"embeddable":true,"href":"https:\/\/arantv.az\/index.php?rest_route=\/wp\/v2\/media\/395499"}],"wp:attachment":[{"href":"https:\/\/arantv.az\/index.php?rest_route=%2Fwp%2Fv2%2Fmedia&parent=395498"}],"wp:term":[{"taxonomy":"category","embeddable":true,"href":"https:\/\/arantv.az\/index.php?rest_route=%2Fwp%2Fv2%2Fcategories&post=395498"},{"taxonomy":"post_tag","embeddable":true,"href":"https:\/\/arantv.az\/index.php?rest_route=%2Fwp%2Fv2%2Ftags&post=395498"}],"curies":[{"name":"wp","href":"https:\/\/api.w.org\/{rel}","templated":true}]}}