{"id":395501,"date":"2021-10-26T09:40:39","date_gmt":"2021-10-26T06:40:39","guid":{"rendered":"http:\/\/arantv.az\/?p=395501"},"modified":"2021-10-26T09:40:39","modified_gmt":"2021-10-26T06:40:39","slug":"azad-edilmis-%c9%99razil%c9%99r-sur%c9%99tl%c9%99-abad-olunur-t%c9%99hlil","status":"publish","type":"post","link":"https:\/\/arantv.az\/?p=395501","title":{"rendered":"Azad edilmi\u015f \u0259razil\u0259r s\u00fcr\u0259tl\u0259 abad olunur &#8211; T\u018fHL\u0130L"},"content":{"rendered":"<p>44 g\u00fcnl\u00fck V\u0259t\u0259n m\u00fcharib\u0259si v\u0259 torpaqlar\u0131m\u0131z\u0131n m\u0259nfur d\u00fc\u015fm\u0259nd\u0259n azad olunmas\u0131 \u015fanl\u0131 q\u0259hr\u0259manl\u0131q dastan\u0131 kimi tariximizin q\u0131z\u0131l yadda\u015f\u0131nda \u0259b\u0259di h\u0259kk olundu.Tarixi Z\u0259f\u0259rd\u0259n sonra Qaraba\u011fda ba\u015flad\u0131lan quruculuq i\u015fl\u0259ri s\u00fcr\u0259tl\u0259 davam etdrilir. \u0130\u015f\u011faldan azad edilmi\u015f \u0259razil\u0259rimizd\u0259 b\u00f6y\u00fck infrastruktur, enerji, kommunal xidm\u0259t obyektl\u0259rinin bir qismi istifad\u0259y\u0259 verilib, haz\u0131rda n\u0259qliyyat infrastrukturlar\u0131n\u0131n in\u015fas\u0131 s\u00fcr\u0259tl\u0259 davam etdirilir. Son 25-30 ild\u0259 d\u00fcnya miqyas\u0131nda post-m\u00fcnaqi\u015f\u0259 d\u00f6vr\u00fcnd\u0259 d\u00f6vl\u0259tl\u0259r t\u0259r\u0259find\u0259n bu miqyasda yenid\u0259nqurma i\u015fl\u0259ri h\u0259yata ke\u00e7irilm\u0259yib.<\/p>\n<p>Yeni Az\u0259rbaycan Partiyas\u0131 (YAP) X\u0259tai rayon t\u0259\u015fkilat\u0131n\u0131n s\u0259dri, siyasi elml\u0259r doktoru\u00a0<strong>V\u00fcqar R\u0259himzad\u0259nin<\/strong>\u00a0s\u00f6zl\u0259rin\u0259 g\u00f6r\u0259 azad edilmi\u015f \u0259razil\u0259rimizd\u0259 yol infrastrukturu s\u00fcr\u0259tl\u0259 yenil\u0259nir: &#8220;Bu istiqam\u0259td\u0259 ilk i\u015fl\u0259r m\u0259hz F\u00fczulid\u0259n ba\u015flay\u0131b. Qaraba\u011f\u0131n d\u00fcnyaya a\u00e7\u0131lan hava qap\u0131s\u0131 kimi d\u0259y\u0259rl\u0259ndiril\u0259n F\u00fczuli Beyn\u0259lxalq Hava Liman\u0131n\u0131n t\u0259m\u0259li m\u0259hz bu ilin yanvar\u0131nda qoyulmu\u015fdur. Art\u0131q aeroport beyn\u0259lxalq statusa malikdir. Prezident \u0130lham \u018fliyev v\u0259 Birinci xan\u0131m Mehriban \u018fliyeva F\u00fczuli Beyn\u0259lxalq Hava Liman\u0131nda yarad\u0131lan \u015f\u0259raitl\u0259 tan\u0131\u015fl\u0131q zaman\u0131 bir daha bildirilmi\u015fdir ki, aeroportda g\u00f6r\u00fcl\u0259n b\u00fct\u00fcn i\u015fl\u0259r beyn\u0259lxalq norma v\u0259 standartlara uy\u011fun \u015f\u0259kild\u0259 h\u0259yata ke\u00e7irilib. F\u00fczuli Beyn\u0259lxalq Hava Liman\u0131n\u0131n Qaraba\u011f\u0131n hava qap\u0131s\u0131 kimi d\u0259y\u0259rl\u0259ndirilm\u0259si onun strateji v\u0259 iqtisadi \u0259h\u0259miyy\u0259tini qat-qat art\u0131r\u0131r.&#8221;<\/p>\n<p>Milli M\u0259clisin deputat\u0131\u00a0<strong>El\u015f\u0259n Musayev<\/strong>\u00a0is\u0259 hesab edir ki \u0130kinci Qaraba\u011f m\u00fcharib\u0259sind\u0259 Az\u0259rbaycan\u0131n q\u0259l\u0259b\u0259si d\u00f6vl\u0259timiz \u00fc\u00e7\u00fcn h\u0259m d\u0259 yeni stimul, m\u0259n\u0259vi rahatl\u0131q anlam\u0131n\u0131 da\u015f\u0131y\u0131r. Bu stimul, rahatl\u0131q is\u0259 i\u015f\u0131ql\u0131 g\u0259l\u0259c\u0259yin n\u00f6vb\u0259ti m\u00fcjd\u0259\u00e7isidir: &#8220;Art\u0131q i\u015f\u011faldan azad olunan torpaqlarda yenid\u0259nqurma, b\u0259rpa i\u015fl\u0259ri gedir. D\u00f6vl\u0259timiz b\u00fct\u00fcn g\u00fcc\u00fcn\u00fc s\u0259f\u0259rb\u0259r edib ki, h\u0259min torpaqlar yenid\u0259n dir\u00e7\u0259lsin, insanlar tezlikl\u0259 \u00f6z do\u011fma yurd-yuvalar\u0131na qay\u0131ts\u0131n. \u00dcst\u0259lik, bu planl\u0131 i\u015fl\u0259r olduqca s\u00fcr\u0259tl\u0259 gedir. A\u011f\u0131ll\u0131 \u015f\u0259h\u0259r v\u0259 k\u0259nd ideyas\u0131 ilk g\u00fcnd\u0259n \u00f6z realiz\u0259sin\u0259 ba\u015flay\u0131b, infrastrukrurun qurulmas\u0131 prosesi g\u00fcnb\u0259g\u00fcn ir\u0259lil\u0259yir, regiona b\u00f6y\u00fck d\u00f6vl\u0259t s\u0259rmay\u0259si c\u0259lb edilib, yollar \u00e7\u0259kilir, elektrik stansiyalar\u0131 tikilir. Bir azdan Qaraba\u011f \u00e7ox d\u0259yi\u015f\u0259c\u0259k, \u00e7ox g\u00f6z\u0259ll\u0259\u015f\u0259c\u0259k. \u00c7\u00fcnki art\u0131q azadd\u0131r, \u00e7\u00fcnki art\u0131q rahat n\u0259f\u0259s al\u0131r, \u00e7\u00fcnki art\u0131q onun qeydin\u0259 qalan, onun qay\u011f\u0131s\u0131n\u0131 \u00e7\u0259k\u0259n var&#8221;.<\/p>\n<p>Mill\u0259t v\u0259kili\u00a0<strong>V\u00fcqar Bayramov<\/strong>\u00a0is\u0259 bildirib ki, azad edilmi\u015f \u015f\u0259h\u0259rl\u0259rimizin v\u0259 rayonlar\u0131m\u0131z\u0131n daha q\u0131sa zaman \u0259rzind\u0259 b\u0259rpas\u0131 v\u0259 yenid\u0259nqurulmas\u0131 h\u0259yat\u0131n daha tez zamanda h\u0259min \u0259razil\u0259r\u0259 qay\u0131tmas\u0131na imkan ver\u0259c\u0259k: &#8220;Eyni zamanda, n\u0259z\u0259r\u0259 alsaq ki, i\u015f\u011faldan azad edilmi\u015f \u0259razil\u0259rimizd\u0259 b\u00fct\u00fcn ya\u015fay\u0131\u015f m\u0259nt\u0259q\u0259l\u0259ri &#8220;a\u011f\u0131ll\u0131 \u015f\u0259h\u0259r&#8221; v\u0259 &#8220;a\u011f\u0131ll\u0131 k\u0259nd&#8221; konsepsiya\u0131na uy\u011fun olaraq qurulacaq, bunun \u00fcst\u00fcnl\u00fcy\u00fc ondan ibar\u0259t olacaq ki, i\u015f\u011faldan azad edilmi\u015f v\u0259 i\u015f\u011fala q\u0259d\u0259r aqrar rayonlar kimi tan\u0131nan rayonar\u0131m\u0131zda da s\u0259nayeni inki\u015faf etdirm\u0259k m\u00fcmk\u00fcn olacaq. A\u011fdamda s\u0259naye park\u0131n\u0131n yarad\u0131lmas\u0131 da m\u0259hz bundan x\u0259b\u0259r verir. N\u0259z\u0259r\u0259 alsaq ki, s\u0259naye park\u0131na s\u0259naye sektorunun f\u0259rqli sah\u0259l\u0259ri \u00fczr\u0259 s\u0259rmay\u0259nin c\u0259lb edilm\u0259si n\u0259z\u0259rd\u0259 tutulur, bu konteksd\u0259, i\u015f\u011faldan azad edilmi\u015f \u0259razil\u0259rimizd\u0259 d\u00f6rd iqtisadi m\u0259rk\u0259zin formala\u015fd\u0131r\u0131lmas\u0131 h\u0259yata ke\u00e7iril\u0259c\u0259k v\u0259 bu da s\u0259naye d\u0259 daxil olmaqla f\u0259rqli sektorlar\u0131n\u0131 inki\u015faf\u0131na z\u0259min yaradacaq.<\/p>\n<p>Eyni zamanda, &#8220;a\u011f\u0131ll\u0131 \u015f\u0259h\u0259r&#8221; v\u0259 &#8220;a\u011f\u0131ll\u0131 k\u0259nd&#8221; modeli h\u0259m kommunal xidm\u0259tl\u0259r\u0259 \u00e7\u0131x\u0131\u015f imkanlar\u0131n\u0131 art\u0131racaq, sosial xidm\u0259tl\u0259r\u0259 \u0259l\u00e7atanl\u0131\u011f\u0131 geni\u015fl\u0259ndir\u0259c\u0259k. Bu bax\u0131mdan, i\u015f\u011faldan azad edilmi\u015f \u0259razil\u0259rimizd\u0259 qurulan inki\u015faf modeli sonrak\u0131 m\u0259rh\u0259l\u0259d\u0259 Az\u0259rbaycan iqtisadiyyat\u0131na da b\u00f6y\u00fck t\u00f6hf\u0259 ver\u0259c\u0259k&#8221;.<\/p>\n","protected":false},"excerpt":{"rendered":"<p>44 g\u00fcnl\u00fck V\u0259t\u0259n m\u00fcharib\u0259si v\u0259 torpaqlar\u0131m\u0131z\u0131n m\u0259nfur d\u00fc\u015fm\u0259nd\u0259n azad olunmas\u0131 \u015fanl\u0131 q\u0259hr\u0259manl\u0131q dastan\u0131 kimi tariximizin q\u0131z\u0131l yadda\u015f\u0131nda \u0259b\u0259di h\u0259kk olundu.Tarixi Z\u0259f\u0259rd\u0259n sonra Qaraba\u011fda ba\u015flad\u0131lan quruculuq i\u015fl\u0259ri s\u00fcr\u0259tl\u0259 davam etdrilir. \u0130\u015f\u011faldan azad edilmi\u015f \u0259razil\u0259rimizd\u0259 b\u00f6y\u00fck infrastruktur, enerji, kommunal xidm\u0259t obyektl\u0259rinin bir qismi istifad\u0259y\u0259 verilib, haz\u0131rda n\u0259qliyyat infrastrukturlar\u0131n\u0131n in\u015fas\u0131 s\u00fcr\u0259tl\u0259 davam etdirilir. Son 25-30 ild\u0259 d\u00fcnya miqyas\u0131nda post-m\u00fcnaqi\u015f\u0259 d\u00f6vr\u00fcnd\u0259 d\u00f6vl\u0259tl\u0259r t\u0259r\u0259find\u0259n bu miqyasda yenid\u0259nqurma i\u015fl\u0259ri h\u0259yata ke\u00e7irilm\u0259yib. Yeni Az\u0259rbaycan Partiyas\u0131 (YAP) X\u0259tai rayon t\u0259\u015fkilat\u0131n\u0131n s\u0259dri, siyasi elml\u0259r doktoru\u00a0V\u00fcqar R\u0259himzad\u0259nin\u00a0s\u00f6zl\u0259rin\u0259 g\u00f6r\u0259 azad edilmi\u015f \u0259razil\u0259rimizd\u0259 yol infrastrukturu s\u00fcr\u0259tl\u0259 yenil\u0259nir: &#8220;Bu istiqam\u0259td\u0259 ilk i\u015fl\u0259r m\u0259hz&hellip;<\/p>\n","protected":false},"author":2,"featured_media":395502,"comment_status":"closed","ping_status":"closed","sticky":false,"template":"","format":"standard","meta":{"om_disable_all_campaigns":false,"_monsterinsights_skip_tracking":false,"_monsterinsights_sitenote_active":false,"_monsterinsights_sitenote_note":"","_monsterinsights_sitenote_category":0},"categories":[4],"tags":[],"aioseo_notices":[],"gutentor_comment":0,"rttpg_featured_image_url":{"full":["https:\/\/arantv.az\/wp-content\/uploads\/2021\/10\/990582.jpg",800,600,false],"landscape":["https:\/\/arantv.az\/wp-content\/uploads\/2021\/10\/990582.jpg",800,600,false],"portraits":["https:\/\/arantv.az\/wp-content\/uploads\/2021\/10\/990582.jpg",800,600,false],"thumbnail":["https:\/\/arantv.az\/wp-content\/uploads\/2021\/10\/990582-500x280.jpg",500,280,true],"medium":["https:\/\/arantv.az\/wp-content\/uploads\/2021\/10\/990582-487x365.jpg",487,365,true],"large":["https:\/\/arantv.az\/wp-content\/uploads\/2021\/10\/990582.jpg",640,480,false],"1536x1536":["https:\/\/arantv.az\/wp-content\/uploads\/2021\/10\/990582.jpg",800,600,false],"2048x2048":["https:\/\/arantv.az\/wp-content\/uploads\/2021\/10\/990582.jpg",800,600,false],"post-thumbnail":["https:\/\/arantv.az\/wp-content\/uploads\/2021\/10\/990582-240x172.jpg",240,172,true],"advps-thumb-one":["https:\/\/arantv.az\/wp-content\/uploads\/2021\/10\/990582.jpg",800,600,false]},"rttpg_author":{"display_name":"V\u00fcsal Rafiqo\u011flu","author_link":"https:\/\/arantv.az\/?author=2"},"rttpg_comment":0,"rttpg_category":"<a href=\"https:\/\/arantv.az\/?cat=4\" rel=\"category\">Siyas\u0259t<\/a>","rttpg_excerpt":"44 g\u00fcnl\u00fck V\u0259t\u0259n m\u00fcharib\u0259si v\u0259 torpaqlar\u0131m\u0131z\u0131n m\u0259nfur d\u00fc\u015fm\u0259nd\u0259n azad olunmas\u0131 \u015fanl\u0131 q\u0259hr\u0259manl\u0131q dastan\u0131 kimi tariximizin q\u0131z\u0131l yadda\u015f\u0131nda \u0259b\u0259di h\u0259kk olundu.Tarixi Z\u0259f\u0259rd\u0259n sonra Qaraba\u011fda ba\u015flad\u0131lan quruculuq i\u015fl\u0259ri s\u00fcr\u0259tl\u0259 davam etdrilir. \u0130\u015f\u011faldan azad edilmi\u015f \u0259razil\u0259rimizd\u0259 b\u00f6y\u00fck infrastruktur, enerji, kommunal xidm\u0259t obyektl\u0259rinin bir qismi istifad\u0259y\u0259 verilib, haz\u0131rda n\u0259qliyyat infrastrukturlar\u0131n\u0131n in\u015fas\u0131 s\u00fcr\u0259tl\u0259 davam etdirilir. Son 25-30 ild\u0259 d\u00fcnya miqyas\u0131nda&hellip;","_links":{"self":[{"href":"https:\/\/arantv.az\/index.php?rest_route=\/wp\/v2\/posts\/395501"}],"collection":[{"href":"https:\/\/arantv.az\/index.php?rest_route=\/wp\/v2\/posts"}],"about":[{"href":"https:\/\/arantv.az\/index.php?rest_route=\/wp\/v2\/types\/post"}],"author":[{"embeddable":true,"href":"https:\/\/arantv.az\/index.php?rest_route=\/wp\/v2\/users\/2"}],"replies":[{"embeddable":true,"href":"https:\/\/arantv.az\/index.php?rest_route=%2Fwp%2Fv2%2Fcomments&post=395501"}],"version-history":[{"count":0,"href":"https:\/\/arantv.az\/index.php?rest_route=\/wp\/v2\/posts\/395501\/revisions"}],"wp:featuredmedia":[{"embeddable":true,"href":"https:\/\/arantv.az\/index.php?rest_route=\/wp\/v2\/media\/395502"}],"wp:attachment":[{"href":"https:\/\/arantv.az\/index.php?rest_route=%2Fwp%2Fv2%2Fmedia&parent=395501"}],"wp:term":[{"taxonomy":"category","embeddable":true,"href":"https:\/\/arantv.az\/index.php?rest_route=%2Fwp%2Fv2%2Fcategories&post=395501"},{"taxonomy":"post_tag","embeddable":true,"href":"https:\/\/arantv.az\/index.php?rest_route=%2Fwp%2Fv2%2Ftags&post=395501"}],"curies":[{"name":"wp","href":"https:\/\/api.w.org\/{rel}","templated":true}]}}