{"id":395504,"date":"2021-10-26T09:42:03","date_gmt":"2021-10-26T06:42:03","guid":{"rendered":"http:\/\/arantv.az\/?p=395504"},"modified":"2021-10-26T09:42:03","modified_gmt":"2021-10-26T06:42:03","slug":"n%c9%99-ist%c9%99yirl%c9%99r-yazsinlar-cingiz-abdullayev-muzakir%c9%99l%c9%99r%c9%99-s%c9%99b%c9%99b-olan-statusundan-danisdi","status":"publish","type":"post","link":"https:\/\/arantv.az\/?p=395504","title":{"rendered":"&#8220;N\u0259 ist\u0259yirl\u0259r yazs\u0131nlar&#8221; &#8211; \u00c7ingiz Abdullayev m\u00fczakir\u0259l\u0259r\u0259 s\u0259b\u0259b olan statusundan dan\u0131\u015fd\u0131"},"content":{"rendered":"<p>&#8220;\u0130stanbul hava liman\u0131nda \u00fczl\u0259\u015fdiyim situasiya il\u0259 ba\u011fl\u0131 yazd\u0131\u011f\u0131m statusun sosial \u015f\u0259b\u0259k\u0259l\u0259rd\u0259 geni\u015f m\u00fczakir\u0259l\u0259r\u0259 s\u0259b\u0259b olmas\u0131ndan x\u0259b\u0259rim yoxdur&#8221;.<\/p>\n<p><strong>ARANTV.AZ <\/strong>\u00a0x\u0259b\u0259r verir ki, bunu &#8220;Report&#8221;a a\u00e7\u0131qlamas\u0131nda Az\u0259rbaycan Yaz\u0131\u00e7\u0131lar Birliyinin birinci katibi, Xalq yaz\u0131\u00e7\u0131s\u0131 \u00c7ingiz Abdullayev deyib.<\/p>\n<p><strong>O bildirib ki, statusu yazmaqda m\u0259qs\u0259di u\u015fa\u011f\u0131n simas\u0131ndak\u0131 t\u0259b\u0259ss\u00fcm\u00fc v\u0259 sevincini b\u00f6l\u00fc\u015fm\u0259k olub:<\/strong>\u00a0&#8220;Qoy, olsun, n\u0259 ist\u0259yirl\u0259r desinl\u0259r, yazs\u0131nlar. M\u0259nim bu m\u00fczakir\u0259l\u0259rd\u0259n he\u00e7 x\u0259b\u0259rim d\u0259 yoxdur. \u00c7ox sa\u011f olun ki, dediniz, m\u0259lumat\u0131m oldu&#8221;.<\/p>\n<p><strong>Qeyd ed\u0259k ki, Xalq yaz\u0131\u00e7\u0131s\u0131 \u00f6t\u0259n g\u00fcn sosial \u015f\u0259b\u0259k\u0259d\u0259ki hesab\u0131nda yaz\u0131b:<\/strong>\u00a0&#8220;Hadis\u0259 \u0130stanbul hava liman\u0131nda ba\u015f verib. Biznes salonda h\u0259mi\u015f\u0259 iki-\u00fc\u00e7 \u015f\u00fc\u015f\u0259 su g\u00f6t\u00fcr\u00fcr\u0259m. Amma u\u00e7u\u015fumuz gecikdi v\u0259 biz bir saatdan \u00e7ox t\u0259yyar\u0259y\u0259 minm\u0259yi g\u00f6zl\u0259dik. Yax\u0131nl\u0131qda n\u0259v\u0259m\u0259 ox\u015fayan balaca bir o\u011flan var idi. O, a\u011flayaraq n\u0259n\u0259sind\u0259n su ist\u0259di. O, \u00e7ar\u0259sizc\u0259 \u0259trafa baxd\u0131. He\u00e7 yerd\u0259 su yox idi. Bir \u015f\u00fc\u015f\u0259 \u00e7\u0131xar\u0131b o\u011flana verdim. N\u0259n\u0259nin g\u00f6zl\u0259rini g\u00f6rm\u0259li idin. Amma \u0259n \u0259sas\u0131 odur ki, h\u0259yat\u0131mda \u00f6z\u00fcm\u00fc bu q\u0259d\u0259r rahat hiss etm\u0259mi\u015fdim&#8221;.<\/p>\n<p>\u00c7.Abdullayevin bu statusu geni\u015f m\u00fczakir\u0259l\u0259r\u0259 s\u0259b\u0259b olub. Sosial \u015f\u0259b\u0259k\u0259 istifad\u0259\u00e7il\u0259ri onu t\u0259nqid edibl\u0259r.<\/p>\n","protected":false},"excerpt":{"rendered":"<p>&#8220;\u0130stanbul hava liman\u0131nda \u00fczl\u0259\u015fdiyim situasiya il\u0259 ba\u011fl\u0131 yazd\u0131\u011f\u0131m statusun sosial \u015f\u0259b\u0259k\u0259l\u0259rd\u0259 geni\u015f m\u00fczakir\u0259l\u0259r\u0259 s\u0259b\u0259b olmas\u0131ndan x\u0259b\u0259rim yoxdur&#8221;. ARANTV.AZ \u00a0x\u0259b\u0259r verir ki, bunu &#8220;Report&#8221;a a\u00e7\u0131qlamas\u0131nda Az\u0259rbaycan Yaz\u0131\u00e7\u0131lar Birliyinin birinci katibi, Xalq yaz\u0131\u00e7\u0131s\u0131 \u00c7ingiz Abdullayev deyib. O bildirib ki, statusu yazmaqda m\u0259qs\u0259di u\u015fa\u011f\u0131n simas\u0131ndak\u0131 t\u0259b\u0259ss\u00fcm\u00fc v\u0259 sevincini b\u00f6l\u00fc\u015fm\u0259k olub:\u00a0&#8220;Qoy, olsun, n\u0259 ist\u0259yirl\u0259r desinl\u0259r, yazs\u0131nlar. M\u0259nim bu m\u00fczakir\u0259l\u0259rd\u0259n he\u00e7 x\u0259b\u0259rim d\u0259 yoxdur. \u00c7ox sa\u011f olun ki, dediniz, m\u0259lumat\u0131m oldu&#8221;. Qeyd ed\u0259k ki, Xalq yaz\u0131\u00e7\u0131s\u0131 \u00f6t\u0259n g\u00fcn sosial \u015f\u0259b\u0259k\u0259d\u0259ki hesab\u0131nda yaz\u0131b:\u00a0&#8220;Hadis\u0259 \u0130stanbul hava liman\u0131nda ba\u015f verib. Biznes salonda h\u0259mi\u015f\u0259 iki-\u00fc\u00e7 \u015f\u00fc\u015f\u0259 su g\u00f6t\u00fcr\u00fcr\u0259m. Amma&hellip;<\/p>\n","protected":false},"author":2,"featured_media":395505,"comment_status":"closed","ping_status":"closed","sticky":false,"template":"","format":"standard","meta":{"om_disable_all_campaigns":false,"_monsterinsights_skip_tracking":false,"_monsterinsights_sitenote_active":false,"_monsterinsights_sitenote_note":"","_monsterinsights_sitenote_category":0},"categories":[26],"tags":[],"aioseo_notices":[],"gutentor_comment":0,"rttpg_featured_image_url":{"full":["https:\/\/arantv.az\/wp-content\/uploads\/2021\/10\/4d6b6acfcf533a6b43ba199ab7c1fa31.jpg",450,300,false],"landscape":["https:\/\/arantv.az\/wp-content\/uploads\/2021\/10\/4d6b6acfcf533a6b43ba199ab7c1fa31.jpg",450,300,false],"portraits":["https:\/\/arantv.az\/wp-content\/uploads\/2021\/10\/4d6b6acfcf533a6b43ba199ab7c1fa31.jpg",450,300,false],"thumbnail":["https:\/\/arantv.az\/wp-content\/uploads\/2021\/10\/4d6b6acfcf533a6b43ba199ab7c1fa31-450x280.jpg",450,280,true],"medium":["https:\/\/arantv.az\/wp-content\/uploads\/2021\/10\/4d6b6acfcf533a6b43ba199ab7c1fa31.jpg",450,300,false],"large":["https:\/\/arantv.az\/wp-content\/uploads\/2021\/10\/4d6b6acfcf533a6b43ba199ab7c1fa31.jpg",450,300,false],"1536x1536":["https:\/\/arantv.az\/wp-content\/uploads\/2021\/10\/4d6b6acfcf533a6b43ba199ab7c1fa31.jpg",450,300,false],"2048x2048":["https:\/\/arantv.az\/wp-content\/uploads\/2021\/10\/4d6b6acfcf533a6b43ba199ab7c1fa31.jpg",450,300,false],"post-thumbnail":["https:\/\/arantv.az\/wp-content\/uploads\/2021\/10\/4d6b6acfcf533a6b43ba199ab7c1fa31-240x172.jpg",240,172,true],"advps-thumb-one":["https:\/\/arantv.az\/wp-content\/uploads\/2021\/10\/4d6b6acfcf533a6b43ba199ab7c1fa31.jpg",450,300,false]},"rttpg_author":{"display_name":"V\u00fcsal Rafiqo\u011flu","author_link":"https:\/\/arantv.az\/?author=2"},"rttpg_comment":0,"rttpg_category":"<a href=\"https:\/\/arantv.az\/?cat=26\" rel=\"category\">Sosial<\/a>","rttpg_excerpt":"&#8220;\u0130stanbul hava liman\u0131nda \u00fczl\u0259\u015fdiyim situasiya il\u0259 ba\u011fl\u0131 yazd\u0131\u011f\u0131m statusun sosial \u015f\u0259b\u0259k\u0259l\u0259rd\u0259 geni\u015f m\u00fczakir\u0259l\u0259r\u0259 s\u0259b\u0259b olmas\u0131ndan x\u0259b\u0259rim yoxdur&#8221;. ARANTV.AZ \u00a0x\u0259b\u0259r verir ki, bunu &#8220;Report&#8221;a a\u00e7\u0131qlamas\u0131nda Az\u0259rbaycan Yaz\u0131\u00e7\u0131lar Birliyinin birinci katibi, Xalq yaz\u0131\u00e7\u0131s\u0131 \u00c7ingiz Abdullayev deyib. O bildirib ki, statusu yazmaqda m\u0259qs\u0259di u\u015fa\u011f\u0131n simas\u0131ndak\u0131 t\u0259b\u0259ss\u00fcm\u00fc v\u0259 sevincini b\u00f6l\u00fc\u015fm\u0259k olub:\u00a0&#8220;Qoy, olsun, n\u0259 ist\u0259yirl\u0259r desinl\u0259r, yazs\u0131nlar. M\u0259nim bu m\u00fczakir\u0259l\u0259rd\u0259n&hellip;","_links":{"self":[{"href":"https:\/\/arantv.az\/index.php?rest_route=\/wp\/v2\/posts\/395504"}],"collection":[{"href":"https:\/\/arantv.az\/index.php?rest_route=\/wp\/v2\/posts"}],"about":[{"href":"https:\/\/arantv.az\/index.php?rest_route=\/wp\/v2\/types\/post"}],"author":[{"embeddable":true,"href":"https:\/\/arantv.az\/index.php?rest_route=\/wp\/v2\/users\/2"}],"replies":[{"embeddable":true,"href":"https:\/\/arantv.az\/index.php?rest_route=%2Fwp%2Fv2%2Fcomments&post=395504"}],"version-history":[{"count":0,"href":"https:\/\/arantv.az\/index.php?rest_route=\/wp\/v2\/posts\/395504\/revisions"}],"wp:featuredmedia":[{"embeddable":true,"href":"https:\/\/arantv.az\/index.php?rest_route=\/wp\/v2\/media\/395505"}],"wp:attachment":[{"href":"https:\/\/arantv.az\/index.php?rest_route=%2Fwp%2Fv2%2Fmedia&parent=395504"}],"wp:term":[{"taxonomy":"category","embeddable":true,"href":"https:\/\/arantv.az\/index.php?rest_route=%2Fwp%2Fv2%2Fcategories&post=395504"},{"taxonomy":"post_tag","embeddable":true,"href":"https:\/\/arantv.az\/index.php?rest_route=%2Fwp%2Fv2%2Ftags&post=395504"}],"curies":[{"name":"wp","href":"https:\/\/api.w.org\/{rel}","templated":true}]}}