{"id":395516,"date":"2021-10-26T09:44:31","date_gmt":"2021-10-26T06:44:31","guid":{"rendered":"http:\/\/arantv.az\/?p=395516"},"modified":"2021-10-26T09:44:31","modified_gmt":"2021-10-26T06:44:31","slug":"ilham-%c9%99liyev-putin-v%c9%99-pasinyan-gorus%c9%99c%c9%99kl%c9%99r-sulh-muqavil%c9%99si-r%c9%99smil%c9%99s%c9%99-bil%c9%99r","status":"publish","type":"post","link":"https:\/\/arantv.az\/?p=395516","title":{"rendered":"\u0130lham \u018fliyev, Putin v\u0259 Pa\u015finyan g\u00f6r\u00fc\u015f\u0259c\u0259kl\u0259r &#8211; s\u00fclh m\u00fcqavil\u0259si r\u0259smil\u0259\u015f\u0259 bil\u0259r"},"content":{"rendered":"<p><strong>Az\u0259rbaycan, Rusiya v\u0259 Erm\u0259nistan liderl\u0259rinin &#8211; \u0130lham \u018fliyev, Vladimir Putin, Nikol Pa\u015finyan\u0131n \u00fc\u00e7t\u0259r\u0259fli g\u00f6r\u00fc\u015f\u00fc noyabr\u0131n ilk ong\u00fcnl\u00fcy\u00fcnd\u0259 Moskvada ke\u00e7iril\u0259 bil\u0259r. Dan\u0131\u015f\u0131qlar\u0131n yekunlar\u0131na g\u00f6r\u0259 \u00fc\u00e7t\u0259r\u0259fli b\u0259yanat imzalanaca\u011f\u0131 g\u00f6zl\u0259nilir. X\u0259b\u0259ri &#8220;R\u0130A Novosti&#8221; \u00f6z\u0259l m\u0259nb\u0259l\u0259rin\u0259 istinadla yay\u0131b.<\/strong><\/p>\n<p>Qeyd ed\u0259k ki, bu haqda M\u00fcsavat.com da yazm\u0131\u015fd\u0131. S\u00f6hb\u0259t \u201carsax\u201d\u0131n c\u0259h\u0259nn\u0259m\u0259 vasil olmas\u0131ndan, erm\u0259nizmin m\u0259hvind\u0259n gedir. G\u00fcney Qafqaz\u0131n yol x\u0259rit\u0259si haz\u0131rd\u0131r. Az\u0259rbaycan\u0131n t\u0259klifi \u0259sas\u0131nda \u201c3+3&#8243; format\u0131 il\u0259 bu yol x\u0259rit\u0259si realla\u015f\u0131r. Az\u0259rbaycan-T\u00fcrkiy\u0259-Rusiya b\u00f6lg\u0259nin g\u0259l\u0259c\u0259yinin x\u0259rit\u0259sini \u00e7\u0259kir. Erm\u0259nistan bu gedi\u015fata m\u00fcqavim\u0259t g\u00f6st\u0259r\u0259 bilmir, bilm\u0259y\u0259c\u0259k d\u0259. Putin d\u0259 \u00f6t\u0259n h\u0259ft\u0259 \u201dValday&#8221; Konfrans\u0131nda Erm\u0259nistan hakimiyy\u0259tin\u0259 \u00e7a\u011f\u0131r\u0131\u015f etdi. Dedi ki, Z\u0259ng\u0259zur d\u0259hlizini a\u00e7\u0131n. Bu, h\u0259m d\u0259 erm\u0259ni c\u0259miyy\u0259tini Az\u0259rbaycan\u0131n dikt\u0259 etdiyi s\u00fclh sazi\u015fin\u0259 haz\u0131rlamaq, s\u0259sl\u0259m\u0259kdir. Erm\u0259nistan hakimiyy\u0259tinin v\u0259 c\u0259miyy\u0259tinin Az\u0259rbaycan qar\u015f\u0131s\u0131nda g\u00fcz\u0259\u015ft\u0259 getm\u0259kd\u0259n ba\u015fqa \u00e7\u0131x\u0131\u015f yolu yoxdur. Az\u0259rbaycan erm\u0259nil\u0259rin 150 illik \u00e7al\u0131\u015fmalar\u0131n\u0131 darmada\u011f\u0131n etdi, tarixin zibilliyin\u0259 atd\u0131. Az\u0259rbaycan \u0259razil\u0259rind\u0259 2-ci erm\u0259ni d\u00f6vl\u0259tinin yarad\u0131lmas\u0131n\u0131n qar\u015f\u0131s\u0131 al\u0131nd\u0131.<\/p>\n<p><img loading=\"lazy\" src=\"https:\/\/azertag.az\/files\/galleryphoto\/2018\/1\/1000x669\/15173249153222734792_1000x669.jpg\" alt=\"Hikm\u0259t Babao\u011flu: Az\u0259rbaycan iqtisadiyyat\u0131 yeni regional m\u0259rk\u0259zl\u0259rin  yarad\u0131lmas\u0131 il\u0259 n\u00f6vb\u0259ti keyfiyy\u0259t m\u0259rh\u0259l\u0259sin\u0259 q\u0259d\u0259m qoyub - AZ\u018fRTAC \u2013  Az\u0259rbaycan D\u00f6vl\u0259t \u0130nformasiya Agentliyi\" width=\"773\" height=\"510\" \/><\/p>\n<p><strong>Hikm\u0259t Babao\u011flu: \u201cYax\u0131n zamanlarda bu istiqam\u0259td\u0259 konkret add\u0131mlar\u0131n at\u0131lmas\u0131 g\u00f6zl\u0259nilir\u201d<\/strong><\/p>\n<p><strong>YAP-\u00e7\u0131 deputat Hikm\u0259t Babao\u011flu m\u00f6vzu il\u0259 ba\u011fl\u0131 a\u00e7\u0131qlamas\u0131nda dedi:<\/strong>\u00a0\u201cD\u00f6vl\u0259tl\u0259raras\u0131 m\u00fcnasib\u0259tl\u0259rd\u0259 \u0259lam\u0259tdar tarixi g\u00fcnl\u0259rl\u0259 ba\u011fl\u0131 qar\u015f\u0131l\u0131ql\u0131 t\u0259brikl\u0259r v\u0259 bu t\u0259brikl\u0259rin m\u0259zmunu bir qayda olaraq standart diplomatik protokolla t\u0259nziml\u0259nir. Ona g\u00f6r\u0259 d\u0259 bu diplomatik m\u00fcbadil\u0259 x\u00fcsusi bir ayr\u0131cal\u0131q, yaxud m\u00fcnasib\u0259td\u0259n daha \u00e7ox \u00fcmumi n\u0259zak\u0259t xarakteri da\u015f\u0131y\u0131r. Az\u0259rbaycan\u0131n \u00f6z d\u00f6vl\u0259t m\u00fcst\u0259qilliyini b\u0259rpa etm\u0259sinin 30 illiyi xalq\u0131m\u0131z\u0131n d\u00f6vl\u0259t\u00e7ilik tarixind\u0259 m\u00fch\u00fcm bir hadis\u0259dir. \u018fn \u00f6nd\u0259 duran m\u0259s\u0259l\u0259l\u0259rd\u0259n biri d\u0259 odur ki, biz m\u00fcst\u0259qilliyimizin b\u0259rpas\u0131n\u0131n 30-cu ild\u00f6n\u00fcm\u00fcn\u00fc ilk d\u0259f\u0259dir ki, \u0259razi b\u00fct\u00f6vl\u00fcy\u00fcm\u00fcz\u00fc b\u0259rpa ed\u0259r\u0259k qeyd edirik. N\u0259z\u0259r\u0259 almaq laz\u0131md\u0131r ki, torpaqlar\u0131m\u0131z m\u00fcst\u0259qilliyimizi b\u0259rpa etdiyimiz ilk ill\u0259rd\u0259n ba\u015flayaraq i\u015f\u011fala m\u0259ruz qalma\u011fa ba\u015flam\u0131\u015fd\u0131 v\u0259 bu, 30 il\u0259 yax\u0131n bir m\u00fcdd\u0259t \u0259rzind\u0259 davam etdi . Haz\u0131rda biz \u0259razi b\u00fct\u00f6vl\u00fcy\u00fcm\u00fcz\u00fc b\u0259rpa etm\u0259kl\u0259 ist\u0259r d\u00f6vl\u0259tl\u0259raras\u0131 m\u00fcnasib\u0259tl\u0259rd\u0259, ist\u0259rs\u0259 d\u0259 beyn\u0259lxalq m\u00fcnasib\u0259tl\u0259rin dig\u0259r i\u015ftirak\u00e7\u0131lar\u0131 il\u0259 m\u00fcnasib\u0259tl\u0259rd\u0259 tamamil\u0259 yeni bir m\u0259rh\u0259l\u0259y\u0259 q\u0259d\u0259m qoymu\u015fuq . Bu is\u0259 \u00f6zl\u00fcy\u00fcnd\u0259 yeni keyfiyy\u0259t d\u0259yi\u015fikliyini v\u0259 yaranm\u0131\u015f yeni m\u0259rh\u0259l\u0259d\u0259 bir q\u0259d\u0259r f\u0259rqli m\u00fcnasib\u0259tl\u0259ri z\u0259ruri edir. Haz\u0131rda yaranm\u0131\u015f geostrateji ger\u00e7\u0259kliyin m\u0259nims\u0259nilm\u0259si v\u0259 ona adekvat m\u00fcnasib\u0259tin formala\u015fmas\u0131 m\u0259rh\u0259l\u0259sind\u0259yik. Bu bir prosesdir v\u0259 m\u00fc\u0259yy\u0259n m\u00fcdd\u0259t davam ed\u0259c\u0259k. Y\u0259ni reall\u0131q bundan ibar\u0259tdir. AT\u018fT-in Minsk Qrupunun h\u0259ms\u0259dri olan \u00f6lk\u0259l\u0259rin davran\u0131\u015flar\u0131na g\u0259ldikd\u0259 is\u0259 m\u0259s\u0259l\u0259 bel\u0259dir ki, biz ist\u0259r 30 illik m\u00fcnaqi\u015f\u0259 d\u00f6vr\u00fcnd\u0259, ist\u0259rs\u0259 d\u0259 44 g\u00fcnl\u00fck m\u00fcharib\u0259 v\u0259 ondan sonrak\u0131 postm\u00fcharib\u0259 m\u0259rh\u0259l\u0259sind\u0259 bu m\u00fcnasib\u0259tin nec\u0259 oldu\u011funu bilirik. Ancaq bu m\u00fcnasib\u0259tin nec\u0259 olmas\u0131ndan as\u0131l\u0131 olmayaraq Az\u0259rbaycan\u0131n yaratd\u0131\u011f\u0131 yeni reall\u0131\u011f\u0131n art\u0131q q\u0259bul edildiyini d\u0259 g\u00f6r\u00fcr\u00fck. Ona g\u00f6r\u0259 d\u0259 standart diplomatik protokolda biz\u0259 qar\u015f\u0131 m\u00fcnasib\u0259t nec\u0259 olacaqsa bizim davran\u0131\u015f\u0131m\u0131z da el\u0259 ona adekvat olacaq. \u018fsas m\u0259s\u0259l\u0259 is\u0259 ondan ibar\u0259tdir ki, art\u0131q regonda uzunm\u00fcdd\u0259tli s\u00fclh\u00fcn b\u0259rq\u0259rar olmas\u0131 v\u0259 kommunikasiyalar\u0131n a\u00e7\u0131lmas\u0131 \u00fc\u00e7\u00fcn olduqca m\u00fclayim iqlim formala\u015f\u0131b v\u0259 yax\u0131n zamanlarda bu istiqam\u0259td\u0259 konkret add\u0131mlar\u0131n at\u0131lmas\u0131 g\u00f6zl\u0259nilir\u201d.<\/p>\n<p><img src=\"http:\/\/avropa.info\/ckfinder\/userfiles\/files\/%C9%99h%C9%99d%20m%C9%99mm%C9%99dli.jpg\" alt=\"\u018fh\u0259d M\u0259mm\u0259dli s\u0259rb\u0259st burax\u0131ld\u0131 \u2013 Yenil\u0259nib\" \/><\/p>\n<p><strong>\u018fh\u0259d M\u0259mm\u0259dli: \u201cRusiyan\u0131 da buna raz\u0131 salmal\u0131y\u0131q\u201d<\/strong><\/p>\n<p><strong>Siyasi \u015f\u0259rh\u00e7i \u018fh\u0259d M\u0259mm\u0259dli h\u0259r \u015feyin Erm\u0259nistan\u0131n Az\u0259rbaycan \u0259razil\u0259rini tan\u0131mas\u0131ndan as\u0131l\u0131 oldu\u011funu qeyd etdi:<\/strong>\u00a0\u201cBu bar\u0259d\u0259 s\u00f6hb\u0259tl\u0259r gedir. S\u00fclh m\u00fcqavil\u0259sinin olaca\u011f\u0131 \u00f6n\u0259 \u00e7\u0259kilir. Do\u011frudur, r\u0259smi \u015f\u0259kild\u0259 a\u00e7\u0131qlanma olmay\u0131b. D\u00f6vl\u0259t ba\u015f\u00e7\u0131lar\u0131n\u0131n, nazirl\u0259rin, dini r\u0259hb\u0259rl\u0259rin \u00e7\u0131x\u0131\u015flar\u0131n\u0131n edilm\u0259si onu g\u00f6st\u0259rir ki, hans\u0131sa raz\u0131la\u015fma gedilir. S\u00fclh m\u00fcqavil\u0259si, yaxud 10 noyabr raz\u0131la\u015fmas\u0131n\u0131n, daha da t\u0259kmill\u0259\u015fdirilmi\u015f formas\u0131 olacaqm\u0131? Bunu zaman g\u00f6st\u0259r\u0259c\u0259k. Az\u0259rbaycan\u0131n maraqlar\u0131na cavab verir ki, s\u00fclh m\u00fcqavil\u0259si olsun, amma bir \u015f\u0259rtl\u0259 ki, Erm\u0259nistan Az\u0259rbaycan\u0131n \u0259razi b\u00fct\u00f6vl\u00fcy\u00fcn\u00fc tan\u0131s\u0131n. Qaraba\u011f r\u0259smi \u015f\u0259kild\u0259 \u0259razimiz kimi Erm\u0259nistan t\u0259r\u0259find\u0259n tan\u0131nmal\u0131d\u0131r. Bu ba\u015f tutmad\u0131\u011f\u0131 v\u0259ziyy\u0259td\u0259 m\u0259s\u0259l\u0259 uzanacaq. Erm\u0259nistan\u0131n da vaxt udmaq \u00fc\u00e7\u00fcn imkanlar\u0131 yaranacaq ki, \u00f6z\u00fcn\u0259 g\u0259lsin, iqtisadi, h\u0259rbi bax\u0131mdan n\u0259l\u0259rs\u0259 qazans\u0131n v\u0259 sonra da yenid\u0259n iddialar\u0131n\u0131 ortaya qoysun. Erm\u0259nistan\u0131 \u015f\u0259rtl\u0259rimizi q\u0259bul etm\u0259y\u0259 m\u0259cbur etm\u0259liyik, h\u0259m\u00e7inin Rusiyan\u0131 da buna raz\u0131 salmal\u0131y\u0131q\u201d.<\/p>\n<p><img loading=\"lazy\" src=\"https:\/\/cdn.musavat.com\/news\/thumbnails\/013c78976c851960fd0e1102420fea09.jpg\" alt=\"azer huseynov.jpg (95 KB)\" width=\"820\" height=\"546\" \/><\/p>\n<p><strong>Az\u0259r H\u00fcseynov: \u201cRegion \u00f6lk\u0259si olmayan ist\u0259nil\u0259n g\u00fcc\u00fc burada neytralla\u015fd\u0131rmaq laz\u0131md\u0131r\u201d<\/strong><\/p>\n<p><strong>Siyasi \u015f\u0259rh\u00e7i Az\u0259r H\u00fcseynov is\u0259 vur\u011fulad\u0131 ki, Az\u0259rbaycan \u0259razisind\u0259 ikinci erm\u0259ni d\u00f6vl\u0259ti yaranmayacaq:<\/strong>\u00a0\u201cRuslar s\u00fclh m\u00fcqavil\u0259sinin h\u0259mm\u00fc\u0259llifi olacaq. T\u00fcrkl\u0259r buna raz\u0131l\u0131q veribdir. M\u0259n bu haqda demi\u015fdim. D\u00fc\u015f\u00fcn\u00fcr\u0259m ki, sad\u0259c\u0259, bir m\u0259s\u0259l\u0259 var. Bu qay\u011f\u0131m\u0131 dil\u0259 g\u0259tirmi\u015f\u0259m. Erm\u0259nil\u0259r\u0259, y\u0259ni bizim Qaraba\u011fda ya\u015fayan, \u00fcz\u00fcm\u00fcz\u0259 a\u011f olan v\u0259t\u0259nda\u015flar\u0131m\u0131za ruslar\u0131n timsal\u0131nda m\u00fc\u0259yy\u0259n m\u00fcdd\u0259t\u0259 beyn\u0259lxalq qarant durulsun, ke\u00e7id d\u00f6vr\u00fcnd\u0259. Erm\u0259nil\u0259r \u00f6z daxill\u0259rind\u0259 bunun q\u0131r\u011f\u0131n\u0131n\u0131 edirl\u0259r. Q\u0259fil m\u00fcharib\u0259ni dayand\u0131ran Pa\u015finyan indi d\u0259 \u00e7\u0131x\u0131b dey\u0259c\u0259k: \u201dBiz bu a\u011f\u0131r q\u0259rar\u0131 q\u0259bul etdik. \u0130ndiki zamanda \u201carsax\u201d\u0131n statusundan \u00e7ox oradak\u0131 erm\u0259nil\u0259rin t\u0259hl\u00fck\u0259sizliyi laz\u0131md\u0131r. Ona g\u00f6r\u0259 biz buna raz\u0131 olduq&#8221;. Amma bu, sad\u0259c\u0259, malalamad\u0131r. B\u0259s biz bu beyn\u0259lxalq qarant\u0131 nec\u0259 neytralla\u015fd\u0131ra bil\u0259rik? Bunu t\u00fcrk h\u0259rb\u00e7il\u0259rinin i\u015ftirak\u0131 il\u0259 etm\u0259k m\u00fcmk\u00fcnd\u00fcr. Bir d\u0259 region \u00f6lk\u0259si olmayan ist\u0259nil\u0259n g\u00fcc\u00fc burada neytralla\u015fd\u0131rmaq laz\u0131md\u0131r. Kims\u0259 uzaqdan g\u0259lirs\u0259, regiona maraqlar\u0131n\u0131 g\u0259tirir. Bu is\u0259 regionun he\u00e7 bir \u00f6lk\u0259sin\u0259 laz\u0131m deyildir&#8221;.<\/p>\n","protected":false},"excerpt":{"rendered":"<p>Az\u0259rbaycan, Rusiya v\u0259 Erm\u0259nistan liderl\u0259rinin &#8211; \u0130lham \u018fliyev, Vladimir Putin, Nikol Pa\u015finyan\u0131n \u00fc\u00e7t\u0259r\u0259fli g\u00f6r\u00fc\u015f\u00fc noyabr\u0131n ilk ong\u00fcnl\u00fcy\u00fcnd\u0259 Moskvada ke\u00e7iril\u0259 bil\u0259r. Dan\u0131\u015f\u0131qlar\u0131n yekunlar\u0131na g\u00f6r\u0259 \u00fc\u00e7t\u0259r\u0259fli b\u0259yanat imzalanaca\u011f\u0131 g\u00f6zl\u0259nilir. X\u0259b\u0259ri &#8220;R\u0130A Novosti&#8221; \u00f6z\u0259l m\u0259nb\u0259l\u0259rin\u0259 istinadla yay\u0131b. Qeyd ed\u0259k ki, bu haqda M\u00fcsavat.com da yazm\u0131\u015fd\u0131. S\u00f6hb\u0259t \u201carsax\u201d\u0131n c\u0259h\u0259nn\u0259m\u0259 vasil olmas\u0131ndan, erm\u0259nizmin m\u0259hvind\u0259n gedir. G\u00fcney Qafqaz\u0131n yol x\u0259rit\u0259si haz\u0131rd\u0131r. Az\u0259rbaycan\u0131n t\u0259klifi \u0259sas\u0131nda \u201c3+3&#8243; format\u0131 il\u0259 bu yol x\u0259rit\u0259si realla\u015f\u0131r. Az\u0259rbaycan-T\u00fcrkiy\u0259-Rusiya b\u00f6lg\u0259nin g\u0259l\u0259c\u0259yinin x\u0259rit\u0259sini \u00e7\u0259kir. Erm\u0259nistan bu gedi\u015fata m\u00fcqavim\u0259t g\u00f6st\u0259r\u0259 bilmir, bilm\u0259y\u0259c\u0259k d\u0259. Putin d\u0259 \u00f6t\u0259n h\u0259ft\u0259 \u201dValday&#8221; Konfrans\u0131nda Erm\u0259nistan hakimiyy\u0259tin\u0259 \u00e7a\u011f\u0131r\u0131\u015f etdi. Dedi ki,&hellip;<\/p>\n","protected":false},"author":2,"featured_media":395517,"comment_status":"closed","ping_status":"closed","sticky":false,"template":"","format":"standard","meta":{"om_disable_all_campaigns":false,"_monsterinsights_skip_tracking":false,"_monsterinsights_sitenote_active":false,"_monsterinsights_sitenote_note":"","_monsterinsights_sitenote_category":0},"categories":[4],"tags":[],"aioseo_notices":[],"gutentor_comment":0,"rttpg_featured_image_url":{"full":["https:\/\/arantv.az\/wp-content\/uploads\/2021\/10\/721bcbaed3d26382553b30038a60f909.jpg",450,300,false],"landscape":["https:\/\/arantv.az\/wp-content\/uploads\/2021\/10\/721bcbaed3d26382553b30038a60f909.jpg",450,300,false],"portraits":["https:\/\/arantv.az\/wp-content\/uploads\/2021\/10\/721bcbaed3d26382553b30038a60f909.jpg",450,300,false],"thumbnail":["https:\/\/arantv.az\/wp-content\/uploads\/2021\/10\/721bcbaed3d26382553b30038a60f909-450x280.jpg",450,280,true],"medium":["https:\/\/arantv.az\/wp-content\/uploads\/2021\/10\/721bcbaed3d26382553b30038a60f909.jpg",450,300,false],"large":["https:\/\/arantv.az\/wp-content\/uploads\/2021\/10\/721bcbaed3d26382553b30038a60f909.jpg",450,300,false],"1536x1536":["https:\/\/arantv.az\/wp-content\/uploads\/2021\/10\/721bcbaed3d26382553b30038a60f909.jpg",450,300,false],"2048x2048":["https:\/\/arantv.az\/wp-content\/uploads\/2021\/10\/721bcbaed3d26382553b30038a60f909.jpg",450,300,false],"post-thumbnail":["https:\/\/arantv.az\/wp-content\/uploads\/2021\/10\/721bcbaed3d26382553b30038a60f909-240x172.jpg",240,172,true],"advps-thumb-one":["https:\/\/arantv.az\/wp-content\/uploads\/2021\/10\/721bcbaed3d26382553b30038a60f909.jpg",450,300,false]},"rttpg_author":{"display_name":"V\u00fcsal Rafiqo\u011flu","author_link":"https:\/\/arantv.az\/?author=2"},"rttpg_comment":0,"rttpg_category":"<a href=\"https:\/\/arantv.az\/?cat=4\" rel=\"category\">Siyas\u0259t<\/a>","rttpg_excerpt":"Az\u0259rbaycan, Rusiya v\u0259 Erm\u0259nistan liderl\u0259rinin &#8211; \u0130lham \u018fliyev, Vladimir Putin, Nikol Pa\u015finyan\u0131n \u00fc\u00e7t\u0259r\u0259fli g\u00f6r\u00fc\u015f\u00fc noyabr\u0131n ilk ong\u00fcnl\u00fcy\u00fcnd\u0259 Moskvada ke\u00e7iril\u0259 bil\u0259r. Dan\u0131\u015f\u0131qlar\u0131n yekunlar\u0131na g\u00f6r\u0259 \u00fc\u00e7t\u0259r\u0259fli b\u0259yanat imzalanaca\u011f\u0131 g\u00f6zl\u0259nilir. X\u0259b\u0259ri &#8220;R\u0130A Novosti&#8221; \u00f6z\u0259l m\u0259nb\u0259l\u0259rin\u0259 istinadla yay\u0131b. Qeyd ed\u0259k ki, bu haqda M\u00fcsavat.com da yazm\u0131\u015fd\u0131. S\u00f6hb\u0259t \u201carsax\u201d\u0131n c\u0259h\u0259nn\u0259m\u0259 vasil olmas\u0131ndan, erm\u0259nizmin m\u0259hvind\u0259n gedir. G\u00fcney Qafqaz\u0131n yol x\u0259rit\u0259si haz\u0131rd\u0131r.&hellip;","_links":{"self":[{"href":"https:\/\/arantv.az\/index.php?rest_route=\/wp\/v2\/posts\/395516"}],"collection":[{"href":"https:\/\/arantv.az\/index.php?rest_route=\/wp\/v2\/posts"}],"about":[{"href":"https:\/\/arantv.az\/index.php?rest_route=\/wp\/v2\/types\/post"}],"author":[{"embeddable":true,"href":"https:\/\/arantv.az\/index.php?rest_route=\/wp\/v2\/users\/2"}],"replies":[{"embeddable":true,"href":"https:\/\/arantv.az\/index.php?rest_route=%2Fwp%2Fv2%2Fcomments&post=395516"}],"version-history":[{"count":0,"href":"https:\/\/arantv.az\/index.php?rest_route=\/wp\/v2\/posts\/395516\/revisions"}],"wp:featuredmedia":[{"embeddable":true,"href":"https:\/\/arantv.az\/index.php?rest_route=\/wp\/v2\/media\/395517"}],"wp:attachment":[{"href":"https:\/\/arantv.az\/index.php?rest_route=%2Fwp%2Fv2%2Fmedia&parent=395516"}],"wp:term":[{"taxonomy":"category","embeddable":true,"href":"https:\/\/arantv.az\/index.php?rest_route=%2Fwp%2Fv2%2Fcategories&post=395516"},{"taxonomy":"post_tag","embeddable":true,"href":"https:\/\/arantv.az\/index.php?rest_route=%2Fwp%2Fv2%2Ftags&post=395516"}],"curies":[{"name":"wp","href":"https:\/\/api.w.org\/{rel}","templated":true}]}}