{"id":395519,"date":"2021-10-26T09:45:13","date_gmt":"2021-10-26T06:45:13","guid":{"rendered":"http:\/\/arantv.az\/?p=395519"},"modified":"2021-10-26T09:45:13","modified_gmt":"2021-10-26T06:45:13","slug":"bakinin-yol-x%c9%99rit%c9%99si-ir%c9%99vanin-son-sansi-pasinyanin-2-h%c9%99ft%c9%99-vaxti-qalib","status":"publish","type":"post","link":"https:\/\/arantv.az\/?p=395519","title":{"rendered":"Bak\u0131n\u0131n \u201cYol x\u0259rit\u0259si\u201d, \u0130r\u0259van\u0131n son \u015fans\u0131 &#8211; Pa\u015finyan\u0131n 2 h\u0259ft\u0259 vaxt\u0131 qal\u0131b"},"content":{"rendered":"<p><strong>Az\u0259rbaycan Qaraba\u011f\u0131 s\u00fcr\u0259tl\u0259 dir\u00e7\u0259ldir, Erm\u0259nistan\u0131 da s\u00fcr\u0259tl\u0259 ayaq \u00fcst\u0259 qoya bil\u0259r, \u0259g\u0259r&#8230;; b\u00f6hran zola\u011f\u0131ndan \u00e7\u0131xmaq \u00fc\u00e7\u00fcn kapitulyant \u00f6lk\u0259y\u0259 ax\u0131r\u0131nc\u0131 \u015fans verilib<\/strong><\/p>\n<p><em>2-ci Qaraba\u011f m\u00fcharib\u0259sind\u0259 m\u00f6ht\u0259\u015f\u0259m h\u0259rbi q\u0259l\u0259b\u0259 qazansaq da, informasiya-diplomatiya meydanlar\u0131nda sava\u015f\u0131m\u0131z davam edir. Bu da t\u0259biidir. \u00c7\u00fcnki ordumuzun z\u0259f\u0259rini y\u00fcz faiz \u201csiyasi kapital\u201da \u00e7evirib maddil\u0259\u015fdirm\u0259k v\u0259zif\u0259si var \u00e7iynimizd\u0259. Bu is\u0259 zamanla yana\u015f\u0131, s\u0259bir v\u0259 z\u0259rg\u0259r d\u0259qiqliyi t\u0259l\u0259b ed\u0259n i\u015fdir.\u00a0\u00a0\u00a0\u00a0\u00a0<\/em><\/p>\n<p>S\u00f6z d\u00fc\u015fm\u00fc\u015fk\u0259n, \u00f6lk\u0259mizin Fransadak\u0131 s\u0259firliyi m\u0259lumat yay\u0131b ki, Fransan\u0131n \u0130zer departamantinin \u0259vv\u0259l i\u015f\u011fal alt\u0131nda olmu\u015f Hadrutun ke\u00e7mi\u015f separat\u00e7\u0131 r\u0259hb\u0259rliyi il\u0259 imzalad\u0131\u011f\u0131 daha bir qanunsuz s\u0259n\u0259d l\u0259\u011fv edilib. Bel\u0259 ki, Qrenobl \u015f\u0259h\u0259r m\u0259hk\u0259m\u0259si 2019-cu il sentyabr\u0131n 20-d\u0259 separat\u00e7\u0131 rejimin h\u0259min departament\u0259 s\u0259f\u0259ri zaman\u0131 imzalanm\u0131\u015f saxta \u201c\u0130zer departamenti il\u0259 Hadrut rayonu aras\u0131nda dostluq xartiyas\u0131\u201dn\u0131 l\u0259\u011fv edib. Az\u0259rbaycan t\u0259r\u0259finin bu akt\u0131n qanunsuzlu\u011fu bar\u0259d\u0259 iddialar\u0131 iki d\u0259f\u0259 &#8211; 2020-ci ilin fevral\u0131nda v\u0259 noyabr\u0131nda qald\u0131r\u0131lm\u0131\u015fd\u0131.<\/p>\n<p><img src=\"https:\/\/qaynarinfo.az\/file\/pic\/xeber\/2021-10\/1634919999_untitled-1.jpg\" alt=\"Fransa m\u0259hk\u0259m\u0259si Hadrutun ke\u00e7mi\u015f separat\u00e7\u0131 r\u0259hb\u0259rliyi il\u0259 imzalanm\u0131\u015f s\u0259n\u0259di  l\u0259\u011fv etdi\" \/><\/p>\n<p><strong>S\u0259firliyin m\u0259lumat\u0131nda qeyd edilir ki, 1,2 milyon \u0259halisi olan \u0130zer departamenti Overn-Ron-Alp regionunun 13 departamentind\u0259n biri v\u0259 \u0259n b\u00f6y\u00fcy\u00fcd\u00fcr:<\/strong>\u00a0\u201cBu regionun pay\u0131na yerli idar\u0259etm\u0259 orqanlar\u0131n\u0131n qanunsuz i\u015f\u011fal\u00e7\u0131 rejim r\u0259hb\u0259rliyi il\u0259 imzalanm\u0131\u015f akt v\u0259 sazi\u015fl\u0259rin b\u00f6y\u00fck \u0259ks\u0259riyy\u0259ti (28 s\u0259n\u0259dd\u0259n 15-i) d\u00fc\u015f\u00fcr. Bu, art\u0131q Fransa m\u0259hk\u0259m\u0259l\u0259ri t\u0259r\u0259find\u0259n l\u0259\u011fv edilmi\u015f 11-ci qanunsuz s\u0259n\u0259ddir. Daha 2 iddiaya m\u0259hk\u0259m\u0259l\u0259rd\u0259 bax\u0131l\u0131r. \u018fvv\u0259ll\u0259r i\u015f\u011fal olunmu\u015f Qaraba\u011f\u0131n separat\u00e7\u0131 rejimin\u0259 d\u0259st\u0259k olaraq q\u0259bul edilmi\u015f s\u0259n\u0259d v\u0259 q\u0259rarlar\u0131n l\u0259\u011fvi il\u0259 ba\u011fl\u0131 i\u015fl\u0259r davam etdirilir\u201d.<\/p>\n<p><strong>*****<\/strong><\/p>\n<p><strong>Yax\u015f\u0131 v\u0259 \u00fcr\u0259ka\u00e7an x\u0259b\u0259rdir. Eyni zamanda \u201cb\u0259lk\u0259 d\u0259 qaytard\u0131lar\u201d \u00fcmidi il\u0259 ya\u015fayan erm\u0259ni radikal separat\u00e7\u0131-revan\u015fist \u00fcns\u00fcrl\u0259rinin olan-qalan \u00fcmidl\u0259rini pu\u00e7 ed\u0259n yenilikdir. Bu q\u0259bild\u0259n g\u0259li\u015fm\u0259l\u0259r o anlama g\u0259lir ki, art\u0131q Erm\u0259nistan\u0131n Q\u0259rbd\u0259ki \u0259sas havadar\u0131 say\u0131lan Fransa da beyn\u0259lxalq h\u00fcquqa say\u011f\u0131l\u0131 olmaq v\u0259 Az\u0259rbaycan\u0131n 44 g\u00fcnl\u00fck V\u0259t\u0259n m\u00fcharib\u0259si il\u0259 b\u00f6lg\u0259d\u0259 yaratd\u0131\u011f\u0131 status-kvonu q\u0259bullanmaq zorundad\u0131r.<\/strong><\/p>\n<p><img src=\"https:\/\/ichef.bbci.co.uk\/news\/640\/cpsprodpb\/15DF3\/production\/_115578598_gettyimages-1181815477-594x594.jpg\" alt=\"Da\u011fl\u0131k Karaba\u011f: Macron b\u00f6lgede uluslararas\u0131 g\u00f6zlemcilerin g\u00f6rev almas\u0131n\u0131  istiyor - BBC News T\u00fcrk\u00e7e\" \/><\/p>\n<p>Bel\u0259 g\u00f6r\u00fcn\u00fcr, prezident Emmanuel Makronun pay\u0131za n\u0259z\u0259rd\u0259 tutulan Erm\u0259nistan s\u0259f\u0259rinin ert\u0259l\u0259nm\u0259sinin arxas\u0131nda da eyni motiv dayan\u0131r. Y\u0259ni Fransa d\u00f6vl\u0259ti regionun vazke\u00e7ilm\u0259z v\u0259 a\u00e7ar \u00f6lk\u0259si kimi Az\u0259rbaycanla m\u00fcnasib\u0259tl\u0259rini iqtisadi t\u0259r\u0259qqisi tamam\u0259n Bak\u0131dan as\u0131l\u0131 olan Erm\u0259nistan\u0131n x\u0259trin\u0259 korlamaq ist\u0259mir. Qar\u015f\u0131durma kursunun h\u0259m \u00f6z\u00fcn\u00fcn, h\u0259m d\u0259 \u201cki\u00e7ik bac\u0131\u201d Erm\u0259nistan\u0131n ziyan\u0131na olaca\u011f\u0131n\u0131 anlay\u0131r. El\u0259 is\u0259 m\u0259ntiqli olard\u0131 ki, r\u0259smi Paris \u0130r\u0259vanla Bak\u0131 aras\u0131nda s\u00fclh m\u00fcqavil\u0259sinin tezl\u0259\u015fm\u0259si \u00fc\u00e7\u00fcn Erm\u0259nistan r\u0259hb\u0259rliyin\u0259 t\u0259sir el\u0259sin, n\u0259inki ona Qaraba\u011fla ba\u011fl\u0131 he\u00e7 vaxt h\u0259yata ke\u00e7m\u0259y\u0259c\u0259k v\u0259dl\u0259r versin&#8230;<\/p>\n<p>*****<\/p>\n<p><em>Yeri g\u0259lmi\u015fk\u0259n, 2-ci Qaraba\u011fa sava\u015f\u0131ndan ac\u0131nacaql\u0131 darmada\u011f\u0131nla \u00e7\u0131xan Erm\u0259nistan Az\u0259rbaycanla b\u00f6y\u00fck s\u00fclh sazi\u015finin imzalanmas\u0131n\u0131 s\u00fcni \u015f\u0259kild\u0259 uzatd\u0131qca \u0259n \u0259vv\u0259l \u00f6z v\u0259ziyy\u0259tini daha da a\u011f\u0131rla\u015fd\u0131rmaqdad\u0131r. Bu da isti faktlar.<\/em><\/p>\n<p>M\u0259s\u0259l\u0259n, erm\u0259ni medias\u0131n\u0131n yazd\u0131\u011f\u0131na g\u00f6r\u0259, son aylar \u00f6lk\u0259d\u0259 inflyasiya t\u0259hdidedici miqyas al\u0131b. \u018fsas \u0259rzaq m\u0259hsullar\u0131, o c\u00fcml\u0259d\u0259n \u00e7\u00f6r\u0259k, \u015f\u0259k\u0259r, yumurta, ya\u011flar \u0259h\u0259miyy\u0259tli d\u0259r\u0259c\u0259d\u0259 bahala\u015f\u0131b. M\u0259lum olub ki, yemin bahala\u015fmas\u0131 il\u0259 ba\u011fl\u0131 heyvandarl\u0131q sah\u0259sind\u0259 d\u0259 \u0259sl b\u00f6hran yeti\u015fir. Bu da \u00f6z n\u00f6vb\u0259sind\u0259 heyvandarl\u0131q m\u0259hsullar\u0131n\u0131n (\u0259t, s\u00fcd v\u0259 s.) n\u00f6vb\u0259ti bahala\u015fma dal\u011fas\u0131 dem\u0259kdir.<\/p>\n<p><strong>Ayd\u0131nd\u0131r ki, \u0259sas s\u0259b\u0259b pandemiya il\u0259 \u0259laq\u0259dar d\u00fcnya iqtisadiyyatl\u0131nda yaranan probleml\u0259r deyil. S\u0259b\u0259bl\u0259rin s\u0259b\u0259bi, y\u0259ni ba\u015f amil \u0259lb\u0259tt\u0259 ki, Erm\u0259nistan r\u0259hb\u0259rliyinin \u00f6lk\u0259ni qapal\u0131, blokada durumundan \u00e7\u0131xarmaq \u00fc\u00e7\u00fcn h\u0259l\u0259 d\u0259 g\u0259r\u0259k\u0259n add\u0131mlar atmamas\u0131 v\u0259 ya bundan \u00e7\u0259kinm\u0259sidir.<\/strong><\/p>\n<p>N\u0259tic\u0259 etibaril\u0259 Erm\u0259nistanda h\u0259yat n\u0259inki s\u00fcr\u0259tl\u0259 bahala\u015f\u0131r, eyni zamanda \u00f6lk\u0259d\u0259n k\u00fctl\u0259vi k\u00f6\u00e7 g\u00fccl\u0259nir. \u00d6z\u00fc d\u0259 ged\u0259nl\u0259r \u0259sas\u0259n \u0259m\u0259k qabiliyy\u0259tli \u0259halidir v\u0259 bir qayda olaraq, xaric\u0259 h\u0259mi\u015f\u0259lik emiqrasiya edir&#8230;<\/p>\n<p>*****<\/p>\n<p><strong>Bu arada Rusiyada Erm\u0259nistandan olan muzdlu i\u015f\u00e7il\u0259rin r\u0259smi say\u0131 a\u00e7\u0131qlan\u0131b &#8211; 202 min n\u0259f\u0259r.<\/strong><\/p>\n<p><strong><img src=\"https:\/\/eng.belta.by\/images\/storage\/news\/with_archive\/2021\/000022_1616998638_138559_big.jpg\" alt=\"Opinion: Agreement on pensions is vital for free movement of workforce\" \/><\/strong><\/p>\n<p><strong>\u0130ya Malkina<\/strong><\/p>\n<p>\u201cYeni M\u00fcsavat\u201d erm\u0259ni K\u0130V-\u0259 istinad\u0259n x\u0259b\u0259r verir ki, bunu Avrasiya \u0130qtisadi Komissiyas\u0131n\u0131n r\u0259smi n\u00fcmay\u0259nd\u0259si \u0130ya Malkina ilin birinci yar\u0131s\u0131na aid m\u0259lumatlara istinad\u0259n ke\u00e7irdiyi brifinqd\u0259 s\u00f6yl\u0259yib.<\/p>\n<p>Onun s\u00f6zl\u0259rin\u0259 g\u00f6r\u0259, iyunun sonunda Rusiyada \u00fcmumilikd\u0259 Avrasiya \u0130qtisadi Birliyin\u0259 \u00fczv \u00f6lk\u0259l\u0259rin 738 min v\u0259t\u0259nda\u015f\u0131 \u00e7al\u0131\u015f\u0131b. Onlar\u0131n 385 mini Q\u0131r\u011f\u0131z\u0131standan, 202 mini Erm\u0259nistandan, 81 mini Belarusdan, 70 mini is\u0259 Qazax\u0131standand\u0131r. Bu, 2019-cu ill\u0259 m\u00fcqayis\u0259d\u0259 40% \u00e7oxdur. Malkina xat\u0131rlad\u0131b ki, bu respublikalardan g\u0259l\u0259n qeyri-qanuni m\u00fchacirl\u0259r\u0259 sentyabr\u0131n 30-d\u0259k r\u0259smi qeydiyyatdan ke\u00e7m\u0259k imkan\u0131 yarad\u0131l\u0131b. Ba\u015fqa s\u00f6zl\u0259, ilin 2-ci yar\u0131mili \u00fc\u00e7\u00fcn r\u0259q\u0259min konkret olaraq Erm\u0259nistan \u00fc\u00e7\u00fcn daha b\u00f6y\u00fck olaca\u011f\u0131 g\u00f6zl\u0259nilir.<\/p>\n<p><img src=\"https:\/\/cdn.azerforum.com\/2021\/08\/11\/2981448.jpg\" alt=\"Rusiya v\u0259 erm\u0259ni lobbisi \u0259lind\u0259n g\u0259l\u0259ni ed\u0259c\u0259k ki, Qaraba\u011fdak\u0131 erm\u0259nil\u0259rin  say\u0131 minimuma enm\u0259sin&amp;quot;\" \/><\/p>\n<p><strong>Raz\u0131la\u015faq ki, c\u0131rtdan bir \u00f6lk\u0259 \u00fc\u00e7\u00fcn b\u00f6y\u00fck g\u00f6st\u0259ricidir. \u018flav\u0259 ed\u0259k ki, h\u0259l\u0259 2-ci Qaraba\u011f m\u00fcharib\u0259sin\u0259d\u0259k Rusiyada ya\u015fayan erm\u0259nil\u0259rin say\u0131 Erm\u0259nistan \u0259halisind\u0259n \u00e7ox idi, o ki ola m\u00fcharib\u0259d\u0259n sonra.<\/strong><\/p>\n<p>Bel\u0259c\u0259, tam iqtisadi \u00e7\u00f6k\u00fc\u015f\u00fcn birc\u0259 add\u0131ml\u0131\u011f\u0131nda olan v\u0259 d\u0259rin demoqrafik b\u00f6hran ya\u015fayan Erm\u0259nistan \u00f6z simvolik d\u00f6vl\u0259t\u00e7iliyini d\u0259 itirm\u0259k \u00fczr\u0259dir. Yegan\u0259 \u00e7\u0131x\u0131\u015f yolu \u0259lb\u0259tt\u0259 ki, Bak\u0131 v\u0259 Ankaran\u0131n bir ildir t\u0259klif el\u0259diyi, 10 noyabr kapitulyasiya s\u0259n\u0259dinin m\u0259zmunundan v\u0259 m\u0259ntiqind\u0259n do\u011fan \u201cYol x\u0259rit\u0259si\u201dni q\u0259bul el\u0259m\u0259kdir.<\/p>\n<p><strong>Bu, son \u201cx\u0259rit\u0259\u201ddir. Odur ki, \u0130r\u0259van r\u0259smil\u0259rinin d\u00fc\u015f\u00fcn\u00fcb q\u0259rar verm\u0259k \u00fc\u00e7\u00fcn zamanlar\u0131 \u00e7ox qalmay\u0131b. Uza\u011f\u0131, iki h\u0259ft\u0259. Art\u0131q anons edildiyi kimi, noyabr\u0131n ilk dekadas\u0131nda, m\u00fcharib\u0259nin bitm\u0259sinin 1-ci ild\u00f6n\u00fcm\u00fcn\u0259 Moskvan\u0131n (Putinin) vasit\u0259\u00e7iliyi il\u0259 yeni s\u00fclh s\u0259n\u0259dinin imzalanmas\u0131 n\u0259z\u0259rd\u0259 tutulur.<\/strong><\/p>\n<p>Bu, erm\u0259ni xalq\u0131n\u0131n siyasi-iqtisadi bataql\u0131qdan v\u0259 m\u0259n\u0259vi-demoqrafik t\u0259n\u0259zz\u00fcld\u0259n \u00e7\u0131xmaq \u00fc\u00e7\u00fcn ax\u0131r\u0131nc\u0131 \u015fans\u0131 olacaq. Az\u0259rbaycan Qaraba\u011f\u0131 s\u00fcr\u0259tl\u0259 dir\u00e7\u0259ldir, Erm\u0259nistan\u0131 da s\u00fcr\u0259tl\u0259 dir\u00e7\u0259ld\u0259 bil\u0259r, \u0259g\u0259r b\u0259dxah qon\u015fular v\u0259 onlar\u0131n siyasil\u0259ri, n\u0259hay\u0259t, a\u011f\u0131llar\u0131n\u0131 ba\u015flar\u0131na y\u0131\u011f\u0131b yeni status-kvonu qeyd-\u015f\u0259rtsiz q\u0259bul el\u0259s\u0259l\u0259r v\u0259 reall\u0131\u011f\u0131n t\u0259l\u0259bin\u0259 \u00e7evril\u0259n s\u00fclh m\u00fcqavil\u0259sin\u0259 \u0259ng\u0259l olmasalar&#8230;<\/p>\n","protected":false},"excerpt":{"rendered":"<p>Az\u0259rbaycan Qaraba\u011f\u0131 s\u00fcr\u0259tl\u0259 dir\u00e7\u0259ldir, Erm\u0259nistan\u0131 da s\u00fcr\u0259tl\u0259 ayaq \u00fcst\u0259 qoya bil\u0259r, \u0259g\u0259r&#8230;; b\u00f6hran zola\u011f\u0131ndan \u00e7\u0131xmaq \u00fc\u00e7\u00fcn kapitulyant \u00f6lk\u0259y\u0259 ax\u0131r\u0131nc\u0131 \u015fans verilib 2-ci Qaraba\u011f m\u00fcharib\u0259sind\u0259 m\u00f6ht\u0259\u015f\u0259m h\u0259rbi q\u0259l\u0259b\u0259 qazansaq da, informasiya-diplomatiya meydanlar\u0131nda sava\u015f\u0131m\u0131z davam edir. Bu da t\u0259biidir. \u00c7\u00fcnki ordumuzun z\u0259f\u0259rini y\u00fcz faiz \u201csiyasi kapital\u201da \u00e7evirib maddil\u0259\u015fdirm\u0259k v\u0259zif\u0259si var \u00e7iynimizd\u0259. Bu is\u0259 zamanla yana\u015f\u0131, s\u0259bir v\u0259 z\u0259rg\u0259r d\u0259qiqliyi t\u0259l\u0259b ed\u0259n i\u015fdir.\u00a0\u00a0\u00a0\u00a0\u00a0 S\u00f6z d\u00fc\u015fm\u00fc\u015fk\u0259n, \u00f6lk\u0259mizin Fransadak\u0131 s\u0259firliyi m\u0259lumat yay\u0131b ki, Fransan\u0131n \u0130zer departamantinin \u0259vv\u0259l i\u015f\u011fal alt\u0131nda olmu\u015f Hadrutun ke\u00e7mi\u015f separat\u00e7\u0131 r\u0259hb\u0259rliyi il\u0259 imzalad\u0131\u011f\u0131 daha bir qanunsuz s\u0259n\u0259d l\u0259\u011fv edilib. Bel\u0259 ki, Qrenobl&hellip;<\/p>\n","protected":false},"author":2,"featured_media":395520,"comment_status":"closed","ping_status":"closed","sticky":false,"template":"","format":"standard","meta":{"om_disable_all_campaigns":false,"_monsterinsights_skip_tracking":false,"_monsterinsights_sitenote_active":false,"_monsterinsights_sitenote_note":"","_monsterinsights_sitenote_category":0},"categories":[4],"tags":[],"aioseo_notices":[],"gutentor_comment":0,"rttpg_featured_image_url":{"full":["https:\/\/arantv.az\/wp-content\/uploads\/2021\/10\/f8b38567de7f3b319dd1886a13722854.jpg",450,300,false],"landscape":["https:\/\/arantv.az\/wp-content\/uploads\/2021\/10\/f8b38567de7f3b319dd1886a13722854.jpg",450,300,false],"portraits":["https:\/\/arantv.az\/wp-content\/uploads\/2021\/10\/f8b38567de7f3b319dd1886a13722854.jpg",450,300,false],"thumbnail":["https:\/\/arantv.az\/wp-content\/uploads\/2021\/10\/f8b38567de7f3b319dd1886a13722854-450x280.jpg",450,280,true],"medium":["https:\/\/arantv.az\/wp-content\/uploads\/2021\/10\/f8b38567de7f3b319dd1886a13722854.jpg",450,300,false],"large":["https:\/\/arantv.az\/wp-content\/uploads\/2021\/10\/f8b38567de7f3b319dd1886a13722854.jpg",450,300,false],"1536x1536":["https:\/\/arantv.az\/wp-content\/uploads\/2021\/10\/f8b38567de7f3b319dd1886a13722854.jpg",450,300,false],"2048x2048":["https:\/\/arantv.az\/wp-content\/uploads\/2021\/10\/f8b38567de7f3b319dd1886a13722854.jpg",450,300,false],"post-thumbnail":["https:\/\/arantv.az\/wp-content\/uploads\/2021\/10\/f8b38567de7f3b319dd1886a13722854-240x172.jpg",240,172,true],"advps-thumb-one":["https:\/\/arantv.az\/wp-content\/uploads\/2021\/10\/f8b38567de7f3b319dd1886a13722854.jpg",450,300,false]},"rttpg_author":{"display_name":"V\u00fcsal Rafiqo\u011flu","author_link":"https:\/\/arantv.az\/?author=2"},"rttpg_comment":0,"rttpg_category":"<a href=\"https:\/\/arantv.az\/?cat=4\" rel=\"category\">Siyas\u0259t<\/a>","rttpg_excerpt":"Az\u0259rbaycan Qaraba\u011f\u0131 s\u00fcr\u0259tl\u0259 dir\u00e7\u0259ldir, Erm\u0259nistan\u0131 da s\u00fcr\u0259tl\u0259 ayaq \u00fcst\u0259 qoya bil\u0259r, \u0259g\u0259r&#8230;; b\u00f6hran zola\u011f\u0131ndan \u00e7\u0131xmaq \u00fc\u00e7\u00fcn kapitulyant \u00f6lk\u0259y\u0259 ax\u0131r\u0131nc\u0131 \u015fans verilib 2-ci Qaraba\u011f m\u00fcharib\u0259sind\u0259 m\u00f6ht\u0259\u015f\u0259m h\u0259rbi q\u0259l\u0259b\u0259 qazansaq da, informasiya-diplomatiya meydanlar\u0131nda sava\u015f\u0131m\u0131z davam edir. Bu da t\u0259biidir. \u00c7\u00fcnki ordumuzun z\u0259f\u0259rini y\u00fcz faiz \u201csiyasi kapital\u201da \u00e7evirib maddil\u0259\u015fdirm\u0259k v\u0259zif\u0259si var \u00e7iynimizd\u0259. Bu is\u0259 zamanla yana\u015f\u0131, s\u0259bir v\u0259&hellip;","_links":{"self":[{"href":"https:\/\/arantv.az\/index.php?rest_route=\/wp\/v2\/posts\/395519"}],"collection":[{"href":"https:\/\/arantv.az\/index.php?rest_route=\/wp\/v2\/posts"}],"about":[{"href":"https:\/\/arantv.az\/index.php?rest_route=\/wp\/v2\/types\/post"}],"author":[{"embeddable":true,"href":"https:\/\/arantv.az\/index.php?rest_route=\/wp\/v2\/users\/2"}],"replies":[{"embeddable":true,"href":"https:\/\/arantv.az\/index.php?rest_route=%2Fwp%2Fv2%2Fcomments&post=395519"}],"version-history":[{"count":0,"href":"https:\/\/arantv.az\/index.php?rest_route=\/wp\/v2\/posts\/395519\/revisions"}],"wp:featuredmedia":[{"embeddable":true,"href":"https:\/\/arantv.az\/index.php?rest_route=\/wp\/v2\/media\/395520"}],"wp:attachment":[{"href":"https:\/\/arantv.az\/index.php?rest_route=%2Fwp%2Fv2%2Fmedia&parent=395519"}],"wp:term":[{"taxonomy":"category","embeddable":true,"href":"https:\/\/arantv.az\/index.php?rest_route=%2Fwp%2Fv2%2Fcategories&post=395519"},{"taxonomy":"post_tag","embeddable":true,"href":"https:\/\/arantv.az\/index.php?rest_route=%2Fwp%2Fv2%2Ftags&post=395519"}],"curies":[{"name":"wp","href":"https:\/\/api.w.org\/{rel}","templated":true}]}}