{"id":395522,"date":"2021-10-26T09:46:04","date_gmt":"2021-10-26T06:46:04","guid":{"rendered":"http:\/\/arantv.az\/?p=395522"},"modified":"2021-10-26T09:46:04","modified_gmt":"2021-10-26T06:46:04","slug":"qubadlinin-azad-edilm%c9%99sinin-muhum-strateji-%c9%99h%c9%99miyy%c9%99ti-politoloqdan-aciqlama","status":"publish","type":"post","link":"https:\/\/arantv.az\/?p=395522","title":{"rendered":"Qubadl\u0131n\u0131n azad edilm\u0259sinin m\u00fch\u00fcm strateji \u0259h\u0259miyy\u0259ti &#8211; politoloqdan a\u00e7\u0131qlama"},"content":{"rendered":"<h3><strong>Qabil H\u00fcseynli: \u201cBu rayonun azad edilm\u0259si il\u0259 Az\u0259rbaycan Erm\u0259nistanla 120 kilometr s\u0259rh\u0259dini d\u0259 \u00f6z\u00fcn\u00fcn n\u0259zar\u0259tin\u0259 alm\u0131\u015f oldu v\u0259 &#8230;\u201d<\/strong><\/h3>\n<p><strong>Oktyabr\u0131n 25-d\u0259 Qubadl\u0131 \u015f\u0259h\u0259rinin i\u015f\u011faldan azad edilm\u0259sind\u0259n 1 il \u00f6td\u00fc. Az\u0259rbaycan Ordusunun 2020-ci il sentyabr\u0131n 27-d\u0259 ba\u015flad\u0131\u011f\u0131 \u0259ks-h\u00fccum n\u0259tic\u0259sind\u0259 apar\u0131lan d\u00f6y\u00fc\u015f \u0259m\u0259liyyatlar\u0131 il\u0259 2020-ci il oktyabr\u0131n 25-d\u0259 Qubadl\u0131 \u015f\u0259h\u0259ri erm\u0259ni i\u015f\u011fal\u0131ndan azad edilib.<\/strong><\/p>\n<p>\u0130kinci Qaraba\u011f m\u00fcharib\u0259si zaman\u0131 rayonun \u015f\u0259rqind\u0259 yerl\u0259\u015f\u0259n C\u0259bray\u0131l rayonunda d\u00fc\u015fm\u0259n q\u00fcvv\u0259l\u0259rin\u0259 sars\u0131d\u0131c\u0131 z\u0259rb\u0259 vurulmas\u0131 v\u0259 c\u0259nubda yerl\u0259\u015f\u0259n Z\u0259ngilan rayonunda q\u0131sa m\u00fcdd\u0259td\u0259 apar\u0131lan u\u011furlu \u0259m\u0259liyyatlar Az\u0259rbaycan Silahl\u0131 Q\u00fcvv\u0259l\u0259ri b\u00f6lm\u0259l\u0259rinin Qubadl\u0131 rayonunun inzibati h\u00fcdudlar\u0131na \u00e7\u0131xmas\u0131na \u015f\u0259rait yarad\u0131b. Qubadl\u0131 rayonunun azad edilm\u0259si \u0259m\u0259liyyat\u0131 bir ne\u00e7\u0259 g\u00fcn \u00e7\u0259kdi. Z\u0259ngilan \u015f\u0259h\u0259ri oktyabr\u0131n 20-d\u0259 azad olunandan sonra t\u0259bii ki, n\u00f6vb\u0259ti istiqam\u0259t Qubadl\u0131 rayonu idi. \u015e\u0259h\u0259rd\u0259 erm\u0259nil\u0259r g\u00fccl\u00fc istehkamlar qurmu\u015fdular. Y\u00fcks\u0259klikl\u0259rd\u0259 d\u00fc\u015fm\u0259nin h\u0259rbi birl\u0259\u015fm\u0259l\u0259ri yerl\u0259\u015fmi\u015fdi. Qubadl\u0131n\u0131 azad etm\u0259k \u00fc\u00e7\u00fcn, ilk n\u00f6vb\u0259d\u0259, y\u00fcks\u0259klikl\u0259r\u00a0 g\u00f6t\u00fcr\u00fclm\u0259li idi. \u00c7\u00fcnki d\u00fc\u015fm\u0259n bu y\u00fcks\u0259klikl\u0259rd\u0259n m\u00fcnt\u0259z\u0259m olaraq h\u0259rb\u00e7il\u0259rimiz\u0259 at\u0259\u015f a\u00e7\u0131rd\u0131. Ona g\u00f6r\u0259 Qubadl\u0131 \u0259m\u0259liyyat\u0131 x\u00fcsusi pe\u015f\u0259karl\u0131q v\u0259 f\u0259dakarl\u0131q t\u0259l\u0259b edirdi. Az\u0259rbaycan Ordusu bu pe\u015f\u0259karl\u0131\u011f\u0131, f\u0259dakarl\u0131\u011f\u0131 g\u00f6st\u0259rib. \u0130lk n\u00f6vb\u0259d\u0259, \u015f\u0259h\u0259r\u0259 hakim olan y\u00fcks\u0259klikl\u0259r g\u00f6t\u00fcr\u00fcld\u00fc, \u0259trafda yerl\u0259\u015f\u0259n k\u0259ndl\u0259r, o c\u00fcml\u0259d\u0259n Xanl\u0131q q\u0259s\u0259b\u0259si, Padar, Sar\u0131yataq, Mahmudlu k\u0259ndl\u0259ri g\u00f6t\u00fcr\u00fcld\u00fc v\u0259 strateji y\u00fcks\u0259klikl\u0259r \u0259l\u0259 ke\u00e7irildi. Ondan sonra oktyabr\u0131n 25-d\u0259 Az\u0259rbaycan Silahl\u0131 Q\u00fcvv\u0259l\u0259ri \u015f\u0259h\u0259ri d\u00fc\u015fm\u0259nd\u0259n t\u0259mizl\u0259yib.<\/p>\n<p><strong>Qubadl\u0131 \u015f\u0259h\u0259rinin i\u015f\u011faldan azad olundu\u011funu Az\u0259rbaycan Prezidenti, Silahl\u0131 Q\u00fcvv\u0259l\u0259rin Ali Ba\u015f Komandan\u0131 oktyabr\u0131n 25-d\u0259 \u00f6z\u00fcn\u00fcn \u201cTwitter\u201d hesab\u0131ndan elan edib.<\/strong><\/p>\n<p><strong><img loading=\"lazy\" src=\"https:\/\/upload.wikimedia.org\/wikipedia\/commons\/thumb\/d\/d5\/Qubadli_sign_in_Qubadli%2C_Azerbaijan.jpg\/1200px-Qubadli_sign_in_Qubadli%2C_Azerbaijan.jpg\" alt=\"Qubadl\u0131 \u2014 Vikipediya\" width=\"820\" height=\"644\" \/><\/strong><\/p>\n<p>Oktyabr\u0131n 26-da is\u0259 d\u00f6vl\u0259t ba\u015f\u00e7\u0131s\u0131 xalqa m\u00fcraci\u0259tind\u0259 bir aya yax\u0131n davam ed\u0259n V\u0259t\u0259n m\u00fcharib\u0259sind\u0259 d\u00fc\u015fm\u0259nin m\u0259hv edilmi\u015f v\u0259 q\u0259nim\u0259t g\u00f6t\u00fcr\u00fclm\u00fc\u015f silah v\u0259 texnikas\u0131n\u0131 a\u00e7\u0131qlay\u0131b, eyni zamanda Az\u0259rbaycan Ordusunun oktyabr\u0131n 25-d\u0259 Qubadl\u0131 \u015f\u0259h\u0259ri il\u0259 yana\u015f\u0131, rayonun Padar, \u018ff\u0259ndil\u0259r, Yusifb\u0259yli, \u00c7aytumas, Xanl\u0131q, Sar\u0131yataq, Mollab\u00fcrhan, Z\u0259ngilan rayonunun Birinci Al\u0131b\u0259yli, \u0130kinci Al\u0131b\u0259yli, R\u0259b\u0259nd, Yenik\u0259nd, C\u0259bray\u0131l rayonunun Qov\u015fudlu, Sofulu, Da\u011f Ma\u015fanl\u0131, K\u00fcrdl\u0259r, Hovuslu v\u0259 \u00c7\u0259l\u0259bil\u0259r k\u0259ndl\u0259rinin i\u015f\u011fal\u0131na son qoyuldu\u011funu b\u0259yan edib.<\/p>\n<p>Qubadl\u0131 \u015f\u0259h\u0259rinin i\u015f\u011faldan azad edilm\u0259si u\u011frunda \u015fidd\u0259tli d\u00f6y\u00fc\u015fl\u0259r gedib. Milli Q\u0259hr\u0259man \u015e\u00fck\u00fcr H\u0259midov da Qubadl\u0131n\u0131n azadl\u0131\u011f\u0131 u\u011frunda ged\u0259n d\u00f6y\u00fc\u015fl\u0259rd\u0259 \u015f\u0259hid olub.<\/p>\n<p><strong>D\u00fc\u015fm\u0259nin m\u00fcqavim\u0259tini q\u0131ran Az\u0259rbaycan Ordusu onu geri \u00e7\u0259kilm\u0259y\u0259 m\u0259cbur edib, a\u011f\u0131r m\u0259\u011flubiyy\u0259t\u0259 u\u011frad\u0131b. Qubadl\u0131 \u0259m\u0259liyyat\u0131 zaman\u0131 Erm\u0259nistan ordusunun xeyli canl\u0131 q\u00fcvv\u0259si v\u0259 texnikas\u0131 m\u0259hv edilib.<\/strong><\/p>\n<p><strong>Az\u0259rbaycan Respublikas\u0131nda \u201cQubadl\u0131n\u0131n azad olunmas\u0131na g\u00f6r\u0259\u201d medal\u0131 da t\u0259sis olunub.<\/strong><\/p>\n<p>Prezident \u0130lham \u018fliyevin s\u0259r\u0259ncam\u0131 il\u0259 Qubadl\u0131 rayonunun i\u015f\u011faldan azad edilm\u0259si u\u011frunda apar\u0131lm\u0131\u015f d\u00f6y\u00fc\u015f \u0259m\u0259liyyatlar\u0131nda i\u015ftirak ed\u0259r\u0259k \u015f\u0259xsi igidlik v\u0259 \u015f\u00fcca\u0259t n\u00fcmayi\u015f etdirmi\u015f 15189 h\u0259rbi qulluq\u00e7u \u201cQubadl\u0131n\u0131n azad olunmas\u0131na g\u00f6r\u0259\u201d medal\u0131 il\u0259 t\u0259ltif olunub.<\/p>\n<p><img src=\"https:\/\/www.fhn.gov.az\/newspaper\/uploads\/713\/002-t.jpg\" alt=\"Az\u0259rbaycan Respublikas\u0131 F\u00f6vq\u0259lad\u0259 Hallar Nazirliyinin r\u0259smi internet  informasiya portal\u0131\" \/><\/p>\n<p><em>2020-ci il 23 dekabrda Prezident \u0130lham \u018fliyev Qubadl\u0131da Az\u0259rbaycan\u0131n d\u00f6vl\u0259t bayra\u011f\u0131n\u0131\u00a0 ucald\u0131b.<\/em><\/p>\n<p><strong>Xat\u0131rladaq ki, Qubadl\u0131 1993-c\u00fc ilin 31 avqust tarixind\u0259 Erm\u0259nistan Silahl\u0131 Q\u00fcvv\u0259l\u0259ri t\u0259r\u0259find\u0259n i\u015f\u011fal edilmi\u015fdi. Erm\u0259nil\u0259r i\u015f\u011fal m\u00fcdd\u0259tind\u0259 Qubadl\u0131 \u015f\u0259h\u0259rini, rayonun k\u0259ndl\u0259rini da\u011f\u0131d\u0131b, dini, tarixi, m\u0259d\u0259ni abid\u0259l\u0259r\u0259, q\u0259biristanl\u0131qlara, el\u0259c\u0259 d\u0259 t\u0259bi\u0259t\u0259 qar\u015f\u0131 vandall\u0131q \u0259m\u0259ll\u0259ri t\u00f6r\u0259dib.<\/strong><\/p>\n<p>\u0130\u015f\u011fal\u00e7\u0131lar Qubadl\u0131n\u0131n z\u0259ngin t\u0259bi\u0259tin\u0259, flora v\u0259 faunas\u0131na qar\u015f\u0131 da ekoloji terror t\u00f6r\u0259dib, me\u015f\u0259l\u0259ri, nadir a\u011fac v\u0259 bitki n\u00f6vl\u0259rini q\u0131r\u0131b, yand\u0131r\u0131b.<\/p>\n<p>Bundan ba\u015fqa, i\u015f\u011fal d\u00f6vr\u00fcnd\u0259 erm\u0259nil\u0259r Qubadl\u0131 rayonunun Xanl\u0131q k\u0259ndind\u0259 h\u0259rbi istehkam, h\u0259rbi baza qurmu\u015f, Xanl\u0131q k\u0259ndind\u0259 qanunsuz m\u0259skunla\u015fma aparm\u0131\u015fd\u0131lar. Xaricd\u0259n g\u0259tiril\u0259n erm\u0259nil\u0259r burada qanunsuz yollarla yerl\u0259\u015fdirilmi\u015fdil\u0259r. Bu da h\u0259rbi cinay\u0259t say\u0131l\u0131r. Cenevr\u0259 konvensiyalar\u0131na g\u00f6r\u0259, i\u015f\u011fal edilmi\u015f torpaqlarda qanunsuz m\u0259skunla\u015fma aparan \u00f6lk\u0259 cinay\u0259t t\u00f6r\u0259tmi\u015f olur. Xaricd\u0259n g\u0259l\u0259n erm\u0259nil\u0259r \u00fc\u00e7\u00fcn xaricd\u0259 ya\u015fayan erm\u0259nil\u0259rin pulu il\u0259 Xanl\u0131qda q\u0259s\u0259b\u0259 sal\u0131nm\u0131\u015fd\u0131.<\/p>\n<p><img src=\"https:\/\/sherg.az\/\/storage\/posts\/September2019\/3b60782c657a7c248b938d0a9a318164.jpg\" alt=\"Qabil H\u00fcseynli: &amp;quot;Lokal m\u00fcharib\u0259 il\u0259 Nikolun d\u0259rsini verm\u0259k laz\u0131md\u0131r&amp;quot; -  M\u00dcSAH\u0130B\u018f\" \/><\/p>\n<p><strong>\u00a0Qabil H\u00fcseynli\u00a0<\/strong><\/p>\n<p><strong>Politoloq Qabil H\u00fcseynli \u201cYeni M\u00fcsavat\u201da \u015f\u0259rhind\u0259 bildirdi ki, Qubadl\u0131n\u0131n i\u015f\u011faldan azad edilm\u0259si tarixi hadis\u0259dir. Bu \u015f\u0259h\u0259rin azad edilm\u0259si b\u00f6y\u00fck Q\u0259l\u0259b\u0259ni yax\u0131nla\u015fd\u0131rd\u0131. Qubadl\u0131 rayonun azad olunmas\u0131 strateji bax\u0131mdan Az\u0259rbaycan\u0131n daha bir \u00fcst\u00fcnl\u00fcy\u00fc \u0259ld\u0259 etm\u0259sin\u0259 g\u0259tirib \u00e7\u0131xard\u0131:<\/strong>\u00a0\u201cBildiyiniz kimi, Qubadl\u0131 rayonu Az\u0259rbaycan Respublikas\u0131n\u0131n c\u0259nub q\u0259rbind\u0259 yerl\u0259\u015fir. S\u0259thi \u0259sas\u0259n da\u011fl\u0131qd\u0131r. \u018frazid\u0259 y\u00fcks\u0259klikl\u0259r m\u00f6vcuddur. Qubadl\u0131 rayonu q\u0259rbd\u0259n 120 km m\u0259saf\u0259d\u0259 Erm\u0259nistan Respublikas\u0131 il\u0259 h\u0259ms\u0259rh\u0259ddir. Qubadl\u0131 rayonunun azad edilm\u0259si il\u0259 Az\u0259rbaycan Erm\u0259nistanla 120 kilometr s\u0259rh\u0259dini d\u0259 \u00f6z\u00fcn\u00fcn n\u0259zar\u0259tin\u0259 alm\u0131\u015f oldu. Bu, Az\u0259rbaycan \u00fc\u00e7\u00fcn \u00e7ox m\u00fch\u00fcm strateji \u0259h\u0259miyy\u0259t k\u0259sb edir\u201d.<\/p>\n<p><strong>Q.H\u00fcseynli Qubadl\u0131n\u0131n faydal\u0131 qaz\u0131nt\u0131 ehtiyatlar\u0131 il\u0259 z\u0259ngin \u0259razi oldu\u011funa da diqq\u0259ti c\u0259lb etdi v\u0259 bildirdi ki, iqtisadi bax\u0131mdan da bel\u0259 bir rayonumuzun azad edilm\u0259sinin strateji \u0259h\u0259miyy\u0259ti var:<\/strong>\u00a0\u201cQubadl\u0131 rayonunun Hac\u0131l\u0131 k\u0259ndind\u0259 mi\u015far da\u015f\u0131 yata\u011f\u0131, B\u0259rg\u00fc\u015fad \u00e7ay\u0131n\u0131n sol sahilind\u0259 y\u0259\u015f\u0259m yata\u011f\u0131, \u018fliquluu\u015fa\u011f\u0131, Qundanl\u0131, Muradxanl\u0131 v\u0259 Ba\u015farat k\u0259ndl\u0259rind\u0259 m\u0259rm\u0259rl\u0259\u015fmi\u015f \u0259h\u0259ng da\u015f\u0131 yataqlar\u0131, o c\u00fcml\u0259d\u0259n Mollab\u00fcrhan k\u0259ndinin c\u0259nubunda tuf da\u015f yata\u011f\u0131, Xanl\u0131q k\u0259ndind\u0259 qum-gil yata\u011f\u0131, Eyvazl\u0131 k\u0259ndind\u0259 \u0259qiq yata\u011f\u0131 m\u00f6vcuddur. G\u0259l\u0259c\u0259kd\u0259 bu c\u00fcr qiym\u0259tli faydal\u0131 qaz\u0131nt\u0131 yataqlar\u0131n\u0131n istismar edilm\u0259si h\u0259m Qubadl\u0131n\u0131n iqtisadiyyat\u0131nda, \u0259halisinin i\u015fl\u0259 t\u0259minat\u0131nda, h\u0259m d\u0259 \u00f6lk\u0259mizin iqtisadiyyat\u0131nda rol oynayacaq\u201d.<\/p>\n","protected":false},"excerpt":{"rendered":"<p>Qabil H\u00fcseynli: \u201cBu rayonun azad edilm\u0259si il\u0259 Az\u0259rbaycan Erm\u0259nistanla 120 kilometr s\u0259rh\u0259dini d\u0259 \u00f6z\u00fcn\u00fcn n\u0259zar\u0259tin\u0259 alm\u0131\u015f oldu v\u0259 &#8230;\u201d Oktyabr\u0131n 25-d\u0259 Qubadl\u0131 \u015f\u0259h\u0259rinin i\u015f\u011faldan azad edilm\u0259sind\u0259n 1 il \u00f6td\u00fc. Az\u0259rbaycan Ordusunun 2020-ci il sentyabr\u0131n 27-d\u0259 ba\u015flad\u0131\u011f\u0131 \u0259ks-h\u00fccum n\u0259tic\u0259sind\u0259 apar\u0131lan d\u00f6y\u00fc\u015f \u0259m\u0259liyyatlar\u0131 il\u0259 2020-ci il oktyabr\u0131n 25-d\u0259 Qubadl\u0131 \u015f\u0259h\u0259ri erm\u0259ni i\u015f\u011fal\u0131ndan azad edilib. \u0130kinci Qaraba\u011f m\u00fcharib\u0259si zaman\u0131 rayonun \u015f\u0259rqind\u0259 yerl\u0259\u015f\u0259n C\u0259bray\u0131l rayonunda d\u00fc\u015fm\u0259n q\u00fcvv\u0259l\u0259rin\u0259 sars\u0131d\u0131c\u0131 z\u0259rb\u0259 vurulmas\u0131 v\u0259 c\u0259nubda yerl\u0259\u015f\u0259n Z\u0259ngilan rayonunda q\u0131sa m\u00fcdd\u0259td\u0259 apar\u0131lan u\u011furlu \u0259m\u0259liyyatlar Az\u0259rbaycan Silahl\u0131 Q\u00fcvv\u0259l\u0259ri b\u00f6lm\u0259l\u0259rinin Qubadl\u0131 rayonunun inzibati h\u00fcdudlar\u0131na \u00e7\u0131xmas\u0131na \u015f\u0259rait yarad\u0131b. Qubadl\u0131 rayonunun azad&hellip;<\/p>\n","protected":false},"author":2,"featured_media":395523,"comment_status":"closed","ping_status":"closed","sticky":false,"template":"","format":"standard","meta":{"om_disable_all_campaigns":false,"_monsterinsights_skip_tracking":false,"_monsterinsights_sitenote_active":false,"_monsterinsights_sitenote_note":"","_monsterinsights_sitenote_category":0},"categories":[19],"tags":[],"aioseo_notices":[],"gutentor_comment":0,"rttpg_featured_image_url":{"full":["https:\/\/arantv.az\/wp-content\/uploads\/2021\/10\/e647faaf2c9cf0210c9ea97536bf7b41.jpg",450,300,false],"landscape":["https:\/\/arantv.az\/wp-content\/uploads\/2021\/10\/e647faaf2c9cf0210c9ea97536bf7b41.jpg",450,300,false],"portraits":["https:\/\/arantv.az\/wp-content\/uploads\/2021\/10\/e647faaf2c9cf0210c9ea97536bf7b41.jpg",450,300,false],"thumbnail":["https:\/\/arantv.az\/wp-content\/uploads\/2021\/10\/e647faaf2c9cf0210c9ea97536bf7b41-450x280.jpg",450,280,true],"medium":["https:\/\/arantv.az\/wp-content\/uploads\/2021\/10\/e647faaf2c9cf0210c9ea97536bf7b41.jpg",450,300,false],"large":["https:\/\/arantv.az\/wp-content\/uploads\/2021\/10\/e647faaf2c9cf0210c9ea97536bf7b41.jpg",450,300,false],"1536x1536":["https:\/\/arantv.az\/wp-content\/uploads\/2021\/10\/e647faaf2c9cf0210c9ea97536bf7b41.jpg",450,300,false],"2048x2048":["https:\/\/arantv.az\/wp-content\/uploads\/2021\/10\/e647faaf2c9cf0210c9ea97536bf7b41.jpg",450,300,false],"post-thumbnail":["https:\/\/arantv.az\/wp-content\/uploads\/2021\/10\/e647faaf2c9cf0210c9ea97536bf7b41-240x172.jpg",240,172,true],"advps-thumb-one":["https:\/\/arantv.az\/wp-content\/uploads\/2021\/10\/e647faaf2c9cf0210c9ea97536bf7b41.jpg",450,300,false]},"rttpg_author":{"display_name":"V\u00fcsal Rafiqo\u011flu","author_link":"https:\/\/arantv.az\/?author=2"},"rttpg_comment":0,"rttpg_category":"<a href=\"https:\/\/arantv.az\/?cat=19\" rel=\"category\">G\u00fcnd\u0259m<\/a>","rttpg_excerpt":"Qabil H\u00fcseynli: \u201cBu rayonun azad edilm\u0259si il\u0259 Az\u0259rbaycan Erm\u0259nistanla 120 kilometr s\u0259rh\u0259dini d\u0259 \u00f6z\u00fcn\u00fcn n\u0259zar\u0259tin\u0259 alm\u0131\u015f oldu v\u0259 &#8230;\u201d Oktyabr\u0131n 25-d\u0259 Qubadl\u0131 \u015f\u0259h\u0259rinin i\u015f\u011faldan azad edilm\u0259sind\u0259n 1 il \u00f6td\u00fc. Az\u0259rbaycan Ordusunun 2020-ci il sentyabr\u0131n 27-d\u0259 ba\u015flad\u0131\u011f\u0131 \u0259ks-h\u00fccum n\u0259tic\u0259sind\u0259 apar\u0131lan d\u00f6y\u00fc\u015f \u0259m\u0259liyyatlar\u0131 il\u0259 2020-ci il oktyabr\u0131n 25-d\u0259 Qubadl\u0131 \u015f\u0259h\u0259ri erm\u0259ni i\u015f\u011fal\u0131ndan azad edilib. \u0130kinci Qaraba\u011f m\u00fcharib\u0259si&hellip;","_links":{"self":[{"href":"https:\/\/arantv.az\/index.php?rest_route=\/wp\/v2\/posts\/395522"}],"collection":[{"href":"https:\/\/arantv.az\/index.php?rest_route=\/wp\/v2\/posts"}],"about":[{"href":"https:\/\/arantv.az\/index.php?rest_route=\/wp\/v2\/types\/post"}],"author":[{"embeddable":true,"href":"https:\/\/arantv.az\/index.php?rest_route=\/wp\/v2\/users\/2"}],"replies":[{"embeddable":true,"href":"https:\/\/arantv.az\/index.php?rest_route=%2Fwp%2Fv2%2Fcomments&post=395522"}],"version-history":[{"count":0,"href":"https:\/\/arantv.az\/index.php?rest_route=\/wp\/v2\/posts\/395522\/revisions"}],"wp:featuredmedia":[{"embeddable":true,"href":"https:\/\/arantv.az\/index.php?rest_route=\/wp\/v2\/media\/395523"}],"wp:attachment":[{"href":"https:\/\/arantv.az\/index.php?rest_route=%2Fwp%2Fv2%2Fmedia&parent=395522"}],"wp:term":[{"taxonomy":"category","embeddable":true,"href":"https:\/\/arantv.az\/index.php?rest_route=%2Fwp%2Fv2%2Fcategories&post=395522"},{"taxonomy":"post_tag","embeddable":true,"href":"https:\/\/arantv.az\/index.php?rest_route=%2Fwp%2Fv2%2Ftags&post=395522"}],"curies":[{"name":"wp","href":"https:\/\/api.w.org\/{rel}","templated":true}]}}