{"id":395525,"date":"2021-10-26T09:46:37","date_gmt":"2021-10-26T06:46:37","guid":{"rendered":"http:\/\/arantv.az\/?p=395525"},"modified":"2021-10-26T09:46:37","modified_gmt":"2021-10-26T06:46:37","slug":"z%c9%99f%c9%99r-gunu-bakida-yoxsa-susada-keciril%c9%99c%c9%99k-parad-olacaqmi","status":"publish","type":"post","link":"https:\/\/arantv.az\/?p=395525","title":{"rendered":"Z\u0259f\u0259r G\u00fcn\u00fc Bak\u0131da, yoxsa \u015eu\u015fada ke\u00e7iril\u0259c\u0259k &#8211; parad olacaqm\u0131?"},"content":{"rendered":"<h3><strong>Deputat: \u201cT\u0259dbir Bak\u0131da ke\u00e7irils\u0259 daha m\u0259qs\u0259d\u0259uy\u011fun olar\u201d<\/strong><\/h3>\n<p><em>Z\u0259f\u0259r G\u00fcn\u00fc yax\u0131nla\u015f\u0131r. \u00d6t\u0259n ilin 44 g\u00fcnl\u00fck V\u0259t\u0259n m\u00fcharib\u0259si zaman\u0131 noyabr\u0131n 8-d\u0259 Az\u0259rbaycan\u0131n M\u00fcz\u0259ff\u0259r Ordusu \u015eu\u015fan\u0131 i\u015f\u011faldan azad etdi. \u015eu\u015fan\u0131n i\u015f\u011faldan azad olunmas\u0131 m\u00fcharib\u0259d\u0259 h\u0259lledici rol oynad\u0131 v\u0259 Erm\u0259nistan kapitulyasiya akt\u0131n\u0131 imzalama\u011fa m\u0259cbur oldu. Noyabr\u0131n 10-da Az\u0259rbaycan, Rusiya liderl\u0259rinin v\u0259 Erm\u0259nistan ba\u015f nazirinin imzalad\u0131\u011f\u0131 birg\u0259 b\u0259yanat imzalad\u0131. B\u0259yanata g\u00f6r\u0259 K\u0259lb\u0259c\u0259r, A\u011fdam v\u0259 La\u00e7\u0131n rayonlar\u0131 qan t\u00f6k\u00fclm\u0259d\u0259n azad edildi.<\/em><\/p>\n<p>Bel\u0259likl\u0259, V\u0259t\u0259n m\u00fcharib\u0259si nonyabr\u0131n 10-da tarixi q\u0259l\u0259b\u0259 il\u0259 ba\u015fa \u00e7atd\u0131. Bu q\u0259l\u0259b\u0259 il\u0259 Az\u0259rbaycan\u0131n \u0259razi b\u00fct\u00f6vl\u00fcy\u00fc b\u0259rpa edildi.<\/p>\n<p>Z\u0259f\u0259r G\u00fcn\u00fcn\u00fcn t\u0259sis edilm\u0259si haqda Az\u0259rbaycan Prezidentinin f\u0259rman\u0131na g\u00f6r\u0259, h\u0259r il noyabr\u0131n 8-d\u0259 Z\u0259f\u0259r G\u00fcn\u00fc t\u0259nt\u0259n\u0259li \u015f\u0259kild\u0259 qeyd edil\u0259c\u0259k.<\/p>\n<p><strong>B\u0259s Z\u0259f\u0259r G\u00fcn\u00fcn\u00fcn birinci ild\u00f6n\u00fcm\u00fc\u00a0 m\u00fcnasib\u0259til\u0259 hans\u0131 r\u0259smi t\u0259dbirl\u0259r olacaq? T\u0259dbirl\u0259r \u015eu\u015fada, yoxsa Bak\u0131da qeyd olunacaq? Parad ke\u00e7iril\u0259c\u0259kmi?<\/strong><\/p>\n<p>Qeyd ed\u0259k ki, son g\u00fcnl\u0259rd\u0259 sosial \u015f\u0259b\u0259k\u0259l\u0259rd\u0259 noyabr\u0131n 8-d\u0259 Z\u0259f\u0259r G\u00fcn\u00fc il\u0259 ba\u011fl\u0131 Bak\u0131da h\u0259rbi parad ke\u00e7iril\u0259c\u0259yi il\u0259 ba\u011fl\u0131 m\u0259lumatlar yay\u0131lmaqdad\u0131r. Lakin bununla da ba\u011fl\u0131 h\u0259l\u0259lik r\u0259smi bir m\u0259lumat yoxdur.<\/p>\n<p><img src=\"https:\/\/sfera.az\/file\/pic\/xeber\/2021-07\/1627153251_modern.az_1540553644fazil-1_1_459.jpg\" alt=\"Qanunsuz verilmi\u015f m\u0259nzill\u0259r al\u0131n\u0131b ehtiyac\u0131 olan jurnalistl\u0259r\u0259  verilm\u0259lidir&amp;quot; - Fazil Mustafa \u00bb Sfera.az Az\u0259rbaycanda \u00f6z\u0259l x\u0259b\u0259rl\u0259r,  ara\u015fd\u0131rmalar, t\u0259hlill\u0259r v\u0259 m\u00fcsahib\u0259l\u0259rin t\u0259k \u00fcnvan\u0131\" \/><\/p>\n<p><strong>M\u00f6vzu il\u0259 ba\u011fl\u0131 mill\u0259t v\u0259kili Fazil Mustafa \u201cYeni M\u00fcsavat\u201da dan\u0131\u015f\u0131b:<\/strong><\/p>\n<p>\u201cD\u00fc\u015f\u00fcn\u00fcr\u0259m ki, Z\u0259f\u0259r G\u00fcn\u00fcn\u00fcn birinci ild\u00f6n\u00fcm\u00fc ilk d\u0259f\u0259 r\u0259smi \u015f\u0259kild\u0259 geni\u015f ke\u00e7iril\u0259c\u0259k. Xat\u0131rlad\u0131m ki, \u00f6t\u0259n il bir q\u0259d\u0259r vaxt\u0131 gecikmi\u015f halda, dekabrda Z\u0259f\u0259r Parad\u0131 ke\u00e7irildi. Ola bilsin ki, bu il d\u0259 Bak\u0131da parad ke\u00e7irilsin. Lakin fikrimc\u0259, bu c\u00fcr b\u00f6y\u00fck t\u0259dbirl\u0259ri yaln\u0131z Bak\u0131da ke\u00e7irm\u0259k olar. \u00c7\u00fcnki \u015eu\u015fada olarsa, bu, \u00e7ox lokanik \u015f\u0259kild\u0259 h\u0259yata ke\u00e7iril\u0259 bil\u0259r, ora \u00e7ox adam\u0131 y\u0131\u011fmaq m\u00fcmk\u00fcn deyil. \u018fhalinin d\u0259 bu m\u0259s\u0259l\u0259d\u0259 h\u0259ssasl\u0131\u011f\u0131n\u0131 n\u0259z\u0259r\u0259 alaraq daha \u00e7ox Bak\u0131da ke\u00e7irilm\u0259si m\u0259qs\u0259d\u0259uy\u011fundur.<\/p>\n<p><strong>Z\u0259f\u0259r bayram\u0131nda haqq\u0131 olan insanlar\u0131n say\u0131 \u00e7oxdur. Onlar\u0131n \u0259ks\u0259riyy\u0259tinin i\u015ftirak etm\u0259sini t\u0259min etm\u0259k vacibdir, \u00e7\u00fcnki sonradan m\u00fc\u0259yy\u0259n d\u0259r\u0259c\u0259d\u0259 naraz\u0131l\u0131\u011fa v\u0259 incikliy\u0259 s\u0259b\u0259b ola bil\u0259r. Bu bax\u0131mdan d\u00fc\u015f\u00fcn\u00fcr\u0259m ki, Z\u0259f\u0259r G\u00fcn\u00fc t\u0259dbiri Bak\u0131da ke\u00e7irils\u0259 daha m\u0259qs\u0259d\u0259uy\u011fun olar&#8221;.<\/strong><\/p>\n<p>Mill\u0259t v\u0259kili Elman N\u0259sirov da qeyd etdi ki, h\u0259l\u0259lik Z\u0259f\u0259r G\u00fcn\u00fc il\u0259 ba\u011fl\u0131 hans\u0131 r\u0259smi t\u0259dbirl\u0259rin ke\u00e7iril\u0259c\u0259yi haqda m\u0259lumat yoxdur: \u201cYaln\u0131z onu dey\u0259 bil\u0259r\u0259m ki, oktyabr\u0131n 26-da Yeni Az\u0259rbaycan Partiyas\u0131 (YAP) il\u0259 T\u00fcrkiy\u0259nin \u018fdal\u0259t v\u0259 \u0130nki\u015faf Partiyas\u0131 (AKP) birg\u0259 onlayn konfrans ke\u00e7ir\u0259c\u0259k\u201d.<\/p>\n","protected":false},"excerpt":{"rendered":"<p>Deputat: \u201cT\u0259dbir Bak\u0131da ke\u00e7irils\u0259 daha m\u0259qs\u0259d\u0259uy\u011fun olar\u201d Z\u0259f\u0259r G\u00fcn\u00fc yax\u0131nla\u015f\u0131r. \u00d6t\u0259n ilin 44 g\u00fcnl\u00fck V\u0259t\u0259n m\u00fcharib\u0259si zaman\u0131 noyabr\u0131n 8-d\u0259 Az\u0259rbaycan\u0131n M\u00fcz\u0259ff\u0259r Ordusu \u015eu\u015fan\u0131 i\u015f\u011faldan azad etdi. \u015eu\u015fan\u0131n i\u015f\u011faldan azad olunmas\u0131 m\u00fcharib\u0259d\u0259 h\u0259lledici rol oynad\u0131 v\u0259 Erm\u0259nistan kapitulyasiya akt\u0131n\u0131 imzalama\u011fa m\u0259cbur oldu. Noyabr\u0131n 10-da Az\u0259rbaycan, Rusiya liderl\u0259rinin v\u0259 Erm\u0259nistan ba\u015f nazirinin imzalad\u0131\u011f\u0131 birg\u0259 b\u0259yanat imzalad\u0131. B\u0259yanata g\u00f6r\u0259 K\u0259lb\u0259c\u0259r, A\u011fdam v\u0259 La\u00e7\u0131n rayonlar\u0131 qan t\u00f6k\u00fclm\u0259d\u0259n azad edildi. Bel\u0259likl\u0259, V\u0259t\u0259n m\u00fcharib\u0259si nonyabr\u0131n 10-da tarixi q\u0259l\u0259b\u0259 il\u0259 ba\u015fa \u00e7atd\u0131. Bu q\u0259l\u0259b\u0259 il\u0259 Az\u0259rbaycan\u0131n \u0259razi b\u00fct\u00f6vl\u00fcy\u00fc b\u0259rpa edildi. Z\u0259f\u0259r G\u00fcn\u00fcn\u00fcn t\u0259sis edilm\u0259si haqda Az\u0259rbaycan Prezidentinin&hellip;<\/p>\n","protected":false},"author":2,"featured_media":395526,"comment_status":"closed","ping_status":"closed","sticky":false,"template":"","format":"standard","meta":{"om_disable_all_campaigns":false,"_monsterinsights_skip_tracking":false,"_monsterinsights_sitenote_active":false,"_monsterinsights_sitenote_note":"","_monsterinsights_sitenote_category":0},"categories":[19],"tags":[],"aioseo_notices":[],"gutentor_comment":0,"rttpg_featured_image_url":{"full":["https:\/\/arantv.az\/wp-content\/uploads\/2021\/10\/735ef1626f8c9e55248f1518fa6c3fb0.jpg",450,300,false],"landscape":["https:\/\/arantv.az\/wp-content\/uploads\/2021\/10\/735ef1626f8c9e55248f1518fa6c3fb0.jpg",450,300,false],"portraits":["https:\/\/arantv.az\/wp-content\/uploads\/2021\/10\/735ef1626f8c9e55248f1518fa6c3fb0.jpg",450,300,false],"thumbnail":["https:\/\/arantv.az\/wp-content\/uploads\/2021\/10\/735ef1626f8c9e55248f1518fa6c3fb0-450x280.jpg",450,280,true],"medium":["https:\/\/arantv.az\/wp-content\/uploads\/2021\/10\/735ef1626f8c9e55248f1518fa6c3fb0.jpg",450,300,false],"large":["https:\/\/arantv.az\/wp-content\/uploads\/2021\/10\/735ef1626f8c9e55248f1518fa6c3fb0.jpg",450,300,false],"1536x1536":["https:\/\/arantv.az\/wp-content\/uploads\/2021\/10\/735ef1626f8c9e55248f1518fa6c3fb0.jpg",450,300,false],"2048x2048":["https:\/\/arantv.az\/wp-content\/uploads\/2021\/10\/735ef1626f8c9e55248f1518fa6c3fb0.jpg",450,300,false],"post-thumbnail":["https:\/\/arantv.az\/wp-content\/uploads\/2021\/10\/735ef1626f8c9e55248f1518fa6c3fb0-240x172.jpg",240,172,true],"advps-thumb-one":["https:\/\/arantv.az\/wp-content\/uploads\/2021\/10\/735ef1626f8c9e55248f1518fa6c3fb0.jpg",450,300,false]},"rttpg_author":{"display_name":"V\u00fcsal Rafiqo\u011flu","author_link":"https:\/\/arantv.az\/?author=2"},"rttpg_comment":0,"rttpg_category":"<a href=\"https:\/\/arantv.az\/?cat=19\" rel=\"category\">G\u00fcnd\u0259m<\/a>","rttpg_excerpt":"Deputat: \u201cT\u0259dbir Bak\u0131da ke\u00e7irils\u0259 daha m\u0259qs\u0259d\u0259uy\u011fun olar\u201d Z\u0259f\u0259r G\u00fcn\u00fc yax\u0131nla\u015f\u0131r. \u00d6t\u0259n ilin 44 g\u00fcnl\u00fck V\u0259t\u0259n m\u00fcharib\u0259si zaman\u0131 noyabr\u0131n 8-d\u0259 Az\u0259rbaycan\u0131n M\u00fcz\u0259ff\u0259r Ordusu \u015eu\u015fan\u0131 i\u015f\u011faldan azad etdi. \u015eu\u015fan\u0131n i\u015f\u011faldan azad olunmas\u0131 m\u00fcharib\u0259d\u0259 h\u0259lledici rol oynad\u0131 v\u0259 Erm\u0259nistan kapitulyasiya akt\u0131n\u0131 imzalama\u011fa m\u0259cbur oldu. Noyabr\u0131n 10-da Az\u0259rbaycan, Rusiya liderl\u0259rinin v\u0259 Erm\u0259nistan ba\u015f nazirinin imzalad\u0131\u011f\u0131 birg\u0259 b\u0259yanat imzalad\u0131. B\u0259yanata&hellip;","_links":{"self":[{"href":"https:\/\/arantv.az\/index.php?rest_route=\/wp\/v2\/posts\/395525"}],"collection":[{"href":"https:\/\/arantv.az\/index.php?rest_route=\/wp\/v2\/posts"}],"about":[{"href":"https:\/\/arantv.az\/index.php?rest_route=\/wp\/v2\/types\/post"}],"author":[{"embeddable":true,"href":"https:\/\/arantv.az\/index.php?rest_route=\/wp\/v2\/users\/2"}],"replies":[{"embeddable":true,"href":"https:\/\/arantv.az\/index.php?rest_route=%2Fwp%2Fv2%2Fcomments&post=395525"}],"version-history":[{"count":0,"href":"https:\/\/arantv.az\/index.php?rest_route=\/wp\/v2\/posts\/395525\/revisions"}],"wp:featuredmedia":[{"embeddable":true,"href":"https:\/\/arantv.az\/index.php?rest_route=\/wp\/v2\/media\/395526"}],"wp:attachment":[{"href":"https:\/\/arantv.az\/index.php?rest_route=%2Fwp%2Fv2%2Fmedia&parent=395525"}],"wp:term":[{"taxonomy":"category","embeddable":true,"href":"https:\/\/arantv.az\/index.php?rest_route=%2Fwp%2Fv2%2Fcategories&post=395525"},{"taxonomy":"post_tag","embeddable":true,"href":"https:\/\/arantv.az\/index.php?rest_route=%2Fwp%2Fv2%2Ftags&post=395525"}],"curies":[{"name":"wp","href":"https:\/\/api.w.org\/{rel}","templated":true}]}}