{"id":395539,"date":"2021-10-26T09:55:40","date_gmt":"2021-10-26T06:55:40","guid":{"rendered":"http:\/\/arantv.az\/?p=395539"},"modified":"2021-10-26T09:55:40","modified_gmt":"2021-10-26T06:55:40","slug":"b%c9%99zi-quvv%c9%99l%c9%99r-bolg%c9%99d%c9%99-yaranmis-stabilliyin-yenid%c9%99n-pozulmasina-calisir-ramil-usubov","status":"publish","type":"post","link":"https:\/\/arantv.az\/?p=395539","title":{"rendered":"B\u0259zi q\u00fcvv\u0259l\u0259r b\u00f6lg\u0259d\u0259 yaranm\u0131\u015f stabilliyin yenid\u0259n pozulmas\u0131na \u00e7al\u0131\u015f\u0131r &#8211; Ramil Usubov"},"content":{"rendered":"<p><strong>V\u0259t\u0259n m\u00fcharib\u0259sind\u0259 qazan\u0131lm\u0131\u015f Q\u0259l\u0259b\u0259d\u0259n sonra b\u0259zi q\u00fcvv\u0259l\u0259r \u00f6z m\u0259krli planlar\u0131n\u0131 h\u0259yata ke\u00e7irm\u0259kl\u0259 b\u00f6lg\u0259d\u0259 yaranm\u0131\u015f stabilliyin yenid\u0259n pozulmas\u0131na \u00e7al\u0131\u015f\u0131r, m\u00fcxt\u0259lif t\u0259xribatlara \u0259l at\u0131rlar.<\/strong><\/p>\n<p><strong>ARANTV.AZ<\/strong>-\u0131n DTX-nin sayt\u0131na istinad\u0259n m\u0259lumat\u0131na g\u00f6r\u0259, bunu T\u0259hl\u00fck\u0259sizlik \u015euras\u0131n\u0131n katibi general-polkovnik Ramil Usubov &#8220;Milli t\u0259hl\u00fck\u0259sizlik&#8221; m\u00f6vzusunda kursun a\u00e7\u0131l\u0131\u015f m\u0259rasimind\u0259 \u00e7\u0131x\u0131\u015f\u0131 zaman\u0131 deyib.<\/p>\n<p>Az\u0259rbaycan Respublikas\u0131n\u0131n T\u0259hl\u00fck\u0259sizlik \u015euras\u0131n\u0131n katibi general-polkovnik Ramil Usubov bel\u0259 bir t\u0259dbirin ke\u00e7irilm\u0259si \u00fc\u00e7\u00fcn yarad\u0131lan \u015f\u0259rait\u0259 g\u00f6r\u0259 DTX-nin r\u0259isi general-polkovnik \u018fli Na\u011f\u0131yev\u0259, t\u0259dbird\u0259 i\u015ftirak\u0131na g\u00f6r\u0259 Az\u0259rbaycan Respublikas\u0131 Prezidentinin k\u00f6m\u0259k\u00e7isi Hikm\u0259t Hac\u0131yev\u0259 t\u0259\u015f\u0259kk\u00fcr\u00fcn\u00fc ifad\u0259 etmi\u015fdir. Natiq bildirmi\u015fdir ki, Silahl\u0131 Q\u00fcvv\u0259l\u0259rin Ali Ba\u015f Komandan\u0131 c\u0259nab \u0130lham \u018fliyevin y\u00fcr\u00fctd\u00fcy\u00fc u\u011furlu daxili v\u0259 xarici siyas\u0259t n\u0259tic\u0259sind\u0259 \u00f6lk\u0259miz d\u00fcnyada sabitlik m\u0259kan\u0131 kimi tan\u0131n\u0131r v\u0259 bu amil d\u0259 \u00f6z n\u00f6vb\u0259sind\u0259 respublikada b\u00fct\u00fcn sah\u0259l\u0259rin h\u0259rt\u0259r\u0259fli inki\u015faf\u0131na z\u0259min yaratm\u0131\u015fd\u0131r. Bu g\u00fcn Az\u0259rbaycan\u0131n birba\u015fa i\u015ftirak\u0131 olmadan beyn\u0259lxalq s\u0259viyy\u0259li n\u0259qliyyat-logistika v\u0259 n\u0259h\u0259ng enerji layih\u0259l\u0259rinin realla\u015fmas\u0131, m\u00fch\u00fcm siyasi q\u0259rarlar\u0131n q\u0259bul olunmas\u0131 m\u00fcmk\u00fcn deyildir. Bununla yana\u015f\u0131 qeyd edilmi\u015fdir ki, son zamanlarda, x\u00fcsus\u0259n d\u0259 V\u0259t\u0259n m\u00fcharib\u0259sind\u0259 qazan\u0131lm\u0131\u015f Q\u0259l\u0259b\u0259d\u0259n sonra b\u0259zi q\u00fcvv\u0259l\u0259r \u00f6z m\u0259krli planlar\u0131n\u0131 h\u0259yata ke\u00e7irm\u0259kl\u0259 b\u00f6lg\u0259d\u0259 yaranm\u0131\u015f stabilliyin yenid\u0259n pozulmas\u0131na \u00e7al\u0131\u015f\u0131r, m\u00fcxt\u0259lif t\u0259xribatlara \u0259l at\u0131rlar. Bu t\u0259hdidl\u0259r\u0259 qar\u015f\u0131 x\u00fcsusi xidm\u0259t v\u0259 h\u00fcquq m\u00fchafiz\u0259 orqanlar\u0131n\u0131n birg\u0259 effektiv m\u00fcbariz\u0259sind\u0259n dan\u0131\u015fan general-polkovnik Ramil Usubov d\u00f6vl\u0259tin h\u0259rbi potensial\u0131n\u0131n art\u0131r\u0131lmas\u0131, m\u00fcdafi\u0259 qabiliyy\u0259tinin y\u00fcks\u0259ldilm\u0259si istiqam\u0259tind\u0259 daim laz\u0131mi t\u0259dbirl\u0259rin g\u00f6r\u00fcld\u00fcy\u00fcn\u00fc, vacib add\u0131mlar\u0131n at\u0131ld\u0131\u011f\u0131n\u0131 diqq\u0259t\u0259 \u00e7atd\u0131rm\u0131\u015fd\u0131r.<\/p>\n","protected":false},"excerpt":{"rendered":"<p>V\u0259t\u0259n m\u00fcharib\u0259sind\u0259 qazan\u0131lm\u0131\u015f Q\u0259l\u0259b\u0259d\u0259n sonra b\u0259zi q\u00fcvv\u0259l\u0259r \u00f6z m\u0259krli planlar\u0131n\u0131 h\u0259yata ke\u00e7irm\u0259kl\u0259 b\u00f6lg\u0259d\u0259 yaranm\u0131\u015f stabilliyin yenid\u0259n pozulmas\u0131na \u00e7al\u0131\u015f\u0131r, m\u00fcxt\u0259lif t\u0259xribatlara \u0259l at\u0131rlar. ARANTV.AZ-\u0131n DTX-nin sayt\u0131na istinad\u0259n m\u0259lumat\u0131na g\u00f6r\u0259, bunu T\u0259hl\u00fck\u0259sizlik \u015euras\u0131n\u0131n katibi general-polkovnik Ramil Usubov &#8220;Milli t\u0259hl\u00fck\u0259sizlik&#8221; m\u00f6vzusunda kursun a\u00e7\u0131l\u0131\u015f m\u0259rasimind\u0259 \u00e7\u0131x\u0131\u015f\u0131 zaman\u0131 deyib. Az\u0259rbaycan Respublikas\u0131n\u0131n T\u0259hl\u00fck\u0259sizlik \u015euras\u0131n\u0131n katibi general-polkovnik Ramil Usubov bel\u0259 bir t\u0259dbirin ke\u00e7irilm\u0259si \u00fc\u00e7\u00fcn yarad\u0131lan \u015f\u0259rait\u0259 g\u00f6r\u0259 DTX-nin r\u0259isi general-polkovnik \u018fli Na\u011f\u0131yev\u0259, t\u0259dbird\u0259 i\u015ftirak\u0131na g\u00f6r\u0259 Az\u0259rbaycan Respublikas\u0131 Prezidentinin k\u00f6m\u0259k\u00e7isi Hikm\u0259t Hac\u0131yev\u0259 t\u0259\u015f\u0259kk\u00fcr\u00fcn\u00fc ifad\u0259 etmi\u015fdir. Natiq bildirmi\u015fdir ki, Silahl\u0131 Q\u00fcvv\u0259l\u0259rin Ali Ba\u015f Komandan\u0131 c\u0259nab \u0130lham \u018fliyevin y\u00fcr\u00fctd\u00fcy\u00fc u\u011furlu&hellip;<\/p>\n","protected":false},"author":2,"featured_media":395540,"comment_status":"closed","ping_status":"closed","sticky":false,"template":"","format":"standard","meta":{"om_disable_all_campaigns":false,"_monsterinsights_skip_tracking":false,"_monsterinsights_sitenote_active":false,"_monsterinsights_sitenote_note":"","_monsterinsights_sitenote_category":0},"categories":[4],"tags":[],"aioseo_notices":[],"gutentor_comment":0,"rttpg_featured_image_url":{"full":["https:\/\/arantv.az\/wp-content\/uploads\/2021\/10\/990619.jpg",800,600,false],"landscape":["https:\/\/arantv.az\/wp-content\/uploads\/2021\/10\/990619.jpg",800,600,false],"portraits":["https:\/\/arantv.az\/wp-content\/uploads\/2021\/10\/990619.jpg",800,600,false],"thumbnail":["https:\/\/arantv.az\/wp-content\/uploads\/2021\/10\/990619-500x280.jpg",500,280,true],"medium":["https:\/\/arantv.az\/wp-content\/uploads\/2021\/10\/990619-487x365.jpg",487,365,true],"large":["https:\/\/arantv.az\/wp-content\/uploads\/2021\/10\/990619.jpg",640,480,false],"1536x1536":["https:\/\/arantv.az\/wp-content\/uploads\/2021\/10\/990619.jpg",800,600,false],"2048x2048":["https:\/\/arantv.az\/wp-content\/uploads\/2021\/10\/990619.jpg",800,600,false],"post-thumbnail":["https:\/\/arantv.az\/wp-content\/uploads\/2021\/10\/990619-240x172.jpg",240,172,true],"advps-thumb-one":["https:\/\/arantv.az\/wp-content\/uploads\/2021\/10\/990619.jpg",800,600,false]},"rttpg_author":{"display_name":"V\u00fcsal Rafiqo\u011flu","author_link":"https:\/\/arantv.az\/?author=2"},"rttpg_comment":0,"rttpg_category":"<a href=\"https:\/\/arantv.az\/?cat=4\" rel=\"category\">Siyas\u0259t<\/a>","rttpg_excerpt":"V\u0259t\u0259n m\u00fcharib\u0259sind\u0259 qazan\u0131lm\u0131\u015f Q\u0259l\u0259b\u0259d\u0259n sonra b\u0259zi q\u00fcvv\u0259l\u0259r \u00f6z m\u0259krli planlar\u0131n\u0131 h\u0259yata ke\u00e7irm\u0259kl\u0259 b\u00f6lg\u0259d\u0259 yaranm\u0131\u015f stabilliyin yenid\u0259n pozulmas\u0131na \u00e7al\u0131\u015f\u0131r, m\u00fcxt\u0259lif t\u0259xribatlara \u0259l at\u0131rlar. ARANTV.AZ-\u0131n DTX-nin sayt\u0131na istinad\u0259n m\u0259lumat\u0131na g\u00f6r\u0259, bunu T\u0259hl\u00fck\u0259sizlik \u015euras\u0131n\u0131n katibi general-polkovnik Ramil Usubov &#8220;Milli t\u0259hl\u00fck\u0259sizlik&#8221; m\u00f6vzusunda kursun a\u00e7\u0131l\u0131\u015f m\u0259rasimind\u0259 \u00e7\u0131x\u0131\u015f\u0131 zaman\u0131 deyib. Az\u0259rbaycan Respublikas\u0131n\u0131n T\u0259hl\u00fck\u0259sizlik \u015euras\u0131n\u0131n katibi general-polkovnik Ramil Usubov bel\u0259 bir t\u0259dbirin&hellip;","_links":{"self":[{"href":"https:\/\/arantv.az\/index.php?rest_route=\/wp\/v2\/posts\/395539"}],"collection":[{"href":"https:\/\/arantv.az\/index.php?rest_route=\/wp\/v2\/posts"}],"about":[{"href":"https:\/\/arantv.az\/index.php?rest_route=\/wp\/v2\/types\/post"}],"author":[{"embeddable":true,"href":"https:\/\/arantv.az\/index.php?rest_route=\/wp\/v2\/users\/2"}],"replies":[{"embeddable":true,"href":"https:\/\/arantv.az\/index.php?rest_route=%2Fwp%2Fv2%2Fcomments&post=395539"}],"version-history":[{"count":0,"href":"https:\/\/arantv.az\/index.php?rest_route=\/wp\/v2\/posts\/395539\/revisions"}],"wp:featuredmedia":[{"embeddable":true,"href":"https:\/\/arantv.az\/index.php?rest_route=\/wp\/v2\/media\/395540"}],"wp:attachment":[{"href":"https:\/\/arantv.az\/index.php?rest_route=%2Fwp%2Fv2%2Fmedia&parent=395539"}],"wp:term":[{"taxonomy":"category","embeddable":true,"href":"https:\/\/arantv.az\/index.php?rest_route=%2Fwp%2Fv2%2Fcategories&post=395539"},{"taxonomy":"post_tag","embeddable":true,"href":"https:\/\/arantv.az\/index.php?rest_route=%2Fwp%2Fv2%2Ftags&post=395539"}],"curies":[{"name":"wp","href":"https:\/\/api.w.org\/{rel}","templated":true}]}}