{"id":395542,"date":"2021-10-26T09:56:46","date_gmt":"2021-10-26T06:56:46","guid":{"rendered":"http:\/\/arantv.az\/?p=395542"},"modified":"2021-10-26T09:56:46","modified_gmt":"2021-10-26T06:56:46","slug":"dusm%c9%99n-qonsu-dovl%c9%99tl%c9%99rl%c9%99-munasib%c9%99tl%c9%99rimizi-g%c9%99rginl%c9%99sm%c9%99sin%c9%99-calisir-dtx-nin-r%c9%99isi","status":"publish","type":"post","link":"https:\/\/arantv.az\/?p=395542","title":{"rendered":"D\u00fc\u015fm\u0259n qon\u015fu d\u00f6vl\u0259tl\u0259rl\u0259 m\u00fcnasib\u0259tl\u0259rimizi g\u0259rginl\u0259\u015fm\u0259sin\u0259 \u00e7al\u0131\u015f\u0131r &#8211; DTX-nin r\u0259isi"},"content":{"rendered":"<p>M\u00f6vcud v\u0259ziyy\u0259ti q\u0259bul ed\u0259 bilm\u0259y\u0259n Erm\u0259nistandak\u0131 m\u0259nfur \u00fcns\u00fcrl\u0259r daima \u00f6lk\u0259miz\u0259 qar\u015f\u0131 \u0259ks-t\u0259bli\u011fat apar\u0131r, Az\u0259rbaycanda ya\u015fayan m\u00fcxt\u0259lif xalqlar\u0131n aras\u0131nda nifaq toxumu s\u0259pm\u0259y\u0259 \u00e7al\u0131\u015f\u0131r, qon\u015fu d\u00f6vl\u0259tl\u0259rl\u0259 respublikam\u0131z aras\u0131nda olan m\u00fcnasib\u0259tl\u0259rin g\u0259rginl\u0259\u015fm\u0259sin\u0259 \u00e7al\u0131\u015f\u0131r.<\/p>\n<p><strong>ARANTV.AZ<\/strong>-\u0131n DTX-nin sayt\u0131na istinad\u0259n m\u0259lumat\u0131na g\u00f6r\u0259, bunu DTX-nin r\u0259isi general-polkovnik \u018fli Na\u011f\u0131yev &#8220;Milli t\u0259hl\u00fck\u0259sizlik&#8221; m\u00f6vzusunda kursun a\u00e7\u0131l\u0131\u015f m\u0259rasimind\u0259 \u00e7\u0131x\u0131\u015f\u0131 zaman\u0131 deyib.<\/p>\n<p><img src=\"https:\/\/img.milli.az\/2021\/10\/26\/990618.jpg\" alt=\"\" \/><\/p>\n<p>T\u0259dbird\u0259 \u00e7\u0131x\u0131\u015f ed\u0259n DTX-nin r\u0259isi general-polkovnik \u018fli Na\u011f\u0131yev t\u0259dbirin ke\u00e7irilm\u0259sinin \u0259h\u0259miyy\u0259tin\u0259 toxunaraq haz\u0131rk\u0131 d\u00f6n\u0259md\u0259 respublikam\u0131z\u0131n t\u0259hl\u00fck\u0259sizliyin\u0259 y\u00f6n\u0259lmi\u015f t\u0259hdidl\u0259r\u0259 qar\u015f\u0131 s\u0259yl\u0259rin birl\u0259\u015fdirilm\u0259sinin vacibliyind\u0259n b\u0259hs etmi\u015f, aidiyy\u0259ti qurumlar\u0131n koordinasiyal\u0131 \u015f\u0259kild\u0259 m\u00fcmk\u00fcn riskl\u0259rl\u0259 s\u0259m\u0259r\u0259li m\u00fcbariz\u0259sind\u0259n dan\u0131\u015fm\u0131\u015fd\u0131r. Vur\u011fulanm\u0131\u015fd\u0131r ki, Az\u0259rbaycan\u0131n s\u00fclh \u00e7a\u011f\u0131r\u0131\u015flar\u0131na baxmayaraq, V\u0259t\u0259n m\u00fcharib\u0259sind\u0259n sonra h\u0259l\u0259 d\u0259 b\u00f6lg\u0259d\u0259 olan real v\u0259ziyy\u0259tl\u0259 bar\u0131\u015fmaq ist\u0259m\u0259y\u0259n, revan\u015fist ideyalarla ya\u015fayan q\u00fcvv\u0259l\u0259rin destruktiv \u0259m\u0259ll\u0259ri m\u00fc\u015fahid\u0259 edilm\u0259kd\u0259dir. Bel\u0259 ki, m\u00f6vcud v\u0259ziyy\u0259ti q\u0259bul ed\u0259 bilm\u0259y\u0259n Erm\u0259nistandak\u0131 m\u0259nfur \u00fcns\u00fcrl\u0259r daima \u00f6lk\u0259miz\u0259 qar\u015f\u0131 \u0259ks-t\u0259bli\u011fat apar\u0131r, Az\u0259rbaycanda ya\u015fayan m\u00fcxt\u0259lif xalqlar\u0131n aras\u0131nda nifaq toxumu s\u0259pm\u0259y\u0259 \u00e7al\u0131\u015f\u0131r, qon\u015fu d\u00f6vl\u0259tl\u0259rl\u0259 respublikam\u0131z aras\u0131nda olan m\u00fcnasib\u0259tl\u0259rin g\u0259rginl\u0259\u015fm\u0259sin\u0259 \u00e7al\u0131\u015f\u0131r. Az\u0259rbaycan Respublikas\u0131n\u0131n Prezidenti c\u0259nab \u0130lham \u018fliyevin r\u0259hb\u0259rliyi alt\u0131nda aidiyy\u0259ti d\u00f6vl\u0259t orqanlar\u0131 t\u0259r\u0259find\u0259n erm\u0259nil\u0259rin \u00f6lk\u0259miz\u0259 qar\u015f\u0131 m\u00fcmk\u00fcn t\u0259xribatlar\u0131 diqq\u0259tl\u0259 izl\u0259nilir v\u0259 adekvat t\u0259dbirl\u0259r g\u00f6r\u00fcl\u00fcr. General-polkovnik \u018fli Na\u011f\u0131yev ayr\u0131-ayr\u0131 xarici d\u00f6vl\u0259tl\u0259rin x\u00fcsusi xidm\u0259t orqanlar\u0131n\u0131n Az\u0259rbaycana qar\u015f\u0131 k\u0259\u015ffiyyat-pozuculuq f\u0259aliyy\u0259tinin z\u0259r\u0259rsizl\u0259\u015fdirilm\u0259si istiqam\u0259tind\u0259 h\u0259yata ke\u00e7irilmi\u015f t\u0259dbirl\u0259r bar\u0259d\u0259 m\u0259lumat vermi\u015f, b\u0259zi v\u0259t\u0259nda\u015flar\u0131n \u00f6lk\u0259 h\u00fcdudlar\u0131ndan k\u0259narda qanunsuz silahl\u0131 birl\u0259\u015fm\u0259l\u0259r\u0259 qo\u015fulmas\u0131, h\u0259rbi t\u0259liml\u0259r ke\u00e7\u0259r\u0259k silahl\u0131 m\u00fcnaqi\u015f\u0259 ocaqlar\u0131nda i\u015ftirak etm\u0259sinin d\u0259 narahatl\u0131q do\u011furan m\u0259s\u0259l\u0259l\u0259rd\u0259n biri oldu\u011funu v\u0259 h\u0259min \u015f\u0259xsl\u0259rin g\u0259l\u0259c\u0259kd\u0259 \u00f6lk\u0259 \u0259razisind\u0259 terror-t\u0259xribat \u0259m\u0259ll\u0259ri t\u00f6r\u0259tm\u0259y\u0259 c\u0259hd etm\u0259sinin d\u0259 daim diqq\u0259t m\u0259rk\u0259zind\u0259 saxlan\u0131ld\u0131\u011f\u0131n\u0131 n\u0259z\u0259r\u0259 \u00e7atd\u0131rm\u0131\u015fd\u0131r. \u00c7\u0131x\u0131\u015f\u0131nda informasiya t\u0259hl\u00fck\u0259sizliyi sah\u0259sind\u0259 ba\u015f ver\u0259n cinay\u0259tl\u0259rin, koronavirus pandemiyas\u0131n\u0131n yaratd\u0131\u011f\u0131 probleml\u0259rin \u00fcmumi t\u0259hl\u00fck\u0259sizlik arxitekturas\u0131na t\u0259sirl\u0259rind\u0259n d\u0259 dan\u0131\u015fan DTX r\u0259isi vur\u011fulam\u0131\u015fd\u0131r ki, respublikam\u0131zda m\u00f6vcud sabitliyin pozulmas\u0131na y\u00f6n\u0259lmi\u015f b\u00fct\u00fcn sadalanan hallara qar\u015f\u0131 D\u00f6vl\u0259t T\u0259hl\u00fck\u0259sizliyi Xidm\u0259ti t\u0259r\u0259find\u0259n bundan sonra da q\u0259tiyy\u0259tli t\u0259dbirl\u0259r g\u00f6r\u00fcl\u0259c\u0259kdir.<\/p>\n","protected":false},"excerpt":{"rendered":"<p>M\u00f6vcud v\u0259ziyy\u0259ti q\u0259bul ed\u0259 bilm\u0259y\u0259n Erm\u0259nistandak\u0131 m\u0259nfur \u00fcns\u00fcrl\u0259r daima \u00f6lk\u0259miz\u0259 qar\u015f\u0131 \u0259ks-t\u0259bli\u011fat apar\u0131r, Az\u0259rbaycanda ya\u015fayan m\u00fcxt\u0259lif xalqlar\u0131n aras\u0131nda nifaq toxumu s\u0259pm\u0259y\u0259 \u00e7al\u0131\u015f\u0131r, qon\u015fu d\u00f6vl\u0259tl\u0259rl\u0259 respublikam\u0131z aras\u0131nda olan m\u00fcnasib\u0259tl\u0259rin g\u0259rginl\u0259\u015fm\u0259sin\u0259 \u00e7al\u0131\u015f\u0131r. ARANTV.AZ-\u0131n DTX-nin sayt\u0131na istinad\u0259n m\u0259lumat\u0131na g\u00f6r\u0259, bunu DTX-nin r\u0259isi general-polkovnik \u018fli Na\u011f\u0131yev &#8220;Milli t\u0259hl\u00fck\u0259sizlik&#8221; m\u00f6vzusunda kursun a\u00e7\u0131l\u0131\u015f m\u0259rasimind\u0259 \u00e7\u0131x\u0131\u015f\u0131 zaman\u0131 deyib. T\u0259dbird\u0259 \u00e7\u0131x\u0131\u015f ed\u0259n DTX-nin r\u0259isi general-polkovnik \u018fli Na\u011f\u0131yev t\u0259dbirin ke\u00e7irilm\u0259sinin \u0259h\u0259miyy\u0259tin\u0259 toxunaraq haz\u0131rk\u0131 d\u00f6n\u0259md\u0259 respublikam\u0131z\u0131n t\u0259hl\u00fck\u0259sizliyin\u0259 y\u00f6n\u0259lmi\u015f t\u0259hdidl\u0259r\u0259 qar\u015f\u0131 s\u0259yl\u0259rin birl\u0259\u015fdirilm\u0259sinin vacibliyind\u0259n b\u0259hs etmi\u015f, aidiyy\u0259ti qurumlar\u0131n koordinasiyal\u0131 \u015f\u0259kild\u0259 m\u00fcmk\u00fcn riskl\u0259rl\u0259 s\u0259m\u0259r\u0259li m\u00fcbariz\u0259sind\u0259n dan\u0131\u015fm\u0131\u015fd\u0131r. Vur\u011fulanm\u0131\u015fd\u0131r ki, Az\u0259rbaycan\u0131n s\u00fclh \u00e7a\u011f\u0131r\u0131\u015flar\u0131na baxmayaraq,&hellip;<\/p>\n","protected":false},"author":2,"featured_media":395543,"comment_status":"closed","ping_status":"closed","sticky":false,"template":"","format":"standard","meta":{"om_disable_all_campaigns":false,"_monsterinsights_skip_tracking":false,"_monsterinsights_sitenote_active":false,"_monsterinsights_sitenote_note":"","_monsterinsights_sitenote_category":0},"categories":[4],"tags":[],"aioseo_notices":[],"gutentor_comment":0,"rttpg_featured_image_url":{"full":["https:\/\/arantv.az\/wp-content\/uploads\/2021\/10\/eli_nagiyev_0145.jpg",800,600,false],"landscape":["https:\/\/arantv.az\/wp-content\/uploads\/2021\/10\/eli_nagiyev_0145.jpg",800,600,false],"portraits":["https:\/\/arantv.az\/wp-content\/uploads\/2021\/10\/eli_nagiyev_0145.jpg",800,600,false],"thumbnail":["https:\/\/arantv.az\/wp-content\/uploads\/2021\/10\/eli_nagiyev_0145-500x280.jpg",500,280,true],"medium":["https:\/\/arantv.az\/wp-content\/uploads\/2021\/10\/eli_nagiyev_0145-487x365.jpg",487,365,true],"large":["https:\/\/arantv.az\/wp-content\/uploads\/2021\/10\/eli_nagiyev_0145.jpg",640,480,false],"1536x1536":["https:\/\/arantv.az\/wp-content\/uploads\/2021\/10\/eli_nagiyev_0145.jpg",800,600,false],"2048x2048":["https:\/\/arantv.az\/wp-content\/uploads\/2021\/10\/eli_nagiyev_0145.jpg",800,600,false],"post-thumbnail":["https:\/\/arantv.az\/wp-content\/uploads\/2021\/10\/eli_nagiyev_0145-240x172.jpg",240,172,true],"advps-thumb-one":["https:\/\/arantv.az\/wp-content\/uploads\/2021\/10\/eli_nagiyev_0145.jpg",800,600,false]},"rttpg_author":{"display_name":"V\u00fcsal Rafiqo\u011flu","author_link":"https:\/\/arantv.az\/?author=2"},"rttpg_comment":0,"rttpg_category":"<a href=\"https:\/\/arantv.az\/?cat=4\" rel=\"category\">Siyas\u0259t<\/a>","rttpg_excerpt":"M\u00f6vcud v\u0259ziyy\u0259ti q\u0259bul ed\u0259 bilm\u0259y\u0259n Erm\u0259nistandak\u0131 m\u0259nfur \u00fcns\u00fcrl\u0259r daima \u00f6lk\u0259miz\u0259 qar\u015f\u0131 \u0259ks-t\u0259bli\u011fat apar\u0131r, Az\u0259rbaycanda ya\u015fayan m\u00fcxt\u0259lif xalqlar\u0131n aras\u0131nda nifaq toxumu s\u0259pm\u0259y\u0259 \u00e7al\u0131\u015f\u0131r, qon\u015fu d\u00f6vl\u0259tl\u0259rl\u0259 respublikam\u0131z aras\u0131nda olan m\u00fcnasib\u0259tl\u0259rin g\u0259rginl\u0259\u015fm\u0259sin\u0259 \u00e7al\u0131\u015f\u0131r. ARANTV.AZ-\u0131n DTX-nin sayt\u0131na istinad\u0259n m\u0259lumat\u0131na g\u00f6r\u0259, bunu DTX-nin r\u0259isi general-polkovnik \u018fli Na\u011f\u0131yev &#8220;Milli t\u0259hl\u00fck\u0259sizlik&#8221; m\u00f6vzusunda kursun a\u00e7\u0131l\u0131\u015f m\u0259rasimind\u0259 \u00e7\u0131x\u0131\u015f\u0131 zaman\u0131 deyib. T\u0259dbird\u0259 \u00e7\u0131x\u0131\u015f ed\u0259n DTX-nin&hellip;","_links":{"self":[{"href":"https:\/\/arantv.az\/index.php?rest_route=\/wp\/v2\/posts\/395542"}],"collection":[{"href":"https:\/\/arantv.az\/index.php?rest_route=\/wp\/v2\/posts"}],"about":[{"href":"https:\/\/arantv.az\/index.php?rest_route=\/wp\/v2\/types\/post"}],"author":[{"embeddable":true,"href":"https:\/\/arantv.az\/index.php?rest_route=\/wp\/v2\/users\/2"}],"replies":[{"embeddable":true,"href":"https:\/\/arantv.az\/index.php?rest_route=%2Fwp%2Fv2%2Fcomments&post=395542"}],"version-history":[{"count":0,"href":"https:\/\/arantv.az\/index.php?rest_route=\/wp\/v2\/posts\/395542\/revisions"}],"wp:featuredmedia":[{"embeddable":true,"href":"https:\/\/arantv.az\/index.php?rest_route=\/wp\/v2\/media\/395543"}],"wp:attachment":[{"href":"https:\/\/arantv.az\/index.php?rest_route=%2Fwp%2Fv2%2Fmedia&parent=395542"}],"wp:term":[{"taxonomy":"category","embeddable":true,"href":"https:\/\/arantv.az\/index.php?rest_route=%2Fwp%2Fv2%2Fcategories&post=395542"},{"taxonomy":"post_tag","embeddable":true,"href":"https:\/\/arantv.az\/index.php?rest_route=%2Fwp%2Fv2%2Ftags&post=395542"}],"curies":[{"name":"wp","href":"https:\/\/api.w.org\/{rel}","templated":true}]}}