{"id":395545,"date":"2021-10-26T09:57:56","date_gmt":"2021-10-26T06:57:56","guid":{"rendered":"http:\/\/arantv.az\/?p=395545"},"modified":"2021-10-26T09:57:56","modified_gmt":"2021-10-26T06:57:56","slug":"dtx-nin-beyn%c9%99lxalq-antiterror-t%c9%99lim-m%c9%99rk%c9%99zind%c9%99-milli-t%c9%99hluk%c9%99sizlik-movzusunda-kursun-acilisi-olub-foto","status":"publish","type":"post","link":"https:\/\/arantv.az\/?p=395545","title":{"rendered":"DTX-nin Beyn\u0259lxalq Antiterror T\u0259lim M\u0259rk\u0259zind\u0259 \u201cMilli t\u0259hl\u00fck\u0259sizlik\u201d m\u00f6vzusunda kursun a\u00e7\u0131l\u0131\u015f\u0131 olub &#8211; FOTO"},"content":{"rendered":"<p>Oktyabr\u0131n 25-d\u0259 Az\u0259rbaycan Respublikas\u0131 D\u00f6vl\u0259t T\u0259hl\u00fck\u0259sizliyi Xidm\u0259tinin (DTX) Beyn\u0259lxalq Antiterror T\u0259lim M\u0259rk\u0259zind\u0259 Az\u0259rbaycan Respublikas\u0131n\u0131n T\u0259hl\u00fck\u0259sizlik \u015euras\u0131 katibinin xidm\u0259tinin t\u0259\u015fkilat\u00e7\u0131l\u0131\u011f\u0131 il\u0259 &#8220;Milli t\u0259hl\u00fck\u0259sizlik&#8221; m\u00f6vzusunda kursun a\u00e7\u0131l\u0131\u015f m\u0259rasimi ke\u00e7irilib.<\/p>\n<p><strong>ARANTV.AZ<\/strong>-\u0131n DTX-nin sayt\u0131na istinad\u0259n m\u0259lumat\u0131na g\u00f6r\u0259, t\u0259dbird\u0259 Az\u0259rbaycan Respublikas\u0131n\u0131n T\u0259hl\u00fck\u0259sizlik \u015euras\u0131n\u0131n katibi general-polkovnik Ramil Usubov, Az\u0259rbaycan Respublikas\u0131 Prezidentinin k\u00f6m\u0259k\u00e7isi-Prezident Administrasiyas\u0131n\u0131n Xarici siyas\u0259t m\u0259s\u0259l\u0259l\u0259ri \u015f\u00f6b\u0259sinin m\u00fcdiri Hikm\u0259t Hac\u0131yev, DTX-nin r\u0259isi general-polkovnik \u018fli Na\u011f\u0131yev, d\u00f6vl\u0259t orqanlar\u0131n\u0131n r\u0259hb\u0259r \u0259m\u0259kda\u015flar\u0131 v\u0259 T\u00fcrkiy\u0259 Respublikas\u0131n\u0131n Milli T\u0259hl\u00fck\u0259sizlik \u015euras\u0131n\u0131n Ba\u015f katibinin n\u00fcmay\u0259nd\u0259si i\u015ftirak etmi\u015fl\u0259r. Oktyabr\u0131n 29-d\u0259k davam ed\u0259c\u0259k kursda Az\u0259rbaycan Respublikas\u0131n\u0131n 32 d\u00f6vl\u0259t qurumunun 54 n\u00fcmay\u0259nd\u0259sinin milli t\u0259hl\u00fck\u0259sizliyin m\u00fcxt\u0259lif aspektl\u0259rin\u0259 dair m\u00fchazir\u0259l\u0259rl\u0259 \u00e7\u0131x\u0131\u015flar\u0131, praktiki m\u0259\u015f\u011f\u0259l\u0259l\u0259r v\u0259 panel m\u00fczakir\u0259l\u0259r n\u0259z\u0259rd\u0259 tutulur. Kursun ke\u00e7irilm\u0259sind\u0259 m\u0259qs\u0259d milli t\u0259hl\u00fck\u0259sizlik sah\u0259sind\u0259 m\u00f6vcud v\u0259ziyy\u0259tin v\u0259 ona qar\u015f\u0131 y\u00f6n\u0259l\u0259n t\u0259hdidl\u0259rin qiym\u0259tl\u0259ndirilm\u0259si, milli t\u0259hl\u00fck\u0259sizliyin t\u0259min olunmas\u0131nda aidiyy\u0259ti strukturlar\u0131n birg\u0259 f\u0259aliyy\u0259tinin t\u0259kmill\u0259\u015fdirm\u0259si v\u0259 d\u00f6vl\u0259t t\u0259\u015fkilatlar\u0131 aras\u0131nda t\u0259cr\u00fcb\u0259 m\u00fcbadil\u0259sinin apar\u0131lmas\u0131d\u0131r.<\/p>\n<p>T\u0259dbir Az\u0259rbaycan Respublikas\u0131n\u0131n suverenliyi v\u0259 \u0259razi b\u00fct\u00f6vl\u00fcy\u00fc u\u011frunda q\u0259hr\u0259mancas\u0131na h\u0259lak olmu\u015f V\u0259t\u0259n \u00f6vladlar\u0131n\u0131n \u0259ziz xatir\u0259sinin bir d\u0259qiq\u0259lik s\u00fckutla yad olunmas\u0131 il\u0259 ba\u015flam\u0131\u015fd\u0131r.<\/p>\n<p>\u0130lk olaraq \u00e7\u0131x\u0131\u015f ed\u0259n Az\u0259rbaycan Respublikas\u0131n\u0131n T\u0259hl\u00fck\u0259sizlik \u015euras\u0131n\u0131n katibi general-polkovnik Ramil Usubov bel\u0259 bir t\u0259dbirin ke\u00e7irilm\u0259si \u00fc\u00e7\u00fcn yarad\u0131lan \u015f\u0259rait\u0259 g\u00f6r\u0259 DTX-nin r\u0259isi general-polkovnik \u018fli Na\u011f\u0131yev\u0259, t\u0259dbird\u0259 i\u015ftirak\u0131na g\u00f6r\u0259 Az\u0259rbaycan Respublikas\u0131 Prezidentinin k\u00f6m\u0259k\u00e7isi Hikm\u0259t Hac\u0131yev\u0259 t\u0259\u015f\u0259kk\u00fcr\u00fcn\u00fc ifad\u0259 etmi\u015fdir. Natiq bildirmi\u015fdir ki, Silahl\u0131 Q\u00fcvv\u0259l\u0259rin Ali Ba\u015f Komandan\u0131 c\u0259nab \u0130lham \u018fliyevin y\u00fcr\u00fctd\u00fcy\u00fc u\u011furlu daxili v\u0259 xarici siyas\u0259t n\u0259tic\u0259sind\u0259 \u00f6lk\u0259miz d\u00fcnyada sabitlik m\u0259kan\u0131 kimi tan\u0131n\u0131r v\u0259 bu amil d\u0259 \u00f6z n\u00f6vb\u0259sind\u0259 respublikada b\u00fct\u00fcn sah\u0259l\u0259rin h\u0259rt\u0259r\u0259fli inki\u015faf\u0131na z\u0259min yaratm\u0131\u015fd\u0131r. Bu g\u00fcn Az\u0259rbaycan\u0131n birba\u015fa i\u015ftirak\u0131 olmadan beyn\u0259lxalq s\u0259viyy\u0259li n\u0259qliyyat-logistika v\u0259 n\u0259h\u0259ng enerji layih\u0259l\u0259rinin realla\u015fmas\u0131, m\u00fch\u00fcm siyasi q\u0259rarlar\u0131n q\u0259bul olunmas\u0131 m\u00fcmk\u00fcn deyildir. Bununla yana\u015f\u0131 qeyd edilmi\u015fdir ki, son zamanlarda, x\u00fcsus\u0259n d\u0259 V\u0259t\u0259n m\u00fcharib\u0259sind\u0259 qazan\u0131lm\u0131\u015f Q\u0259l\u0259b\u0259d\u0259n sonra b\u0259zi q\u00fcvv\u0259l\u0259r \u00f6z m\u0259krli planlar\u0131n\u0131 h\u0259yata ke\u00e7irm\u0259kl\u0259 b\u00f6lg\u0259d\u0259 yaranm\u0131\u015f stabilliyin yenid\u0259n pozulmas\u0131na \u00e7al\u0131\u015f\u0131r, m\u00fcxt\u0259lif t\u0259xribatlara \u0259l at\u0131rlar. Bu t\u0259hdidl\u0259r\u0259 qar\u015f\u0131 x\u00fcsusi xidm\u0259t v\u0259 h\u00fcquq m\u00fchafiz\u0259 orqanlar\u0131n\u0131n birg\u0259 effektiv m\u00fcbariz\u0259sind\u0259n dan\u0131\u015fan general-polkovnik Ramil Usubov d\u00f6vl\u0259tin h\u0259rbi potensial\u0131n\u0131n art\u0131r\u0131lmas\u0131, m\u00fcdafi\u0259 qabiliyy\u0259tinin y\u00fcks\u0259ldilm\u0259si istiqam\u0259tind\u0259 daim laz\u0131mi t\u0259dbirl\u0259rin g\u00f6r\u00fcld\u00fcy\u00fcn\u00fc, vacib add\u0131mlar\u0131n at\u0131ld\u0131\u011f\u0131n\u0131 diqq\u0259t\u0259 \u00e7atd\u0131rm\u0131\u015fd\u0131r.<\/p>\n<p>Az\u0259rbaycan Respublikas\u0131 Prezidentinin k\u00f6m\u0259k\u00e7isi-Prezident Administrasiyas\u0131n\u0131n Xarici siyas\u0259t m\u0259s\u0259l\u0259l\u0259ri \u015f\u00f6b\u0259sinin m\u00fcdiri Hikm\u0259t Hac\u0131yev \u00e7\u0131x\u0131\u015f ed\u0259r\u0259k h\u0259r bir d\u00f6vl\u0259tin prioritet m\u0259s\u0259l\u0259si olan milli t\u0259hl\u00fck\u0259sizliyin etibarl\u0131 t\u0259min olunmas\u0131ndan dan\u0131\u015fm\u0131\u015f, bu sah\u0259d\u0259 f\u0259aliyy\u0259tin h\u0259yata ke\u00e7irilm\u0259sind\u0259 \u00f6lk\u0259 ba\u015f\u00e7\u0131s\u0131 c\u0259nab \u0130lham \u018fliyevin r\u0259hb\u0259rliyi il\u0259 haz\u0131rlanm\u0131\u015f Milli T\u0259hl\u00fck\u0259sizlik Konsepsiyas\u0131n\u0131n \u00f6n\u0259mind\u0259n b\u0259hs etmi\u015fdir. 30 il\u0259 yax\u0131n m\u00fcdd\u0259t \u0259rzind\u0259 d\u00f6vl\u0259timizin t\u0259hl\u00fck\u0259sizliyi \u0259leyhin\u0259 y\u00f6n\u0259lmi\u015f ba\u015fl\u0131ca amilin Erm\u0259nistan t\u0259r\u0259find\u0259n apar\u0131lan i\u015f\u011fal\u00e7\u0131l\u0131q siyas\u0259ti oldu\u011funu bildir\u0259n \u015f\u00f6b\u0259 m\u00fcdiri qeyd etmi\u015fdir ki, M\u00fcz\u0259ff\u0259r Ali Ba\u015f Komandan\u0131n q\u0259tiyy\u0259tli s\u0259rk\u0259rd\u0259liyi alt\u0131nda Az\u0259rbaycan Ordusunun V\u0259t\u0259n sava\u015f\u0131nda q\u0259l\u0259b\u0259 \u00e7almaqla erm\u0259ni fa\u015fizmini m\u0259hv etm\u0259si n\u0259tic\u0259sind\u0259 regionda yeni t\u0259hl\u00fck\u0259sizlik d\u00fcz\u0259ni formala\u015fm\u0131\u015fd\u0131r.<\/p>\n<p>T\u0259dbird\u0259 \u00e7\u0131x\u0131\u015f ed\u0259n DTX-nin r\u0259isi general-polkovnik \u018fli Na\u011f\u0131yev t\u0259dbirin ke\u00e7irilm\u0259sinin \u0259h\u0259miyy\u0259tin\u0259 toxunaraq haz\u0131rk\u0131 d\u00f6n\u0259md\u0259 respublikam\u0131z\u0131n t\u0259hl\u00fck\u0259sizliyin\u0259 y\u00f6n\u0259lmi\u015f t\u0259hdidl\u0259r\u0259 qar\u015f\u0131 s\u0259yl\u0259rin birl\u0259\u015fdirilm\u0259sinin vacibliyind\u0259n b\u0259hs etmi\u015f, aidiyy\u0259ti qurumlar\u0131n koordinasiyal\u0131 \u015f\u0259kild\u0259 m\u00fcmk\u00fcn riskl\u0259rl\u0259 s\u0259m\u0259r\u0259li m\u00fcbariz\u0259sind\u0259n dan\u0131\u015fm\u0131\u015fd\u0131r. Vur\u011fulanm\u0131\u015fd\u0131r ki, Az\u0259rbaycan\u0131n s\u00fclh \u00e7a\u011f\u0131r\u0131\u015flar\u0131na baxmayaraq, V\u0259t\u0259n m\u00fcharib\u0259sind\u0259n sonra h\u0259l\u0259 d\u0259 b\u00f6lg\u0259d\u0259 olan real v\u0259ziyy\u0259tl\u0259 bar\u0131\u015fmaq ist\u0259m\u0259y\u0259n, revan\u015fist ideyalarla ya\u015fayan q\u00fcvv\u0259l\u0259rin destruktiv \u0259m\u0259ll\u0259ri m\u00fc\u015fahid\u0259 edilm\u0259kd\u0259dir. Bel\u0259 ki, m\u00f6vcud v\u0259ziyy\u0259ti q\u0259bul ed\u0259 bilm\u0259y\u0259n Erm\u0259nistandak\u0131 m\u0259nfur \u00fcns\u00fcrl\u0259r daima \u00f6lk\u0259miz\u0259 qar\u015f\u0131 \u0259ks-t\u0259bli\u011fat apar\u0131r, Az\u0259rbaycanda ya\u015fayan m\u00fcxt\u0259lif xalqlar\u0131n aras\u0131nda nifaq toxumu s\u0259pm\u0259y\u0259 \u00e7al\u0131\u015f\u0131r, qon\u015fu d\u00f6vl\u0259tl\u0259rl\u0259 respublikam\u0131z aras\u0131nda olan m\u00fcnasib\u0259tl\u0259rin g\u0259rginl\u0259\u015fm\u0259sin\u0259 \u00e7al\u0131\u015f\u0131r. Az\u0259rbaycan Respublikas\u0131n\u0131n Prezidenti c\u0259nab \u0130lham \u018fliyevin r\u0259hb\u0259rliyi alt\u0131nda aidiyy\u0259ti d\u00f6vl\u0259t orqanlar\u0131 t\u0259r\u0259find\u0259n erm\u0259nil\u0259rin \u00f6lk\u0259miz\u0259 qar\u015f\u0131 m\u00fcmk\u00fcn t\u0259xribatlar\u0131 diqq\u0259tl\u0259 izl\u0259nilir v\u0259 adekvat t\u0259dbirl\u0259r g\u00f6r\u00fcl\u00fcr. General-polkovnik \u018fli Na\u011f\u0131yev ayr\u0131-ayr\u0131 xarici d\u00f6vl\u0259tl\u0259rin x\u00fcsusi xidm\u0259t orqanlar\u0131n\u0131n Az\u0259rbaycana qar\u015f\u0131 k\u0259\u015ffiyyat-pozuculuq f\u0259aliyy\u0259tinin z\u0259r\u0259rsizl\u0259\u015fdirilm\u0259si istiqam\u0259tind\u0259 h\u0259yata ke\u00e7irilmi\u015f t\u0259dbirl\u0259r bar\u0259d\u0259 m\u0259lumat vermi\u015f, b\u0259zi v\u0259t\u0259nda\u015flar\u0131n \u00f6lk\u0259 h\u00fcdudlar\u0131ndan k\u0259narda qanunsuz silahl\u0131 birl\u0259\u015fm\u0259l\u0259r\u0259 qo\u015fulmas\u0131, h\u0259rbi t\u0259liml\u0259r ke\u00e7\u0259r\u0259k silahl\u0131 m\u00fcnaqi\u015f\u0259 ocaqlar\u0131nda i\u015ftirak etm\u0259sinin d\u0259 narahatl\u0131q do\u011furan m\u0259s\u0259l\u0259l\u0259rd\u0259n biri oldu\u011funu v\u0259 h\u0259min \u015f\u0259xsl\u0259rin g\u0259l\u0259c\u0259kd\u0259 \u00f6lk\u0259 \u0259razisind\u0259 terror-t\u0259xribat \u0259m\u0259ll\u0259ri t\u00f6r\u0259tm\u0259y\u0259 c\u0259hd etm\u0259sinin d\u0259 daim diqq\u0259t m\u0259rk\u0259zind\u0259 saxlan\u0131ld\u0131\u011f\u0131n\u0131 n\u0259z\u0259r\u0259 \u00e7atd\u0131rm\u0131\u015fd\u0131r. \u00c7\u0131x\u0131\u015f\u0131nda informasiya t\u0259hl\u00fck\u0259sizliyi sah\u0259sind\u0259 ba\u015f ver\u0259n cinay\u0259tl\u0259rin, koronavirus pandemiyas\u0131n\u0131n yaratd\u0131\u011f\u0131 probleml\u0259rin \u00fcmumi t\u0259hl\u00fck\u0259sizlik arxitekturas\u0131na t\u0259sirl\u0259rind\u0259n d\u0259 dan\u0131\u015fan DTX r\u0259isi vur\u011fulam\u0131\u015fd\u0131r ki, respublikam\u0131zda m\u00f6vcud sabitliyin pozulmas\u0131na y\u00f6n\u0259lmi\u015f b\u00fct\u00fcn sadalanan hallara qar\u015f\u0131 D\u00f6vl\u0259t T\u0259hl\u00fck\u0259sizliyi Xidm\u0259ti t\u0259r\u0259find\u0259n bundan sonra da q\u0259tiyy\u0259tli t\u0259dbirl\u0259r g\u00f6r\u00fcl\u0259c\u0259kdir.<\/p>\n<p>T\u0259dbir i\u015ftirak\u00e7\u0131 m\u00fcvafiq d\u00f6vl\u0259t qurumlar\u0131n\u0131n n\u00fcmay\u0259nd\u0259l\u0259rinin \u00e7\u0131x\u0131\u015f v\u0259 m\u00fchazir\u0259l\u0259ri il\u0259 davam etmi\u015fdir.<\/p>\n<h4><\/h4>\n<div class=\"article-gallery\">\n<div class=\"lSSlideOuter \">\n<div class=\"lSSlideWrapper usingCss\">\n<ul class=\"images-list lightSlider lsGrab lSSlide\">\n<li class=\"lslide active\" data-src=\"https:\/\/img.milli.az\/2021\/10\/26\/990617_01.jpg\" data-fancybox=\"990617\"><img src=\"https:\/\/img.milli.az\/2021\/10\/26\/990617_01.jpg\" alt=\"\" \/><\/li>\n<li class=\"lslide\" data-src=\"https:\/\/img.milli.az\/2021\/10\/26\/990617_02.jpg\" data-fancybox=\"990617\"><img src=\"https:\/\/img.milli.az\/2021\/10\/26\/990617_02.jpg\" alt=\"\" \/><\/li>\n<li class=\"lslide\" data-src=\"https:\/\/img.milli.az\/2021\/10\/26\/990617_03.jpg\" data-fancybox=\"990617\"><img src=\"https:\/\/img.milli.az\/2021\/10\/26\/990617_03.jpg\" alt=\"\" \/><\/li>\n<li class=\"lslide\" data-src=\"https:\/\/img.milli.az\/2021\/10\/26\/990617_04.jpg\" data-fancybox=\"990617\"><img src=\"https:\/\/img.milli.az\/2021\/10\/26\/990617_04.jpg\" alt=\"\" \/><\/li>\n<li class=\"lslide\" data-src=\"https:\/\/img.milli.az\/2021\/10\/26\/990617_05.jpg\" data-fancybox=\"990617\"><img src=\"https:\/\/img.milli.az\/2021\/10\/26\/990617_05.jpg\" alt=\"\" \/><\/li>\n<\/ul>\n<div class=\"lSAction\"><\/div>\n<\/div>\n<\/div>\n<div class=\"lSSlideOuter \"><\/div>\n<\/div>\n<p>&nbsp;<\/p>\n","protected":false},"excerpt":{"rendered":"<p>Oktyabr\u0131n 25-d\u0259 Az\u0259rbaycan Respublikas\u0131 D\u00f6vl\u0259t T\u0259hl\u00fck\u0259sizliyi Xidm\u0259tinin (DTX) Beyn\u0259lxalq Antiterror T\u0259lim M\u0259rk\u0259zind\u0259 Az\u0259rbaycan Respublikas\u0131n\u0131n T\u0259hl\u00fck\u0259sizlik \u015euras\u0131 katibinin xidm\u0259tinin t\u0259\u015fkilat\u00e7\u0131l\u0131\u011f\u0131 il\u0259 &#8220;Milli t\u0259hl\u00fck\u0259sizlik&#8221; m\u00f6vzusunda kursun a\u00e7\u0131l\u0131\u015f m\u0259rasimi ke\u00e7irilib. ARANTV.AZ-\u0131n DTX-nin sayt\u0131na istinad\u0259n m\u0259lumat\u0131na g\u00f6r\u0259, t\u0259dbird\u0259 Az\u0259rbaycan Respublikas\u0131n\u0131n T\u0259hl\u00fck\u0259sizlik \u015euras\u0131n\u0131n katibi general-polkovnik Ramil Usubov, Az\u0259rbaycan Respublikas\u0131 Prezidentinin k\u00f6m\u0259k\u00e7isi-Prezident Administrasiyas\u0131n\u0131n Xarici siyas\u0259t m\u0259s\u0259l\u0259l\u0259ri \u015f\u00f6b\u0259sinin m\u00fcdiri Hikm\u0259t Hac\u0131yev, DTX-nin r\u0259isi general-polkovnik \u018fli Na\u011f\u0131yev, d\u00f6vl\u0259t orqanlar\u0131n\u0131n r\u0259hb\u0259r \u0259m\u0259kda\u015flar\u0131 v\u0259 T\u00fcrkiy\u0259 Respublikas\u0131n\u0131n Milli T\u0259hl\u00fck\u0259sizlik \u015euras\u0131n\u0131n Ba\u015f katibinin n\u00fcmay\u0259nd\u0259si i\u015ftirak etmi\u015fl\u0259r. Oktyabr\u0131n 29-d\u0259k davam ed\u0259c\u0259k kursda Az\u0259rbaycan Respublikas\u0131n\u0131n 32 d\u00f6vl\u0259t qurumunun 54 n\u00fcmay\u0259nd\u0259sinin milli t\u0259hl\u00fck\u0259sizliyin m\u00fcxt\u0259lif aspektl\u0259rin\u0259&hellip;<\/p>\n","protected":false},"author":2,"featured_media":395546,"comment_status":"closed","ping_status":"closed","sticky":false,"template":"","format":"standard","meta":{"om_disable_all_campaigns":false,"_monsterinsights_skip_tracking":false,"_monsterinsights_sitenote_active":false,"_monsterinsights_sitenote_note":"","_monsterinsights_sitenote_category":0},"categories":[4],"tags":[],"aioseo_notices":[],"gutentor_comment":0,"rttpg_featured_image_url":{"full":["https:\/\/arantv.az\/wp-content\/uploads\/2021\/10\/990617.jpg",800,600,false],"landscape":["https:\/\/arantv.az\/wp-content\/uploads\/2021\/10\/990617.jpg",800,600,false],"portraits":["https:\/\/arantv.az\/wp-content\/uploads\/2021\/10\/990617.jpg",800,600,false],"thumbnail":["https:\/\/arantv.az\/wp-content\/uploads\/2021\/10\/990617-500x280.jpg",500,280,true],"medium":["https:\/\/arantv.az\/wp-content\/uploads\/2021\/10\/990617-487x365.jpg",487,365,true],"large":["https:\/\/arantv.az\/wp-content\/uploads\/2021\/10\/990617.jpg",640,480,false],"1536x1536":["https:\/\/arantv.az\/wp-content\/uploads\/2021\/10\/990617.jpg",800,600,false],"2048x2048":["https:\/\/arantv.az\/wp-content\/uploads\/2021\/10\/990617.jpg",800,600,false],"post-thumbnail":["https:\/\/arantv.az\/wp-content\/uploads\/2021\/10\/990617-240x172.jpg",240,172,true],"advps-thumb-one":["https:\/\/arantv.az\/wp-content\/uploads\/2021\/10\/990617.jpg",800,600,false]},"rttpg_author":{"display_name":"V\u00fcsal Rafiqo\u011flu","author_link":"https:\/\/arantv.az\/?author=2"},"rttpg_comment":0,"rttpg_category":"<a href=\"https:\/\/arantv.az\/?cat=4\" rel=\"category\">Siyas\u0259t<\/a>","rttpg_excerpt":"Oktyabr\u0131n 25-d\u0259 Az\u0259rbaycan Respublikas\u0131 D\u00f6vl\u0259t T\u0259hl\u00fck\u0259sizliyi Xidm\u0259tinin (DTX) Beyn\u0259lxalq Antiterror T\u0259lim M\u0259rk\u0259zind\u0259 Az\u0259rbaycan Respublikas\u0131n\u0131n T\u0259hl\u00fck\u0259sizlik \u015euras\u0131 katibinin xidm\u0259tinin t\u0259\u015fkilat\u00e7\u0131l\u0131\u011f\u0131 il\u0259 &#8220;Milli t\u0259hl\u00fck\u0259sizlik&#8221; m\u00f6vzusunda kursun a\u00e7\u0131l\u0131\u015f m\u0259rasimi ke\u00e7irilib. ARANTV.AZ-\u0131n DTX-nin sayt\u0131na istinad\u0259n m\u0259lumat\u0131na g\u00f6r\u0259, t\u0259dbird\u0259 Az\u0259rbaycan Respublikas\u0131n\u0131n T\u0259hl\u00fck\u0259sizlik \u015euras\u0131n\u0131n katibi general-polkovnik Ramil Usubov, Az\u0259rbaycan Respublikas\u0131 Prezidentinin k\u00f6m\u0259k\u00e7isi-Prezident Administrasiyas\u0131n\u0131n Xarici siyas\u0259t m\u0259s\u0259l\u0259l\u0259ri \u015f\u00f6b\u0259sinin m\u00fcdiri Hikm\u0259t Hac\u0131yev, DTX-nin&hellip;","_links":{"self":[{"href":"https:\/\/arantv.az\/index.php?rest_route=\/wp\/v2\/posts\/395545"}],"collection":[{"href":"https:\/\/arantv.az\/index.php?rest_route=\/wp\/v2\/posts"}],"about":[{"href":"https:\/\/arantv.az\/index.php?rest_route=\/wp\/v2\/types\/post"}],"author":[{"embeddable":true,"href":"https:\/\/arantv.az\/index.php?rest_route=\/wp\/v2\/users\/2"}],"replies":[{"embeddable":true,"href":"https:\/\/arantv.az\/index.php?rest_route=%2Fwp%2Fv2%2Fcomments&post=395545"}],"version-history":[{"count":0,"href":"https:\/\/arantv.az\/index.php?rest_route=\/wp\/v2\/posts\/395545\/revisions"}],"wp:featuredmedia":[{"embeddable":true,"href":"https:\/\/arantv.az\/index.php?rest_route=\/wp\/v2\/media\/395546"}],"wp:attachment":[{"href":"https:\/\/arantv.az\/index.php?rest_route=%2Fwp%2Fv2%2Fmedia&parent=395545"}],"wp:term":[{"taxonomy":"category","embeddable":true,"href":"https:\/\/arantv.az\/index.php?rest_route=%2Fwp%2Fv2%2Fcategories&post=395545"},{"taxonomy":"post_tag","embeddable":true,"href":"https:\/\/arantv.az\/index.php?rest_route=%2Fwp%2Fv2%2Ftags&post=395545"}],"curies":[{"name":"wp","href":"https:\/\/api.w.org\/{rel}","templated":true}]}}