{"id":395548,"date":"2021-10-26T09:58:59","date_gmt":"2021-10-26T06:58:59","guid":{"rendered":"http:\/\/arantv.az\/?p=395548"},"modified":"2021-10-26T09:58:59","modified_gmt":"2021-10-26T06:58:59","slug":"v%c9%99t%c9%99n-muharib%c9%99sind%c9%99-agir-yaralanan-daha-dord-qazimiz-turkiy%c9%99y%c9%99-gond%c9%99rildi-foto-2","status":"publish","type":"post","link":"https:\/\/arantv.az\/?p=395548","title":{"rendered":"V\u0259t\u0259n m\u00fcharib\u0259sind\u0259 a\u011f\u0131r yaralanan daha d\u00f6rd qazimiz T\u00fcrkiy\u0259y\u0259 g\u00f6nd\u0259rildi &#8211; FOTO"},"content":{"rendered":"<p>V\u0259t\u0259n m\u00fcharib\u0259si zaman\u0131 ag\u0306\u0131r yaralanan daha 4 qazimiz \u201cYAS\u0327AT\u201d Fondu t\u0259r\u0259find\u0259n Tu\u0308rkiy\u0259y\u0259 go\u0308nd\u0259rilib.<\/p>\n<p>Bu bar\u0259d\u0259 \u201cYA\u015eAT\u201d Fondu m\u0259lumat yay\u0131b.<\/p>\n<p>Bildirilib ki,\u00a0\u201cYAS\u0327AT\u201d Fondu t\u0259r\u0259find\u0259n Tu\u0308rkiy\u0259d\u0259n o\u0308lk\u0259miz\u0259 g\u0259tiril\u0259n, h\u0259mc\u0327inin yerli h\u0259kiml\u0259rin r\u0259yi n\u0259z\u0259r\u0259 al\u0131naraq qazil\u0259rimiz\u00a0Ta\u011f\u0131yev \u0130lkin H\u0259mid o\u011flu, \u0130smay\u0131lov Seymur Sabir o\u011flu,\u00a0\u015eir\u0259liyev Mehman \u0130brahim o\u011flu,\u00a0Orucov Samir Surxay o\u011flunun\u00a0mu\u0308vafiq mu\u0308ayin\u0259, mu\u0308alic\u0259 v\u0259 reabilitasiya prosesi Tu\u0308rkiy\u0259d\u0259 davam etdiril\u0259c\u0259k.<\/p>\n<div id=\"AdviadNativeVideo0\" class=\"AdviadNativeVideo\"><\/div>\n<p>\u201cYAS\u0327AT\u201d Fondu qazil\u0259rimizin mu\u0308alic\u0259sini tam yekunlas\u0327ana q\u0259d\u0259r n\u0259zar\u0259td\u0259 saxlayacaq. Fond t\u0259r\u0259find\u0259n h\u0259kim r\u0259yi \u0259sas\u0131nda ag\u0306\u0131r yaral\u0131 olan qazil\u0259rimizin mu\u0308alic\u0259 u\u0308c\u0327u\u0308n xaric\u0259 davaml\u0131 s\u0327\u0259kild\u0259 go\u0308nd\u0259rilm\u0259si t\u0259min edilir.<\/p>\n<p>Xat\u0131rladaq ki, Fond t\u0259r\u0259find\u0259n bu gu\u0308n\u0259 q\u0259d\u0259r 144 qazimiz mu\u0308alic\u0259 u\u0308c\u0327u\u0308n Tu\u0308rkiy\u0259y\u0259 go\u0308nd\u0259rilib.<\/p>\n<p>Onlardan 98-nin mu\u0308alic\u0259 proseduru art\u0131q ug\u0306urla yekunlas\u0327\u0131b v\u0259 V\u0259t\u0259n\u0259 qay\u0131d\u0131blar. Qazil\u0259rimizin qars\u0327\u0131dak\u0131 aylarda mu\u0308alic\u0259si u\u0308c\u0327u\u0308n n\u0259z\u0259rd\u0259 tutulan d\u0259rman vasit\u0259l\u0259ri d\u0259 fond t\u0259r\u0259find\u0259n t\u0259min edilib.<\/p>\n<p>\u201cYA\u015eAT\u201d Fonduna m\u00fcraci\u0259t etm\u0259k v\u0259 Fondun f\u0259aliyy\u0259ti il\u0259 tan\u0131\u015f olmaq \u00fc\u00e7\u00fcn yashat.gov.az portal\u0131 istifad\u0259dir.<\/p>\n<p>Fondun hesabatl\u0131l\u0131\u011f\u0131 il\u0259 tan\u0131\u015f olmaq \u00fc\u00e7\u00fcn ke\u00e7id:\u00a0<a href=\"https:\/\/yashat.gov.az\/report\/tableau\" target=\"_blank\" rel=\"noopener\">https:\/\/yashat.gov.az\/report\/tableau<\/a><br \/>\nH\u0259m\u00e7inin Fondun 8110 \u201c\u00c7a\u011fr\u0131\u201d M\u0259rk\u0259zi f\u0259aliyy\u0259t g\u00f6st\u0259rir.<\/p>\n<p>&nbsp;<\/p>\n<div class=\"gallery\">\n<div class=\"gallery-i\"><img src=\"https:\/\/cdn.oxu.az\/uploads\/W1siZiIsIjIwMjEvMTAvMjYvMTAvNDEvMzIvNDI2Yzk4NTctMzBmYy00ZGE0LWJmNTUtMmFlMGJlZWU1NjMwLzI0OTM0NTkyNF8yOTAzNTYzODk2MDcwNDJfODM1NTY2NDk3MzU5NTU2Njk1MF9uLmpwZyJdLFsicCIsImVuY29kZSIsImpwZyIsIi1xdWFsaXR5IDgwIl0sWyJwIiwidGh1bWIiLCI1OTB4NTkwXHUwMDNlIl1d?sha=d152fda758c5fbfc\" alt=\"\" \/><\/p>\n<div class=\"gallery-i-caption\"><\/div>\n<\/div>\n<div class=\"gallery-i\"><img src=\"https:\/\/cdn.oxu.az\/uploads\/W1siZiIsIjIwMjEvMTAvMjYvMTAvNDEvMzIvYWFhMDRkNDAtYzJhMS00ZmVmLTliNmEtZDEwZDg5YzI3YmVjLzI0OTQyOTEyNF8yOTAzNTYzODYyNzM3MDlfNTYyMjU1NTMxMDI2MTc1OTM5Ml9uLmpwZyJdLFsicCIsImVuY29kZSIsImpwZyIsIi1xdWFsaXR5IDgwIl0sWyJwIiwidGh1bWIiLCI1OTB4NTkwXHUwMDNlIl1d?sha=88d6c36a22cf026f\" alt=\"\" \/><\/p>\n<div class=\"gallery-i-caption\"><\/div>\n<\/div>\n<div class=\"gallery-i\"><img src=\"https:\/\/cdn.oxu.az\/uploads\/W1siZiIsIjIwMjEvMTAvMjYvMTAvNDEvMzIvYzE0NjJjYjUtZjYwOS00NzZiLTgxYjUtYWVhYzViMTgzYWQyLzI0OTE3MjkzMl8yOTAzNTYyOTYyNzM3MThfNzU3MDIzOTM0Mzk5ODMyNjI0Ml9uLmpwZyJdLFsicCIsImVuY29kZSIsImpwZyIsIi1xdWFsaXR5IDgwIl0sWyJwIiwidGh1bWIiLCI1OTB4NTkwXHUwMDNlIl1d?sha=4e1f137af00424a8\" alt=\"\" \/><\/div>\n<\/div>\n","protected":false},"excerpt":{"rendered":"<p>V\u0259t\u0259n m\u00fcharib\u0259si zaman\u0131 ag\u0306\u0131r yaralanan daha 4 qazimiz \u201cYAS\u0327AT\u201d Fondu t\u0259r\u0259find\u0259n Tu\u0308rkiy\u0259y\u0259 go\u0308nd\u0259rilib. Bu bar\u0259d\u0259 \u201cYA\u015eAT\u201d Fondu m\u0259lumat yay\u0131b. Bildirilib ki,\u00a0\u201cYAS\u0327AT\u201d Fondu t\u0259r\u0259find\u0259n Tu\u0308rkiy\u0259d\u0259n o\u0308lk\u0259miz\u0259 g\u0259tiril\u0259n, h\u0259mc\u0327inin yerli h\u0259kiml\u0259rin r\u0259yi n\u0259z\u0259r\u0259 al\u0131naraq qazil\u0259rimiz\u00a0Ta\u011f\u0131yev \u0130lkin H\u0259mid o\u011flu, \u0130smay\u0131lov Seymur Sabir o\u011flu,\u00a0\u015eir\u0259liyev Mehman \u0130brahim o\u011flu,\u00a0Orucov Samir Surxay o\u011flunun\u00a0mu\u0308vafiq mu\u0308ayin\u0259, mu\u0308alic\u0259 v\u0259 reabilitasiya prosesi Tu\u0308rkiy\u0259d\u0259 davam etdiril\u0259c\u0259k. \u201cYAS\u0327AT\u201d Fondu qazil\u0259rimizin mu\u0308alic\u0259sini tam yekunlas\u0327ana q\u0259d\u0259r n\u0259zar\u0259td\u0259 saxlayacaq. Fond t\u0259r\u0259find\u0259n h\u0259kim r\u0259yi \u0259sas\u0131nda ag\u0306\u0131r yaral\u0131 olan qazil\u0259rimizin mu\u0308alic\u0259 u\u0308c\u0327u\u0308n xaric\u0259 davaml\u0131 s\u0327\u0259kild\u0259 go\u0308nd\u0259rilm\u0259si t\u0259min edilir. Xat\u0131rladaq ki, Fond t\u0259r\u0259find\u0259n bu gu\u0308n\u0259 q\u0259d\u0259r 144 qazimiz mu\u0308alic\u0259&hellip;<\/p>\n","protected":false},"author":2,"featured_media":395549,"comment_status":"closed","ping_status":"closed","sticky":false,"template":"","format":"standard","meta":{"om_disable_all_campaigns":false,"_monsterinsights_skip_tracking":false,"_monsterinsights_sitenote_active":false,"_monsterinsights_sitenote_note":"","_monsterinsights_sitenote_category":0},"categories":[26],"tags":[],"aioseo_notices":[],"gutentor_comment":0,"rttpg_featured_image_url":{"full":["https:\/\/arantv.az\/wp-content\/uploads\/2021\/10\/27002233-7dd0-423a-8eac-70a7da300fc6.jpg",620,413,false],"landscape":["https:\/\/arantv.az\/wp-content\/uploads\/2021\/10\/27002233-7dd0-423a-8eac-70a7da300fc6.jpg",620,413,false],"portraits":["https:\/\/arantv.az\/wp-content\/uploads\/2021\/10\/27002233-7dd0-423a-8eac-70a7da300fc6.jpg",620,413,false],"thumbnail":["https:\/\/arantv.az\/wp-content\/uploads\/2021\/10\/27002233-7dd0-423a-8eac-70a7da300fc6-500x280.jpg",500,280,true],"medium":["https:\/\/arantv.az\/wp-content\/uploads\/2021\/10\/27002233-7dd0-423a-8eac-70a7da300fc6-548x365.jpg",548,365,true],"large":["https:\/\/arantv.az\/wp-content\/uploads\/2021\/10\/27002233-7dd0-423a-8eac-70a7da300fc6.jpg",620,413,false],"1536x1536":["https:\/\/arantv.az\/wp-content\/uploads\/2021\/10\/27002233-7dd0-423a-8eac-70a7da300fc6.jpg",620,413,false],"2048x2048":["https:\/\/arantv.az\/wp-content\/uploads\/2021\/10\/27002233-7dd0-423a-8eac-70a7da300fc6.jpg",620,413,false],"post-thumbnail":["https:\/\/arantv.az\/wp-content\/uploads\/2021\/10\/27002233-7dd0-423a-8eac-70a7da300fc6-240x172.jpg",240,172,true],"advps-thumb-one":["https:\/\/arantv.az\/wp-content\/uploads\/2021\/10\/27002233-7dd0-423a-8eac-70a7da300fc6.jpg",620,413,false]},"rttpg_author":{"display_name":"V\u00fcsal Rafiqo\u011flu","author_link":"https:\/\/arantv.az\/?author=2"},"rttpg_comment":0,"rttpg_category":"<a href=\"https:\/\/arantv.az\/?cat=26\" rel=\"category\">Sosial<\/a>","rttpg_excerpt":"V\u0259t\u0259n m\u00fcharib\u0259si zaman\u0131 ag\u0306\u0131r yaralanan daha 4 qazimiz \u201cYAS\u0327AT\u201d Fondu t\u0259r\u0259find\u0259n Tu\u0308rkiy\u0259y\u0259 go\u0308nd\u0259rilib. Bu bar\u0259d\u0259 \u201cYA\u015eAT\u201d Fondu m\u0259lumat yay\u0131b. Bildirilib ki,\u00a0\u201cYAS\u0327AT\u201d Fondu t\u0259r\u0259find\u0259n Tu\u0308rkiy\u0259d\u0259n o\u0308lk\u0259miz\u0259 g\u0259tiril\u0259n, h\u0259mc\u0327inin yerli h\u0259kiml\u0259rin r\u0259yi n\u0259z\u0259r\u0259 al\u0131naraq qazil\u0259rimiz\u00a0Ta\u011f\u0131yev \u0130lkin H\u0259mid o\u011flu, \u0130smay\u0131lov Seymur Sabir o\u011flu,\u00a0\u015eir\u0259liyev Mehman \u0130brahim o\u011flu,\u00a0Orucov Samir Surxay o\u011flunun\u00a0mu\u0308vafiq mu\u0308ayin\u0259, mu\u0308alic\u0259 v\u0259 reabilitasiya prosesi Tu\u0308rkiy\u0259d\u0259 davam etdiril\u0259c\u0259k. \u201cYAS\u0327AT\u201d&hellip;","_links":{"self":[{"href":"https:\/\/arantv.az\/index.php?rest_route=\/wp\/v2\/posts\/395548"}],"collection":[{"href":"https:\/\/arantv.az\/index.php?rest_route=\/wp\/v2\/posts"}],"about":[{"href":"https:\/\/arantv.az\/index.php?rest_route=\/wp\/v2\/types\/post"}],"author":[{"embeddable":true,"href":"https:\/\/arantv.az\/index.php?rest_route=\/wp\/v2\/users\/2"}],"replies":[{"embeddable":true,"href":"https:\/\/arantv.az\/index.php?rest_route=%2Fwp%2Fv2%2Fcomments&post=395548"}],"version-history":[{"count":0,"href":"https:\/\/arantv.az\/index.php?rest_route=\/wp\/v2\/posts\/395548\/revisions"}],"wp:featuredmedia":[{"embeddable":true,"href":"https:\/\/arantv.az\/index.php?rest_route=\/wp\/v2\/media\/395549"}],"wp:attachment":[{"href":"https:\/\/arantv.az\/index.php?rest_route=%2Fwp%2Fv2%2Fmedia&parent=395548"}],"wp:term":[{"taxonomy":"category","embeddable":true,"href":"https:\/\/arantv.az\/index.php?rest_route=%2Fwp%2Fv2%2Fcategories&post=395548"},{"taxonomy":"post_tag","embeddable":true,"href":"https:\/\/arantv.az\/index.php?rest_route=%2Fwp%2Fv2%2Ftags&post=395548"}],"curies":[{"name":"wp","href":"https:\/\/api.w.org\/{rel}","templated":true}]}}