{"id":395551,"date":"2021-10-26T10:00:11","date_gmt":"2021-10-26T07:00:11","guid":{"rendered":"http:\/\/arantv.az\/?p=395551"},"modified":"2021-10-26T10:00:11","modified_gmt":"2021-10-26T07:00:11","slug":"hikm%c9%99t-haciyev-erm%c9%99ni-fasizminin-m%c9%99hv-edilm%c9%99si-n%c9%99tic%c9%99sind%c9%99-regionda-yeni-t%c9%99hluk%c9%99sizlik-duz%c9%99ni-yaranib","status":"publish","type":"post","link":"https:\/\/arantv.az\/?p=395551","title":{"rendered":"Hikm\u0259t Hac\u0131yev: \u201cErm\u0259ni fa\u015fizminin m\u0259hv edilm\u0259si n\u0259tic\u0259sind\u0259 regionda yeni t\u0259hl\u00fck\u0259sizlik d\u00fcz\u0259ni yaran\u0131b\u201d"},"content":{"rendered":"<p>\u201cH\u0259r bir d\u00f6vl\u0259tin prioritet m\u0259s\u0259l\u0259si milli t\u0259hl\u00fck\u0259sizliyin etibarl\u0131 t\u0259min olunmas\u0131d\u0131r. Bu sah\u0259d\u0259 f\u0259aliyy\u0259tin h\u0259yata ke\u00e7irilm\u0259sind\u0259 \u00f6lk\u0259 ba\u015f\u00e7\u0131s\u0131 c\u0259nab \u0130lham \u018fliyevin r\u0259hb\u0259rliyi il\u0259 haz\u0131rlanan Milli T\u0259hl\u00fck\u0259sizlik Konsepsiyas\u0131n\u0131n \u00f6n\u0259mi b\u00f6y\u00fckd\u00fcr\u201d.<\/p>\n<div id=\"AdviadNativeVideo0\" class=\"AdviadNativeVideo\"><\/div>\n<p><strong>ARANTV.AZ<\/strong>-\u0131n m\u0259lumat\u0131na g\u00f6r\u0259, bunu Az\u0259rbaycan Prezidentinin k\u00f6m\u0259k\u00e7isi &#8211; Prezident Administrasiyas\u0131n\u0131n Xarici siyas\u0259t m\u0259s\u0259l\u0259l\u0259ri \u015f\u00f6b\u0259sinin m\u00fcdiri\u00a0Hikm\u0259t Hac\u0131yev\u00a0\u201cMilli t\u0259hl\u00fck\u0259sizlik\u201d m\u00f6vzusunda ke\u00e7iril\u0259n kursun a\u00e7\u0131l\u0131\u015f m\u0259rasimind\u0259 \u00e7\u0131x\u0131\u015f\u0131 zaman\u0131 deyib.<\/p>\n<p>Otuz il\u0259 yax\u0131n m\u00fcdd\u0259t \u0259rzind\u0259 Az\u0259rbaycan\u0131n t\u0259hl\u00fck\u0259sizliyi \u0259leyhin\u0259 y\u00f6n\u0259l\u0259n ba\u015fl\u0131ca amilin Erm\u0259nistan t\u0259r\u0259find\u0259n apar\u0131lan i\u015f\u011fal\u00e7\u0131l\u0131q siyas\u0259ti oldu\u011funu bildir\u0259n \u015f\u00f6b\u0259 m\u00fcdiri qeyd edib ki, m\u00fcz\u0259ff\u0259r Ali Ba\u015f Komandan\u0131n q\u0259tiyy\u0259tli s\u0259rk\u0259rd\u0259liyi alt\u0131nda Az\u0259rbaycan Ordusunun V\u0259t\u0259n sava\u015f\u0131nda q\u0259l\u0259b\u0259 \u00e7almaqla erm\u0259ni fa\u015fizmini m\u0259hv etm\u0259si n\u0259tic\u0259sind\u0259 regionda yeni t\u0259hl\u00fck\u0259sizlik d\u00fcz\u0259ni formala\u015f\u0131b.<\/p>\n","protected":false},"excerpt":{"rendered":"<p>\u201cH\u0259r bir d\u00f6vl\u0259tin prioritet m\u0259s\u0259l\u0259si milli t\u0259hl\u00fck\u0259sizliyin etibarl\u0131 t\u0259min olunmas\u0131d\u0131r. Bu sah\u0259d\u0259 f\u0259aliyy\u0259tin h\u0259yata ke\u00e7irilm\u0259sind\u0259 \u00f6lk\u0259 ba\u015f\u00e7\u0131s\u0131 c\u0259nab \u0130lham \u018fliyevin r\u0259hb\u0259rliyi il\u0259 haz\u0131rlanan Milli T\u0259hl\u00fck\u0259sizlik Konsepsiyas\u0131n\u0131n \u00f6n\u0259mi b\u00f6y\u00fckd\u00fcr\u201d. ARANTV.AZ-\u0131n m\u0259lumat\u0131na g\u00f6r\u0259, bunu Az\u0259rbaycan Prezidentinin k\u00f6m\u0259k\u00e7isi &#8211; Prezident Administrasiyas\u0131n\u0131n Xarici siyas\u0259t m\u0259s\u0259l\u0259l\u0259ri \u015f\u00f6b\u0259sinin m\u00fcdiri\u00a0Hikm\u0259t Hac\u0131yev\u00a0\u201cMilli t\u0259hl\u00fck\u0259sizlik\u201d m\u00f6vzusunda ke\u00e7iril\u0259n kursun a\u00e7\u0131l\u0131\u015f m\u0259rasimind\u0259 \u00e7\u0131x\u0131\u015f\u0131 zaman\u0131 deyib. Otuz il\u0259 yax\u0131n m\u00fcdd\u0259t \u0259rzind\u0259 Az\u0259rbaycan\u0131n t\u0259hl\u00fck\u0259sizliyi \u0259leyhin\u0259 y\u00f6n\u0259l\u0259n ba\u015fl\u0131ca amilin Erm\u0259nistan t\u0259r\u0259find\u0259n apar\u0131lan i\u015f\u011fal\u00e7\u0131l\u0131q siyas\u0259ti oldu\u011funu bildir\u0259n \u015f\u00f6b\u0259 m\u00fcdiri qeyd edib ki, m\u00fcz\u0259ff\u0259r Ali Ba\u015f Komandan\u0131n q\u0259tiyy\u0259tli s\u0259rk\u0259rd\u0259liyi alt\u0131nda Az\u0259rbaycan Ordusunun V\u0259t\u0259n sava\u015f\u0131nda q\u0259l\u0259b\u0259 \u00e7almaqla erm\u0259ni&hellip;<\/p>\n","protected":false},"author":2,"featured_media":395552,"comment_status":"closed","ping_status":"closed","sticky":false,"template":"","format":"standard","meta":{"om_disable_all_campaigns":false,"_monsterinsights_skip_tracking":false,"_monsterinsights_sitenote_active":false,"_monsterinsights_sitenote_note":"","_monsterinsights_sitenote_category":0},"categories":[4],"tags":[],"aioseo_notices":[],"gutentor_comment":0,"rttpg_featured_image_url":{"full":["https:\/\/arantv.az\/wp-content\/uploads\/2021\/10\/14da92f216350091083981689351099977.jpg",975,540,false],"landscape":["https:\/\/arantv.az\/wp-content\/uploads\/2021\/10\/14da92f216350091083981689351099977.jpg",975,540,false],"portraits":["https:\/\/arantv.az\/wp-content\/uploads\/2021\/10\/14da92f216350091083981689351099977.jpg",975,540,false],"thumbnail":["https:\/\/arantv.az\/wp-content\/uploads\/2021\/10\/14da92f216350091083981689351099977-500x280.jpg",500,280,true],"medium":["https:\/\/arantv.az\/wp-content\/uploads\/2021\/10\/14da92f216350091083981689351099977-660x365.jpg",660,365,true],"large":["https:\/\/arantv.az\/wp-content\/uploads\/2021\/10\/14da92f216350091083981689351099977-840x465.jpg",640,354,true],"1536x1536":["https:\/\/arantv.az\/wp-content\/uploads\/2021\/10\/14da92f216350091083981689351099977.jpg",975,540,false],"2048x2048":["https:\/\/arantv.az\/wp-content\/uploads\/2021\/10\/14da92f216350091083981689351099977.jpg",975,540,false],"post-thumbnail":["https:\/\/arantv.az\/wp-content\/uploads\/2021\/10\/14da92f216350091083981689351099977-240x172.jpg",240,172,true],"advps-thumb-one":["https:\/\/arantv.az\/wp-content\/uploads\/2021\/10\/14da92f216350091083981689351099977.jpg",975,540,false]},"rttpg_author":{"display_name":"V\u00fcsal Rafiqo\u011flu","author_link":"https:\/\/arantv.az\/?author=2"},"rttpg_comment":0,"rttpg_category":"<a href=\"https:\/\/arantv.az\/?cat=4\" rel=\"category\">Siyas\u0259t<\/a>","rttpg_excerpt":"\u201cH\u0259r bir d\u00f6vl\u0259tin prioritet m\u0259s\u0259l\u0259si milli t\u0259hl\u00fck\u0259sizliyin etibarl\u0131 t\u0259min olunmas\u0131d\u0131r. Bu sah\u0259d\u0259 f\u0259aliyy\u0259tin h\u0259yata ke\u00e7irilm\u0259sind\u0259 \u00f6lk\u0259 ba\u015f\u00e7\u0131s\u0131 c\u0259nab \u0130lham \u018fliyevin r\u0259hb\u0259rliyi il\u0259 haz\u0131rlanan Milli T\u0259hl\u00fck\u0259sizlik Konsepsiyas\u0131n\u0131n \u00f6n\u0259mi b\u00f6y\u00fckd\u00fcr\u201d. ARANTV.AZ-\u0131n m\u0259lumat\u0131na g\u00f6r\u0259, bunu Az\u0259rbaycan Prezidentinin k\u00f6m\u0259k\u00e7isi &#8211; Prezident Administrasiyas\u0131n\u0131n Xarici siyas\u0259t m\u0259s\u0259l\u0259l\u0259ri \u015f\u00f6b\u0259sinin m\u00fcdiri\u00a0Hikm\u0259t Hac\u0131yev\u00a0\u201cMilli t\u0259hl\u00fck\u0259sizlik\u201d m\u00f6vzusunda ke\u00e7iril\u0259n kursun a\u00e7\u0131l\u0131\u015f m\u0259rasimind\u0259 \u00e7\u0131x\u0131\u015f\u0131 zaman\u0131 deyib. Otuz il\u0259&hellip;","_links":{"self":[{"href":"https:\/\/arantv.az\/index.php?rest_route=\/wp\/v2\/posts\/395551"}],"collection":[{"href":"https:\/\/arantv.az\/index.php?rest_route=\/wp\/v2\/posts"}],"about":[{"href":"https:\/\/arantv.az\/index.php?rest_route=\/wp\/v2\/types\/post"}],"author":[{"embeddable":true,"href":"https:\/\/arantv.az\/index.php?rest_route=\/wp\/v2\/users\/2"}],"replies":[{"embeddable":true,"href":"https:\/\/arantv.az\/index.php?rest_route=%2Fwp%2Fv2%2Fcomments&post=395551"}],"version-history":[{"count":0,"href":"https:\/\/arantv.az\/index.php?rest_route=\/wp\/v2\/posts\/395551\/revisions"}],"wp:featuredmedia":[{"embeddable":true,"href":"https:\/\/arantv.az\/index.php?rest_route=\/wp\/v2\/media\/395552"}],"wp:attachment":[{"href":"https:\/\/arantv.az\/index.php?rest_route=%2Fwp%2Fv2%2Fmedia&parent=395551"}],"wp:term":[{"taxonomy":"category","embeddable":true,"href":"https:\/\/arantv.az\/index.php?rest_route=%2Fwp%2Fv2%2Fcategories&post=395551"},{"taxonomy":"post_tag","embeddable":true,"href":"https:\/\/arantv.az\/index.php?rest_route=%2Fwp%2Fv2%2Ftags&post=395551"}],"curies":[{"name":"wp","href":"https:\/\/api.w.org\/{rel}","templated":true}]}}