{"id":395753,"date":"2021-10-26T14:09:15","date_gmt":"2021-10-26T11:09:15","guid":{"rendered":"http:\/\/arantv.az\/?p=395753"},"modified":"2021-10-26T14:09:15","modified_gmt":"2021-10-26T11:09:15","slug":"%c9%99b%c9%99diyy%c9%99t%c9%99-qovusan-parlaq-ulduz-video","status":"publish","type":"post","link":"https:\/\/arantv.az\/?p=395753","title":{"rendered":"\u018fb\u0259diyy\u0259t\u0259 qovu\u015fan parlaq ulduz &#8211; V\u0130DEO"},"content":{"rendered":"<div class=\"article_text\">\n<blockquote><p><strong>\u015e\u0259hid leytenant F\u0259rid M\u0259mm\u0259dovun ild\u00f6n\u00fcm\u00fcnd\u0259 xatir\u0259 bula\u011f\u0131n\u0131n a\u00e7\u0131l\u0131\u015f\u0131 olub<\/strong><\/p><\/blockquote>\n<p>X\u0131rdalan \u015f\u0259h\u0259rind\u0259 V\u0259t\u0259n m\u00fcharib\u0259si \u015f\u0259hidi, leytenant F\u0259rid M\u0259mm\u0259dovun \u015f\u0259had\u0259t\u0259 qovu\u015fmas\u0131n\u0131n il d\u00f6n\u00fcm\u00fc il\u0259 \u0259laq\u0259dar ad\u0131na in\u015fa edilmi\u015f bula\u011f\u0131n\u0131n a\u00e7\u0131l\u0131\u015f\u0131 oldu.<\/p>\n<p>A\u00e7\u0131l\u0131\u015f m\u0259rasimind\u0259 X\u0131rdalan Rayon \u0130cra Hakimiyy\u0259tinin n\u00fcmay\u0259nd\u0259l\u0259ri, M\u00fcdafi\u0259 nazirliyinin r\u0259smil\u0259ri, \u015f\u0259hidin ail\u0259 \u00fczvl\u0259ri v\u0259 yax\u0131nlar\u0131, qazil\u0259r i\u015ftirak edirdi.<\/p>\n<p>T\u0259dbir M\u00fcdafi\u0259 Nazirliyinin h\u0259rbi orkestrinin m\u00fc\u015fai\u0259ti il\u0259 \u00f6lk\u0259mizin \u0259razi b\u00fct\u00f6vl\u00fcy\u00fc u\u011frunda canlar\u0131n\u0131 qurban vermi\u015f \u015f\u0259hidl\u0259rin xatir\u0259sinin bir d\u0259qiq\u0259lik s\u00fckutla yad edilm\u0259si il\u0259 ba\u015flad\u0131.<\/p>\n<p>A\u00e7\u0131l\u0131\u015f m\u0259rasimind\u0259 \u00e7\u0131x\u0131\u015f ed\u0259nl\u0259r \u015f\u0259hidin ke\u00e7diyi \u015f\u0259r\u0259f yolundan dan\u0131\u015fd\u0131lar. \u0130lahiyyat\u00e7\u0131 Hac\u0131 \u015eahin H\u0259s\u0259nli \u015f\u0259hidl\u0259rin qanlar\u0131 il\u0259 b\u00fct\u00fcn h\u0259yati suallara cavab ver\u0259r\u0259k Allaha ba\u011fl\u0131l\u0131qlar\u0131n\u0131 t\u0259sdiql\u0259diyini bildirdi.<\/p>\n<p>Qeyd ed\u0259k ki, \u015f\u0259hid leytenant F\u0259rid V\u0259lh\u0259d o\u011flu M\u0259mm\u0259dov 29 Aprel 1990-c\u0131 il aprelin 29 da Ab\u015feron rayonu X\u0131rdalan \u015f\u0259h\u0259rind\u0259 do\u011fulub. O, 2020-ci il sentyabr\u0131n 27-d\u0259 Az\u0259rbaycan Silahl\u0131 Q\u00fcvv\u0259l\u0259ri t\u0259r\u0259find\u0259n Erm\u0259nistan i\u015f\u011fal\u0131 alt\u0131nda olan \u0259razil\u0259rin azad edilm\u0259si u\u011frunda ba\u015flanan V\u0259t\u0259n m\u00fcharib\u0259si zaman\u0131 oktyabr ay\u0131n\u0131n 6-da c\u0259bh\u0259nin F\u00fczuli-C\u0259bray\u0131l istiqam\u0259tin\u0259 ezam olunub v\u0259 oktyabr ay\u0131n\u0131n 25-d\u0259 Xocav\u0259nd istiqam\u0259tind\u0259 ged\u0259n d\u00f6y\u00fc\u015fl\u0259rd\u0259 q\u0259hr\u0259mancas\u0131na \u015f\u0259hid olub.<\/p>\n<p>Onu da qeyd ed\u0259k ki, \u015f\u0259hidimiz F\u0259rid M\u0259mm\u0259dov ail\u0259li olub, ondan geriy\u0259 Fuad adl\u0131 bir o\u011flu yadigar qal\u0131b. 5 ya\u015fl\u0131 Fuad balam\u0131z olanlar\u0131 tam d\u0259rk etm\u0259s\u0259 d\u0259 zaman \u00f6td\u00fckc\u0259 atas\u0131 il\u0259 q\u00fcrur duyacaq \u00e7\u00fcnki, o bir q\u0259hr\u0259man o\u011fludur&#8230;<\/p>\n<div>\n<div class=\"AdviadNativeVideo\"><\/div>\n<\/div>\n<p>\u015e\u0259hid F\u0259rid M\u0259mm\u0259dov \u00f6l\u00fcm\u00fcnd\u0259n sonra, Prezident \u0130lham \u018fliyevin s\u0259r\u0259ncam\u0131 il\u0259 &#8220;V\u0259t\u0259n u\u011frunda&#8221;, &#8220;D\u00f6y\u00fc\u015fd\u0259 f\u0259rql\u0259nm\u0259y\u0259 g\u00f6r\u0259&#8221; v\u0259 &#8220;F\u00fczulinin azad olunmas\u0131na g\u00f6r\u0259&#8221; medallar\u0131 il\u0259 t\u0259ltif olunub.<\/p>\n<p>&nbsp;<\/p>\n<p><iframe loading=\"lazy\" src=\"https:\/\/daytube.az\/az\/embed\/117314\" width=\"670\" height=\"400\" frameborder=\"0\" allowfullscreen=\"allowfullscreen\" data-mce-fragment=\"1\"><\/iframe><\/div>\n<div class=\"social-banner\"><\/div>\n","protected":false},"excerpt":{"rendered":"<p>\u015e\u0259hid leytenant F\u0259rid M\u0259mm\u0259dovun ild\u00f6n\u00fcm\u00fcnd\u0259 xatir\u0259 bula\u011f\u0131n\u0131n a\u00e7\u0131l\u0131\u015f\u0131 olub X\u0131rdalan \u015f\u0259h\u0259rind\u0259 V\u0259t\u0259n m\u00fcharib\u0259si \u015f\u0259hidi, leytenant F\u0259rid M\u0259mm\u0259dovun \u015f\u0259had\u0259t\u0259 qovu\u015fmas\u0131n\u0131n il d\u00f6n\u00fcm\u00fc il\u0259 \u0259laq\u0259dar ad\u0131na in\u015fa edilmi\u015f bula\u011f\u0131n\u0131n a\u00e7\u0131l\u0131\u015f\u0131 oldu. A\u00e7\u0131l\u0131\u015f m\u0259rasimind\u0259 X\u0131rdalan Rayon \u0130cra Hakimiyy\u0259tinin n\u00fcmay\u0259nd\u0259l\u0259ri, M\u00fcdafi\u0259 nazirliyinin r\u0259smil\u0259ri, \u015f\u0259hidin ail\u0259 \u00fczvl\u0259ri v\u0259 yax\u0131nlar\u0131, qazil\u0259r i\u015ftirak edirdi. T\u0259dbir M\u00fcdafi\u0259 Nazirliyinin h\u0259rbi orkestrinin m\u00fc\u015fai\u0259ti il\u0259 \u00f6lk\u0259mizin \u0259razi b\u00fct\u00f6vl\u00fcy\u00fc u\u011frunda canlar\u0131n\u0131 qurban vermi\u015f \u015f\u0259hidl\u0259rin xatir\u0259sinin bir d\u0259qiq\u0259lik s\u00fckutla yad edilm\u0259si il\u0259 ba\u015flad\u0131. A\u00e7\u0131l\u0131\u015f m\u0259rasimind\u0259 \u00e7\u0131x\u0131\u015f ed\u0259nl\u0259r \u015f\u0259hidin ke\u00e7diyi \u015f\u0259r\u0259f yolundan dan\u0131\u015fd\u0131lar. \u0130lahiyyat\u00e7\u0131 Hac\u0131 \u015eahin H\u0259s\u0259nli \u015f\u0259hidl\u0259rin qanlar\u0131 il\u0259 b\u00fct\u00fcn h\u0259yati suallara cavab&hellip;<\/p>\n","protected":false},"author":2,"featured_media":395754,"comment_status":"closed","ping_status":"closed","sticky":false,"template":"","format":"standard","meta":{"om_disable_all_campaigns":false,"_monsterinsights_skip_tracking":false,"_monsterinsights_sitenote_active":false,"_monsterinsights_sitenote_note":"","_monsterinsights_sitenote_category":0},"categories":[26],"tags":[],"aioseo_notices":[],"gutentor_comment":0,"rttpg_featured_image_url":{"full":["https:\/\/arantv.az\/wp-content\/uploads\/2021\/10\/990663.jpg",800,600,false],"landscape":["https:\/\/arantv.az\/wp-content\/uploads\/2021\/10\/990663.jpg",800,600,false],"portraits":["https:\/\/arantv.az\/wp-content\/uploads\/2021\/10\/990663.jpg",800,600,false],"thumbnail":["https:\/\/arantv.az\/wp-content\/uploads\/2021\/10\/990663-500x280.jpg",500,280,true],"medium":["https:\/\/arantv.az\/wp-content\/uploads\/2021\/10\/990663-487x365.jpg",487,365,true],"large":["https:\/\/arantv.az\/wp-content\/uploads\/2021\/10\/990663.jpg",640,480,false],"1536x1536":["https:\/\/arantv.az\/wp-content\/uploads\/2021\/10\/990663.jpg",800,600,false],"2048x2048":["https:\/\/arantv.az\/wp-content\/uploads\/2021\/10\/990663.jpg",800,600,false],"post-thumbnail":["https:\/\/arantv.az\/wp-content\/uploads\/2021\/10\/990663-240x172.jpg",240,172,true],"advps-thumb-one":["https:\/\/arantv.az\/wp-content\/uploads\/2021\/10\/990663.jpg",800,600,false]},"rttpg_author":{"display_name":"V\u00fcsal Rafiqo\u011flu","author_link":"https:\/\/arantv.az\/?author=2"},"rttpg_comment":0,"rttpg_category":"<a href=\"https:\/\/arantv.az\/?cat=26\" rel=\"category\">Sosial<\/a>","rttpg_excerpt":"\u015e\u0259hid leytenant F\u0259rid M\u0259mm\u0259dovun ild\u00f6n\u00fcm\u00fcnd\u0259 xatir\u0259 bula\u011f\u0131n\u0131n a\u00e7\u0131l\u0131\u015f\u0131 olub X\u0131rdalan \u015f\u0259h\u0259rind\u0259 V\u0259t\u0259n m\u00fcharib\u0259si \u015f\u0259hidi, leytenant F\u0259rid M\u0259mm\u0259dovun \u015f\u0259had\u0259t\u0259 qovu\u015fmas\u0131n\u0131n il d\u00f6n\u00fcm\u00fc il\u0259 \u0259laq\u0259dar ad\u0131na in\u015fa edilmi\u015f bula\u011f\u0131n\u0131n a\u00e7\u0131l\u0131\u015f\u0131 oldu. A\u00e7\u0131l\u0131\u015f m\u0259rasimind\u0259 X\u0131rdalan Rayon \u0130cra Hakimiyy\u0259tinin n\u00fcmay\u0259nd\u0259l\u0259ri, M\u00fcdafi\u0259 nazirliyinin r\u0259smil\u0259ri, \u015f\u0259hidin ail\u0259 \u00fczvl\u0259ri v\u0259 yax\u0131nlar\u0131, qazil\u0259r i\u015ftirak edirdi. T\u0259dbir M\u00fcdafi\u0259 Nazirliyinin h\u0259rbi orkestrinin m\u00fc\u015fai\u0259ti il\u0259 \u00f6lk\u0259mizin&hellip;","_links":{"self":[{"href":"https:\/\/arantv.az\/index.php?rest_route=\/wp\/v2\/posts\/395753"}],"collection":[{"href":"https:\/\/arantv.az\/index.php?rest_route=\/wp\/v2\/posts"}],"about":[{"href":"https:\/\/arantv.az\/index.php?rest_route=\/wp\/v2\/types\/post"}],"author":[{"embeddable":true,"href":"https:\/\/arantv.az\/index.php?rest_route=\/wp\/v2\/users\/2"}],"replies":[{"embeddable":true,"href":"https:\/\/arantv.az\/index.php?rest_route=%2Fwp%2Fv2%2Fcomments&post=395753"}],"version-history":[{"count":0,"href":"https:\/\/arantv.az\/index.php?rest_route=\/wp\/v2\/posts\/395753\/revisions"}],"wp:featuredmedia":[{"embeddable":true,"href":"https:\/\/arantv.az\/index.php?rest_route=\/wp\/v2\/media\/395754"}],"wp:attachment":[{"href":"https:\/\/arantv.az\/index.php?rest_route=%2Fwp%2Fv2%2Fmedia&parent=395753"}],"wp:term":[{"taxonomy":"category","embeddable":true,"href":"https:\/\/arantv.az\/index.php?rest_route=%2Fwp%2Fv2%2Fcategories&post=395753"},{"taxonomy":"post_tag","embeddable":true,"href":"https:\/\/arantv.az\/index.php?rest_route=%2Fwp%2Fv2%2Ftags&post=395753"}],"curies":[{"name":"wp","href":"https:\/\/api.w.org\/{rel}","templated":true}]}}