{"id":395759,"date":"2021-10-26T14:11:38","date_gmt":"2021-10-26T11:11:38","guid":{"rendered":"http:\/\/arantv.az\/?p=395759"},"modified":"2021-10-26T14:11:38","modified_gmt":"2021-10-26T11:11:38","slug":"dunya-cempionu-qubadli-s%c9%99f%c9%99rind%c9%99n-danisdi-bir-d%c9%99-gordum-c%c9%99nab-prezident-deyir-ki-hani-niyam%c9%99ddin","status":"publish","type":"post","link":"https:\/\/arantv.az\/?p=395759","title":{"rendered":"D\u00fcnya \u00e7empionu Qubadl\u0131 s\u0259f\u0259rind\u0259n dan\u0131\u015fd\u0131: \u201cBir d\u0259 g\u00f6rd\u00fcm, c\u0259nab Prezident deyir ki, han\u0131 Niyam\u0259ddin?\u201d"},"content":{"rendered":"<p>D\u00fcn\u0259n i\u015f\u011faldan azad edilmi\u015f Qubadl\u0131 rayonunun tan\u0131nm\u0131\u015f \u015f\u0259xsl\u0259ri v\u0259 ziyal\u0131lar\u0131 il\u0259 \u00f6lk\u0259 ba\u015f\u00e7\u0131s\u0131 \u0130lham \u018fliyev v\u0259 Birinci vitse-prezident Mehriban \u018fliyeva aras\u0131nda g\u00f6r\u00fc\u015f ke\u00e7irilib. G\u00f6r\u00fc\u015fd\u0259 i\u015ftirak ed\u0259nl\u0259r aras\u0131nda taekvondo \u00fczr\u0259 d\u00fcnya v\u0259 ikiqat Avropa \u00e7empionu Niyam\u0259ddin Pa\u015fayev d\u0259 olub.<\/p>\n<p>Oxu.Az\u00a0haz\u0131rda Az\u0259rbaycan Taekvondo Federasiyas\u0131n\u0131n vitse-prezidenti i\u015fl\u0259y\u0259n Niyam\u0259ddin Pa\u015fayevd\u0259n m\u00fcsahib\u0259 al\u0131b.<\/p>\n<p><strong>\u2013 Prezidentl\u0259 dialoqdan bel\u0259 \u00f6yr\u0259ndik ki, 13 ya\u015f\u0131nad\u0259k Qubadl\u0131n\u0131n Mu\u011fanl\u0131 k\u0259ndind\u0259 ya\u015fam\u0131s\u0131n\u0131z. M\u00fcharib\u0259 d\u00f6vr\u00fcnd\u0259 Qubadl\u0131dan \u00e7\u0131xma\u011f\u0131n\u0131z\u0131 xat\u0131rlay\u0131rs\u0131n\u0131zm\u0131?<\/strong><\/p>\n<div id=\"AdviadNativeVideo0\" class=\"AdviadNativeVideo\"><\/div>\n<p>\u2013 B\u0259li. H\u0259min vaxt bizd\u0259n yuxar\u0131da \u2013 Qubadl\u0131n\u0131n Xanl\u0131q k\u0259ndind\u0259 q\u0131z\u011f\u0131n d\u00f6y\u00fc\u015fl\u0259r gedirdi. Atam h\u0259min vaxt Qubadl\u0131n\u0131n \u00f6z\u00fcn\u00fcm\u00fcdafi\u0259si \u00fc\u00e7\u00fcn d\u00f6y\u00fc\u015f\u00fcrd\u00fc. 1993-c\u00fc ilin avqust ay\u0131n\u0131n 15-i saat 17:00-d\u0259k biz h\u0259l\u0259 k\u0259ndimizd\u0259 idik. Atam\u0131n d\u00f6y\u00fc\u015fd\u0259n qay\u0131tmas\u0131ndan sonra Qubadl\u0131dan Sumqay\u0131ta k\u00f6\u00e7d\u00fck. Orada\u00a0da idman f\u0259aliyy\u0259tim\u0259 ba\u015flad\u0131m. Atam is\u0259 yenid\u0259n d\u00f6y\u00fc\u015f\u0259 qay\u0131td\u0131.<\/p>\n<p>7-ci sinif\u0259 q\u0259d\u0259r Qubadl\u0131n\u0131n Mahruzlu k\u0259ndind\u0259 S\u00fcleyman R\u0259himov ad\u0131na tam orta m\u0259kt\u0259bd\u0259 oxumu\u015fam. 7-ci sinifd\u0259n Sumqay\u0131tda 8 n\u00f6mr\u0259li tam orta m\u0259kt\u0259bd\u0259 t\u0259hsilimi davam etdirmi\u015f\u0259m.<\/p>\n<p><img src=\"https:\/\/cdn.oxu.az\/uploads\/W1siZiIsIjIwMjEvMTAvMjYvMTQvMzYvMjMvMDQwYzU4YWMtOGIxYi00NmJhLTg0NDgtNTEwOGU5NWFlYzhjLzI0OTAwNTc3OF80NTUzNTkxMjY0Njc3MTI3XzYzNTgwMDQ2Mzg2MzMzMDA0NF9uLmpwZyJdLFsicCIsImVuY29kZSIsImpwZyIsIi1xdWFsaXR5IDgwIl0sWyJwIiwidGh1bWIiLCI1OTB4NTkwXHUwMDNlIl1d?sha=084ead13e7fa82b5\" alt=\"\" \/><\/p>\n<p><strong>\u2013 S\u0259f\u0259r t\u0259\u0259ss\u00fcrat\u0131n\u0131z bar\u0259d\u0259 n\u0259 dey\u0259 bil\u0259rsiniz?<\/strong><\/p>\n<p>\u2013 13 ya\u015fad\u0259k b\u00fct\u00fcn ya\u015fad\u0131\u011f\u0131m yeri g\u00f6rm\u0259yi, yenid\u0259n h\u0259min hissl\u0259ri ya\u015fama\u011f\u0131 s\u00f6zl\u0259 ifad\u0259 etm\u0259k \u00e7ox \u00e7\u0259tindir. \u00c7\u00fcnki tamam f\u0259rqli hissl\u0259rdir. Qubadl\u0131n\u0131n se\u00e7il\u0259n 30 \u015f\u0259xsind\u0259n biri kimi c\u0259nab Prezidentl\u0259 g\u00f6r\u00fc\u015fm\u0259k m\u0259nim \u00fc\u00e7\u00fcn q\u00fcrurverici and\u0131r. Rayonumuzun i\u015f\u011faldan azad olunmas\u0131n\u0131n ild\u00f6n\u00fcm\u00fcnd\u0259 m\u0259nim d\u0259 ora d\u0259v\u0259t edilm\u0259yim xo\u015f oldu. M\u0259ni ora d\u0259v\u0259t ed\u0259nl\u0259r\u0259, \u00f6lk\u0259 ba\u015f\u00e7\u0131s\u0131na t\u0259\u015f\u0259kk\u00fcr edir\u0259m. \u00c7\u00fcnki orada ke\u00e7iril\u0259n b\u00fct\u00fcn quruculuq v\u0259 yarad\u0131c\u0131l\u0131q i\u015fl\u0259ri c\u0259nab Prezidentin n\u0259zar\u0259ti alt\u0131ndad\u0131r. Bu s\u0259f\u0259rd\u0259 i\u015ftirak etdiyim \u00fc\u00e7\u00fcn \u00f6z\u00fcm\u00fc xo\u015fb\u0259xt hiss edir\u0259m.<\/p>\n<p><strong>\u2013 K\u0259ndinizin \u0259razisin\u0259 ba\u015f \u00e7\u0259kdinizmi? \u00d6z evinizin yerini, qal\u0131qlar\u0131n\u0131 tapa bildinizmi?<\/strong><\/p>\n<p>\u2013 B\u0259li. \u018frazid\u0259n bilinir ki, bu bizim k\u0259ndimiz olub. K\u0259ndimizi xarabal\u0131q i\u00e7ind\u0259 g\u00f6r\u0259nd\u0259n sonra erm\u0259nil\u0259rin v\u0259h\u015filikl\u0259rin\u0259 \u0259yani \u015fahidlik etdim. S\u00f6z\u00fcn h\u0259qiqi m\u0259nas\u0131nda da\u015f\u0131 da\u015f \u00fcst\u0259 qalmam\u0131\u015fd\u0131.<\/p>\n<p><img src=\"https:\/\/cdn.oxu.az\/uploads\/W1siZiIsIjIwMjEvMTAvMjYvMTQvMzYvMDYvNGE0YjE3OTQtNDAxYi00MzQ3LWE2YTItMzM3MTk1MjEyNWQzL25peWFtLmpwZyJdLFsicCIsImVuY29kZSIsImpwZyIsIi1xdWFsaXR5IDgwIl0sWyJwIiwidGh1bWIiLCI1OTB4NTkwXHUwMDNlIl1d?sha=1e12ac68fe03b96c\" alt=\"\" \/><\/p>\n<p><strong>\u2013 K\u0259ndinizd\u0259 olanda hans\u0131 xatir\u0259l\u0259r canland\u0131?<\/strong><\/p>\n<p>\u2013 Bayaq dediyim kimi, 13 ya\u015f az ya\u015f deyil. O ill\u0259r \u0259rzind\u0259 Mu\u011fanl\u0131dak\u0131 \u00e7ox \u015fey g\u00f6z\u00fcm\u00fcn qaba\u011f\u0131na g\u0259ldi. Bizim evin yan\u0131nda g\u00f6z\u0259l m\u0259nz\u0259r\u0259 vard\u0131. H\u0259k\u0259ri \u00e7ay\u0131 g\u00f6r\u00fcn\u00fcrd\u00fc. Hava yax\u015f\u0131 olanda h\u0259mi\u015f\u0259 oradan h\u0259min m\u0259nz\u0259r\u0259y\u0259 bax\u0131rd\u0131q. Yaz-yay vaxtlar\u0131 k\u0259nd g\u00f6z\u0259l g\u00f6r\u00fcn\u00fcrd\u00fc. Evimizi g\u00f6r\u0259nd\u0259 u\u015faql\u0131q xatir\u0259l\u0259ri canland\u0131. Xanl\u0131q k\u0259ndind\u0259ki x\u0259st\u0259xana, rayonun m\u0259rk\u0259zind\u0259 univermaq yad\u0131mdad\u0131r. Onlar\u0131n qal\u0131qlar\u0131n\u0131 g\u00f6r\u0259nd\u0259 adam f\u0259rqli hissl\u0259r ya\u015fay\u0131r.<\/p>\n<p><img src=\"https:\/\/cdn.oxu.az\/uploads\/W1siZiIsIjIwMjEvMTAvMjYvMTQvMzYvMTEvYzdkYTQyMTEtZTQxNi00ZDRkLWI2NmYtODhkNzViNzg4YWZlL25peWFtMi5qcGciXSxbInAiLCJlbmNvZGUiLCJqcGciLCItcXVhbGl0eSA4MCJdLFsicCIsInRodW1iIiwiNTkweDU5MFx1MDAzZSJdXQ?sha=000410688e49cf50\" alt=\"\" \/><\/p>\n<p><strong>\u2013 Prezidentl\u0259 q\u0131sa da olsa \u015f\u0259xsi dialoqunuz\u00a0oldu&#8230;<\/strong><\/p>\n<p>\u2013 R\u0259smi t\u0259dbir oldu\u011fundan, h\u0259r hans\u0131\u00a0\u00e7\u0131x\u0131\u015f\u0131m olmad\u0131. \u00c7\u00fcnki orada m\u0259nd\u0259n ya\u015fca b\u00f6y\u00fck ziyal\u0131lar\u0131m\u0131z vard\u0131. Amma t\u0259dbirin r\u0259smi hiss\u0259si bitdikd\u0259n sonra c\u0259nab Prezidentin \u00f6z\u00fc dedi ki, g\u0259lin xatir\u0259 \u015f\u0259kli \u00e7\u0259kdir\u0259k. Mehriban xan\u0131mla \u015f\u0259kil \u00e7\u0259kdir\u0259nd\u0259 g\u00f6rd\u00fcm ki, c\u0259nab Prezident deyir ki, han\u0131 Niyam\u0259ddin?\u00a030 n\u0259f\u0259rin i\u00e7ind\u0259n ad\u0131mla \u00e7a\u011f\u0131r\u0131lma\u011f\u0131m m\u0259ni h\u0259l\u0259 d\u0259 xat\u0131rlad\u0131\u011f\u0131n\u0131 g\u00f6st\u0259rir. Bu amil onu g\u00f6st\u0259rir ki, c\u0259nab Prezident h\u0259r bir idman\u00e7\u0131n\u0131 \u015f\u0259xs\u0259n tan\u0131y\u0131r, g\u00f6st\u0259rdiyi n\u0259tic\u0259l\u0259ri diqq\u0259td\u0259 saxlay\u0131r. Ondan sonra m\u0259n d\u0259 c\u0259nab Prezident\u0259 yax\u0131nla\u015fd\u0131m. Orada g\u00fcl\u0259\u015f\u00e7imiz \u0130slam Abbasova dedi ki, s\u0259n d\u0259 Niyam\u0259ddin kimi d\u00fcnya \u00e7empionu olmal\u0131san. M\u0259n orada qeyd etdim ki,\u00a0g\u0259l\u0259c\u0259kd\u0259 m\u00f6t\u0259b\u0259r idman yar\u0131\u015flar\u0131n\u0131n Qubadl\u0131da t\u0259\u015fkil olunmas\u0131n\u0131 \u00e7ox ist\u0259rdim. C\u0259nab Prezident d\u0259 bildirdi ki, orada yax\u015f\u0131 idman qur\u011fular\u0131 tikil\u0259c\u0259k v\u0259 g\u0259l\u0259c\u0259kd\u0259 bizim kimi idman m\u00fct\u0259x\u0259ssisl\u0259rin\u0259 ehtiyac olacaq.<\/p>\n","protected":false},"excerpt":{"rendered":"<p>D\u00fcn\u0259n i\u015f\u011faldan azad edilmi\u015f Qubadl\u0131 rayonunun tan\u0131nm\u0131\u015f \u015f\u0259xsl\u0259ri v\u0259 ziyal\u0131lar\u0131 il\u0259 \u00f6lk\u0259 ba\u015f\u00e7\u0131s\u0131 \u0130lham \u018fliyev v\u0259 Birinci vitse-prezident Mehriban \u018fliyeva aras\u0131nda g\u00f6r\u00fc\u015f ke\u00e7irilib. G\u00f6r\u00fc\u015fd\u0259 i\u015ftirak ed\u0259nl\u0259r aras\u0131nda taekvondo \u00fczr\u0259 d\u00fcnya v\u0259 ikiqat Avropa \u00e7empionu Niyam\u0259ddin Pa\u015fayev d\u0259 olub. Oxu.Az\u00a0haz\u0131rda Az\u0259rbaycan Taekvondo Federasiyas\u0131n\u0131n vitse-prezidenti i\u015fl\u0259y\u0259n Niyam\u0259ddin Pa\u015fayevd\u0259n m\u00fcsahib\u0259 al\u0131b. \u2013 Prezidentl\u0259 dialoqdan bel\u0259 \u00f6yr\u0259ndik ki, 13 ya\u015f\u0131nad\u0259k Qubadl\u0131n\u0131n Mu\u011fanl\u0131 k\u0259ndind\u0259 ya\u015fam\u0131s\u0131n\u0131z. M\u00fcharib\u0259 d\u00f6vr\u00fcnd\u0259 Qubadl\u0131dan \u00e7\u0131xma\u011f\u0131n\u0131z\u0131 xat\u0131rlay\u0131rs\u0131n\u0131zm\u0131? \u2013 B\u0259li. H\u0259min vaxt bizd\u0259n yuxar\u0131da \u2013 Qubadl\u0131n\u0131n Xanl\u0131q k\u0259ndind\u0259 q\u0131z\u011f\u0131n d\u00f6y\u00fc\u015fl\u0259r gedirdi. Atam h\u0259min vaxt Qubadl\u0131n\u0131n \u00f6z\u00fcn\u00fcm\u00fcdafi\u0259si \u00fc\u00e7\u00fcn d\u00f6y\u00fc\u015f\u00fcrd\u00fc. 1993-c\u00fc ilin avqust ay\u0131n\u0131n 15-i&hellip;<\/p>\n","protected":false},"author":2,"featured_media":395760,"comment_status":"closed","ping_status":"closed","sticky":false,"template":"","format":"standard","meta":{"om_disable_all_campaigns":false,"_monsterinsights_skip_tracking":false,"_monsterinsights_sitenote_active":false,"_monsterinsights_sitenote_note":"","_monsterinsights_sitenote_category":0},"categories":[6],"tags":[],"aioseo_notices":[],"gutentor_comment":0,"rttpg_featured_image_url":{"full":["https:\/\/arantv.az\/wp-content\/uploads\/2021\/10\/niyam1.jpg",620,461,false],"landscape":["https:\/\/arantv.az\/wp-content\/uploads\/2021\/10\/niyam1.jpg",620,461,false],"portraits":["https:\/\/arantv.az\/wp-content\/uploads\/2021\/10\/niyam1.jpg",620,461,false],"thumbnail":["https:\/\/arantv.az\/wp-content\/uploads\/2021\/10\/niyam1-500x280.jpg",500,280,true],"medium":["https:\/\/arantv.az\/wp-content\/uploads\/2021\/10\/niyam1-491x365.jpg",491,365,true],"large":["https:\/\/arantv.az\/wp-content\/uploads\/2021\/10\/niyam1.jpg",620,461,false],"1536x1536":["https:\/\/arantv.az\/wp-content\/uploads\/2021\/10\/niyam1.jpg",620,461,false],"2048x2048":["https:\/\/arantv.az\/wp-content\/uploads\/2021\/10\/niyam1.jpg",620,461,false],"post-thumbnail":["https:\/\/arantv.az\/wp-content\/uploads\/2021\/10\/niyam1-240x172.jpg",240,172,true],"advps-thumb-one":["https:\/\/arantv.az\/wp-content\/uploads\/2021\/10\/niyam1.jpg",620,461,false]},"rttpg_author":{"display_name":"V\u00fcsal Rafiqo\u011flu","author_link":"https:\/\/arantv.az\/?author=2"},"rttpg_comment":0,"rttpg_category":"<a href=\"https:\/\/arantv.az\/?cat=6\" rel=\"category\">\u0130dman<\/a>","rttpg_excerpt":"D\u00fcn\u0259n i\u015f\u011faldan azad edilmi\u015f Qubadl\u0131 rayonunun tan\u0131nm\u0131\u015f \u015f\u0259xsl\u0259ri v\u0259 ziyal\u0131lar\u0131 il\u0259 \u00f6lk\u0259 ba\u015f\u00e7\u0131s\u0131 \u0130lham \u018fliyev v\u0259 Birinci vitse-prezident Mehriban \u018fliyeva aras\u0131nda g\u00f6r\u00fc\u015f ke\u00e7irilib. G\u00f6r\u00fc\u015fd\u0259 i\u015ftirak ed\u0259nl\u0259r aras\u0131nda taekvondo \u00fczr\u0259 d\u00fcnya v\u0259 ikiqat Avropa \u00e7empionu Niyam\u0259ddin Pa\u015fayev d\u0259 olub. Oxu.Az\u00a0haz\u0131rda Az\u0259rbaycan Taekvondo Federasiyas\u0131n\u0131n vitse-prezidenti i\u015fl\u0259y\u0259n Niyam\u0259ddin Pa\u015fayevd\u0259n m\u00fcsahib\u0259 al\u0131b. \u2013 Prezidentl\u0259 dialoqdan bel\u0259 \u00f6yr\u0259ndik ki, 13&hellip;","_links":{"self":[{"href":"https:\/\/arantv.az\/index.php?rest_route=\/wp\/v2\/posts\/395759"}],"collection":[{"href":"https:\/\/arantv.az\/index.php?rest_route=\/wp\/v2\/posts"}],"about":[{"href":"https:\/\/arantv.az\/index.php?rest_route=\/wp\/v2\/types\/post"}],"author":[{"embeddable":true,"href":"https:\/\/arantv.az\/index.php?rest_route=\/wp\/v2\/users\/2"}],"replies":[{"embeddable":true,"href":"https:\/\/arantv.az\/index.php?rest_route=%2Fwp%2Fv2%2Fcomments&post=395759"}],"version-history":[{"count":0,"href":"https:\/\/arantv.az\/index.php?rest_route=\/wp\/v2\/posts\/395759\/revisions"}],"wp:featuredmedia":[{"embeddable":true,"href":"https:\/\/arantv.az\/index.php?rest_route=\/wp\/v2\/media\/395760"}],"wp:attachment":[{"href":"https:\/\/arantv.az\/index.php?rest_route=%2Fwp%2Fv2%2Fmedia&parent=395759"}],"wp:term":[{"taxonomy":"category","embeddable":true,"href":"https:\/\/arantv.az\/index.php?rest_route=%2Fwp%2Fv2%2Fcategories&post=395759"},{"taxonomy":"post_tag","embeddable":true,"href":"https:\/\/arantv.az\/index.php?rest_route=%2Fwp%2Fv2%2Ftags&post=395759"}],"curies":[{"name":"wp","href":"https:\/\/api.w.org\/{rel}","templated":true}]}}