{"id":395963,"date":"2021-10-26T19:54:21","date_gmt":"2021-10-26T16:54:21","guid":{"rendered":"http:\/\/arantv.az\/?p=395963"},"modified":"2021-10-26T19:54:21","modified_gmt":"2021-10-26T16:54:21","slug":"h%c9%99m-az%c9%99rbaycan-h%c9%99m-d%c9%99-turkiy%c9%99-z%c9%99ng%c9%99zur-d%c9%99hlizinin-reallasmasi-ucun-addimlar-atir","status":"publish","type":"post","link":"https:\/\/arantv.az\/?p=395963","title":{"rendered":"H\u0259m Az\u0259rbaycan, h\u0259m d\u0259 T\u00fcrkiy\u0259 Z\u0259ng\u0259zur d\u0259hlizinin realla\u015fmas\u0131 \u00fc\u00e7\u00fcn add\u0131mlar at\u0131r"},"content":{"rendered":"<p>\u201cBu g\u00fcn Z\u0259ngilanda olark\u0259n, t\u0259bii ki, biz Z\u0259ng\u0259zur d\u0259hlizi haqq\u0131nda dan\u0131\u015fmasaq, d\u00fczg\u00fcn olmaz\u201d.<\/p>\n<p><strong>ARANTV.AZ\u00a0 x\u0259b\u0259r verir ki,<\/strong>\u00a0\u00a0bunu Az\u0259rbaycan Prezidenti \u0130lham \u018fliyev Z\u0259ngilan rayonunda T\u00fcrkiy\u0259 Prezidenti R\u0259c\u0259b Tayyib \u018frdo\u011fanla g\u00f6r\u00fc\u015fd\u0259n sonra m\u0259tbuata b\u0259yanat\u0131nda deyib.<\/p>\n<p>Az\u0259rbaycan Prezidenti bildirib ki, Z\u0259ngilan \u015e\u0259rqi Z\u0259ng\u0259zur b\u00f6lg\u0259sind\u0259 yerl\u0259\u015fir: \u201cBuradan ke\u00e7\u0259n Z\u0259ng\u0259zur d\u0259hlizi b\u00fct\u00fcn t\u00fcrk d\u00fcnyas\u0131n\u0131 birl\u0259\u015fdir\u0259c\u0259k. H\u0259m Az\u0259rbaycan, h\u0259m T\u00fcrkiy\u0259 Z\u0259ng\u0259zur d\u0259hlizinin realla\u015fmas\u0131 \u00fc\u00e7\u00fcn \u0259m\u0259li-praktiki add\u0131mlar at\u0131r. \u018fmin\u0259m ki, bu, add\u0131mlar yax\u0131n g\u0259l\u0259c\u0259kd\u0259 \u00f6z b\u0259hr\u0259sini ver\u0259c\u0259k. Bu g\u00fcn \u0259ziz qarda\u015f\u0131mla v\u0259 qonaqlarla birlikd\u0259 b\u00f6y\u00fck avtomobil yolunun t\u0259m\u0259lini qoyduq. Bu avtomobil yolu da Z\u0259ng\u0259zur d\u0259hlizinin bir par\u00e7as\u0131d\u0131r. Bu avtomobil yolunun v\u0259 d\u0259miryolunun \u00e7\u0259kili\u015fi n\u0259tic\u0259sind\u0259 biz ist\u0259yimiz\u0259 nail olaca\u011f\u0131q. Bu g\u00fcn f\u00fcrs\u0259td\u0259n istifad\u0259 ed\u0259r\u0259k bu g\u00fcn Az\u0259rbaycan\u0131n azad edilmi\u015f torpaqlar\u0131nda f\u0259aliyy\u0259t g\u00f6st\u0259r\u0259n bir \u00e7ox T\u00fcrkiy\u0259 \u015firk\u0259tin\u0259 t\u0259\u015f\u0259kk\u00fcr\u00fcm\u00fc \u00e7atd\u0131rmaq ist\u0259yir\u0259m. Onlar\u0131n yorulmaz s\u0259yl\u0259ri n\u0259tic\u0259sind\u0259 bu g\u00fcn bu b\u00f6lg\u0259d\u0259 yollar, d\u0259miryollar\u0131, tunell\u0259r \u00e7\u0259kilir, infrastruktur layih\u0259l\u0259ri h\u0259yata ke\u00e7irilir. Bu, bir daha bizim birliyimizin, qarda\u015fl\u0131\u011f\u0131m\u0131z\u0131n t\u0259c\u0259ss\u00fcm\u00fcd\u00fcr. Tam \u0259min\u0259m ki, bundan sonra da T\u00fcrkiy\u0259 v\u0259 Az\u0259rbaycan iki qarda\u015f \u00f6lk\u0259 kimi ir\u0259liy\u0259 ged\u0259c\u0259k, xalqlar\u0131m\u0131z daha da bir-birin\u0259 yax\u0131n olacaq, d\u00f6vl\u0259tl\u0259rimiz bundan sonra da u\u011furlu i\u015fbirliyi h\u0259yata ke\u00e7ir\u0259c\u0259k. Bel\u0259likl\u0259 d\u0259, T\u00fcrkiy\u0259 v\u0259 Az\u0259rbaycan\u0131n birg\u0259 g\u00fcc\u00fc daha da t\u0259sirli olacaq\u201d.<\/p>\n","protected":false},"excerpt":{"rendered":"<p>\u201cBu g\u00fcn Z\u0259ngilanda olark\u0259n, t\u0259bii ki, biz Z\u0259ng\u0259zur d\u0259hlizi haqq\u0131nda dan\u0131\u015fmasaq, d\u00fczg\u00fcn olmaz\u201d. ARANTV.AZ\u00a0 x\u0259b\u0259r verir ki,\u00a0\u00a0bunu Az\u0259rbaycan Prezidenti \u0130lham \u018fliyev Z\u0259ngilan rayonunda T\u00fcrkiy\u0259 Prezidenti R\u0259c\u0259b Tayyib \u018frdo\u011fanla g\u00f6r\u00fc\u015fd\u0259n sonra m\u0259tbuata b\u0259yanat\u0131nda deyib. Az\u0259rbaycan Prezidenti bildirib ki, Z\u0259ngilan \u015e\u0259rqi Z\u0259ng\u0259zur b\u00f6lg\u0259sind\u0259 yerl\u0259\u015fir: \u201cBuradan ke\u00e7\u0259n Z\u0259ng\u0259zur d\u0259hlizi b\u00fct\u00fcn t\u00fcrk d\u00fcnyas\u0131n\u0131 birl\u0259\u015fdir\u0259c\u0259k. H\u0259m Az\u0259rbaycan, h\u0259m T\u00fcrkiy\u0259 Z\u0259ng\u0259zur d\u0259hlizinin realla\u015fmas\u0131 \u00fc\u00e7\u00fcn \u0259m\u0259li-praktiki add\u0131mlar at\u0131r. \u018fmin\u0259m ki, bu, add\u0131mlar yax\u0131n g\u0259l\u0259c\u0259kd\u0259 \u00f6z b\u0259hr\u0259sini ver\u0259c\u0259k. Bu g\u00fcn \u0259ziz qarda\u015f\u0131mla v\u0259 qonaqlarla birlikd\u0259 b\u00f6y\u00fck avtomobil yolunun t\u0259m\u0259lini qoyduq. Bu avtomobil yolu da Z\u0259ng\u0259zur d\u0259hlizinin bir par\u00e7as\u0131d\u0131r.&hellip;<\/p>\n","protected":false},"author":2,"featured_media":395964,"comment_status":"closed","ping_status":"closed","sticky":false,"template":"","format":"standard","meta":{"om_disable_all_campaigns":false,"_monsterinsights_skip_tracking":false,"_monsterinsights_sitenote_active":false,"_monsterinsights_sitenote_note":"","_monsterinsights_sitenote_category":0},"categories":[4],"tags":[],"aioseo_notices":[],"gutentor_comment":0,"rttpg_featured_image_url":{"full":["https:\/\/arantv.az\/wp-content\/uploads\/2021\/10\/b181eaa4163526460646698631910358550.jpg",975,540,false],"landscape":["https:\/\/arantv.az\/wp-content\/uploads\/2021\/10\/b181eaa4163526460646698631910358550.jpg",975,540,false],"portraits":["https:\/\/arantv.az\/wp-content\/uploads\/2021\/10\/b181eaa4163526460646698631910358550.jpg",975,540,false],"thumbnail":["https:\/\/arantv.az\/wp-content\/uploads\/2021\/10\/b181eaa4163526460646698631910358550-500x280.jpg",500,280,true],"medium":["https:\/\/arantv.az\/wp-content\/uploads\/2021\/10\/b181eaa4163526460646698631910358550-660x365.jpg",660,365,true],"large":["https:\/\/arantv.az\/wp-content\/uploads\/2021\/10\/b181eaa4163526460646698631910358550-840x465.jpg",640,354,true],"1536x1536":["https:\/\/arantv.az\/wp-content\/uploads\/2021\/10\/b181eaa4163526460646698631910358550.jpg",975,540,false],"2048x2048":["https:\/\/arantv.az\/wp-content\/uploads\/2021\/10\/b181eaa4163526460646698631910358550.jpg",975,540,false],"post-thumbnail":["https:\/\/arantv.az\/wp-content\/uploads\/2021\/10\/b181eaa4163526460646698631910358550-240x172.jpg",240,172,true],"advps-thumb-one":["https:\/\/arantv.az\/wp-content\/uploads\/2021\/10\/b181eaa4163526460646698631910358550.jpg",975,540,false]},"rttpg_author":{"display_name":"V\u00fcsal Rafiqo\u011flu","author_link":"https:\/\/arantv.az\/?author=2"},"rttpg_comment":0,"rttpg_category":"<a href=\"https:\/\/arantv.az\/?cat=4\" rel=\"category\">Siyas\u0259t<\/a>","rttpg_excerpt":"\u201cBu g\u00fcn Z\u0259ngilanda olark\u0259n, t\u0259bii ki, biz Z\u0259ng\u0259zur d\u0259hlizi haqq\u0131nda dan\u0131\u015fmasaq, d\u00fczg\u00fcn olmaz\u201d. ARANTV.AZ\u00a0 x\u0259b\u0259r verir ki,\u00a0\u00a0bunu Az\u0259rbaycan Prezidenti \u0130lham \u018fliyev Z\u0259ngilan rayonunda T\u00fcrkiy\u0259 Prezidenti R\u0259c\u0259b Tayyib \u018frdo\u011fanla g\u00f6r\u00fc\u015fd\u0259n sonra m\u0259tbuata b\u0259yanat\u0131nda deyib. Az\u0259rbaycan Prezidenti bildirib ki, Z\u0259ngilan \u015e\u0259rqi Z\u0259ng\u0259zur b\u00f6lg\u0259sind\u0259 yerl\u0259\u015fir: \u201cBuradan ke\u00e7\u0259n Z\u0259ng\u0259zur d\u0259hlizi b\u00fct\u00fcn t\u00fcrk d\u00fcnyas\u0131n\u0131 birl\u0259\u015fdir\u0259c\u0259k. H\u0259m Az\u0259rbaycan, h\u0259m T\u00fcrkiy\u0259 Z\u0259ng\u0259zur&hellip;","_links":{"self":[{"href":"https:\/\/arantv.az\/index.php?rest_route=\/wp\/v2\/posts\/395963"}],"collection":[{"href":"https:\/\/arantv.az\/index.php?rest_route=\/wp\/v2\/posts"}],"about":[{"href":"https:\/\/arantv.az\/index.php?rest_route=\/wp\/v2\/types\/post"}],"author":[{"embeddable":true,"href":"https:\/\/arantv.az\/index.php?rest_route=\/wp\/v2\/users\/2"}],"replies":[{"embeddable":true,"href":"https:\/\/arantv.az\/index.php?rest_route=%2Fwp%2Fv2%2Fcomments&post=395963"}],"version-history":[{"count":0,"href":"https:\/\/arantv.az\/index.php?rest_route=\/wp\/v2\/posts\/395963\/revisions"}],"wp:featuredmedia":[{"embeddable":true,"href":"https:\/\/arantv.az\/index.php?rest_route=\/wp\/v2\/media\/395964"}],"wp:attachment":[{"href":"https:\/\/arantv.az\/index.php?rest_route=%2Fwp%2Fv2%2Fmedia&parent=395963"}],"wp:term":[{"taxonomy":"category","embeddable":true,"href":"https:\/\/arantv.az\/index.php?rest_route=%2Fwp%2Fv2%2Fcategories&post=395963"},{"taxonomy":"post_tag","embeddable":true,"href":"https:\/\/arantv.az\/index.php?rest_route=%2Fwp%2Fv2%2Ftags&post=395963"}],"curies":[{"name":"wp","href":"https:\/\/api.w.org\/{rel}","templated":true}]}}