{"id":395967,"date":"2021-10-27T06:08:40","date_gmt":"2021-10-27T03:08:40","guid":{"rendered":"http:\/\/arantv.az\/?p=395967"},"modified":"2021-10-27T06:08:40","modified_gmt":"2021-10-27T03:08:40","slug":"%c9%99rdogandan-az%c9%99rbaycanla-bagli-paylasim-video","status":"publish","type":"post","link":"https:\/\/arantv.az\/?p=395967","title":{"rendered":"\u018frdo\u011fandan Az\u0259rbaycanla ba\u011fl\u0131 payla\u015f\u0131m \u2013 V\u0130DEO"},"content":{"rendered":"<p>T\u00fcrkiy\u0259 Prezidenti R\u0259c\u0259b Tayyib \u018frdo\u011fan Z\u0259ngilan\u0131n A\u011fal\u0131 k\u0259ndind\u0259 Az\u0259rbaycan Prezidenti \u0130lham \u018fliyevl\u0259 birg\u0259 m\u0259tbuat konfrans\u0131ndak\u0131 b\u0259yanat\u0131nda s\u0259sl\u0259ndirdiyi fikri \u00f6z\u00fcn\u00fcn \u201cTwitter\u201d s\u0259hif\u0259sind\u0259 payla\u015f\u0131b.<\/p>\n<div id=\"AdviadNativeVideo0\" class=\"AdviadNativeVideo\"><\/div>\n<p>\u201cAz\u0259rbaycan b\u00fct\u00fcn d\u00fcnyaya \u00f6rn\u0259k olacaq inki\u015faf modeli il\u0259 i\u015f\u011faldan azad edil\u0259n b\u00f6lg\u0259l\u0259rin t\u0259r\u0259qqisi \u00fc\u00e7\u00fcn f\u0259aliyy\u0259tini davam etdirir. T\u00fcrkiy\u0259 olaraq, biz d\u0259\u00a0\u00fcz\u0259rimiz\u0259 d\u00fc\u015f\u0259ni etm\u0259kd\u0259, qarda\u015f Az\u0259rbaycana b\u00fct\u00fcn imkanlar\u0131m\u0131zla d\u0259st\u0259k olmaqda davam ed\u0259c\u0259yik\u201d, &#8211; T\u00fcrkiy\u0259 d\u00f6vl\u0259t ba\u015f\u00e7\u0131s\u0131 qeyd edib.<\/p>\n<div>\n<div class=\"twitter-tweet twitter-tweet-rendered\"><iframe id=\"twitter-widget-0\" class=\"\" title=\"Twitter Tweet\" src=\"https:\/\/platform.twitter.com\/embed\/Tweet.html?creatorScreenName=oxuaz&amp;dnt=false&amp;embedId=twitter-widget-0&amp;features=eyJ0ZndfZXhwZXJpbWVudHNfY29va2llX2V4cGlyYXRpb24iOnsiYnVja2V0IjoxMjA5NjAwLCJ2ZXJzaW9uIjpudWxsfSwidGZ3X2hvcml6b25fdHdlZXRfZW1iZWRfOTU1NSI6eyJidWNrZXQiOiJodGUiLCJ2ZXJzaW9uIjpudWxsfSwidGZ3X3NwYWNlX2NhcmQiOnsiYnVja2V0Ijoib2ZmIiwidmVyc2lvbiI6bnVsbH19&amp;frame=false&amp;hideCard=false&amp;hideThread=false&amp;id=1453073261173121030&amp;lang=en&amp;origin=https%3A%2F%2Foxu.az%2Fpolitics%2F540921&amp;sessionId=68f1a1f0217817f58c8388d4b2f50ad62518fcab&amp;siteScreenName=oxuaz&amp;theme=light&amp;widgetsVersion=f001879%3A1634581029404&amp;width=550px\" frameborder=\"0\" scrolling=\"no\" allowfullscreen=\"allowfullscreen\" data-tweet-id=\"1453073261173121030\" data-mce-fragment=\"1\"><\/iframe><\/div>\n<\/div>\n<p>&nbsp;<\/p>\n","protected":false},"excerpt":{"rendered":"<p>T\u00fcrkiy\u0259 Prezidenti R\u0259c\u0259b Tayyib \u018frdo\u011fan Z\u0259ngilan\u0131n A\u011fal\u0131 k\u0259ndind\u0259 Az\u0259rbaycan Prezidenti \u0130lham \u018fliyevl\u0259 birg\u0259 m\u0259tbuat konfrans\u0131ndak\u0131 b\u0259yanat\u0131nda s\u0259sl\u0259ndirdiyi fikri \u00f6z\u00fcn\u00fcn \u201cTwitter\u201d s\u0259hif\u0259sind\u0259 payla\u015f\u0131b. \u201cAz\u0259rbaycan b\u00fct\u00fcn d\u00fcnyaya \u00f6rn\u0259k olacaq inki\u015faf modeli il\u0259 i\u015f\u011faldan azad edil\u0259n b\u00f6lg\u0259l\u0259rin t\u0259r\u0259qqisi \u00fc\u00e7\u00fcn f\u0259aliyy\u0259tini davam etdirir. T\u00fcrkiy\u0259 olaraq, biz d\u0259\u00a0\u00fcz\u0259rimiz\u0259 d\u00fc\u015f\u0259ni etm\u0259kd\u0259, qarda\u015f Az\u0259rbaycana b\u00fct\u00fcn imkanlar\u0131m\u0131zla d\u0259st\u0259k olmaqda davam ed\u0259c\u0259yik\u201d, &#8211; T\u00fcrkiy\u0259 d\u00f6vl\u0259t ba\u015f\u00e7\u0131s\u0131 qeyd edib. &nbsp;<\/p>\n","protected":false},"author":2,"featured_media":395968,"comment_status":"closed","ping_status":"closed","sticky":false,"template":"","format":"standard","meta":{"om_disable_all_campaigns":false,"_monsterinsights_skip_tracking":false,"_monsterinsights_sitenote_active":false,"_monsterinsights_sitenote_note":"","_monsterinsights_sitenote_category":0},"categories":[4],"tags":[],"aioseo_notices":[],"gutentor_comment":0,"rttpg_featured_image_url":{"full":["https:\/\/arantv.az\/wp-content\/uploads\/2021\/10\/on-erdogan-turk-ordusunun-qarsisinda-dura-bilecek-terror-qruplasmasi-yoxdur-27537.jpg",620,413,false],"landscape":["https:\/\/arantv.az\/wp-content\/uploads\/2021\/10\/on-erdogan-turk-ordusunun-qarsisinda-dura-bilecek-terror-qruplasmasi-yoxdur-27537.jpg",620,413,false],"portraits":["https:\/\/arantv.az\/wp-content\/uploads\/2021\/10\/on-erdogan-turk-ordusunun-qarsisinda-dura-bilecek-terror-qruplasmasi-yoxdur-27537.jpg",620,413,false],"thumbnail":["https:\/\/arantv.az\/wp-content\/uploads\/2021\/10\/on-erdogan-turk-ordusunun-qarsisinda-dura-bilecek-terror-qruplasmasi-yoxdur-27537-500x280.jpg",500,280,true],"medium":["https:\/\/arantv.az\/wp-content\/uploads\/2021\/10\/on-erdogan-turk-ordusunun-qarsisinda-dura-bilecek-terror-qruplasmasi-yoxdur-27537-548x365.jpg",548,365,true],"large":["https:\/\/arantv.az\/wp-content\/uploads\/2021\/10\/on-erdogan-turk-ordusunun-qarsisinda-dura-bilecek-terror-qruplasmasi-yoxdur-27537.jpg",620,413,false],"1536x1536":["https:\/\/arantv.az\/wp-content\/uploads\/2021\/10\/on-erdogan-turk-ordusunun-qarsisinda-dura-bilecek-terror-qruplasmasi-yoxdur-27537.jpg",620,413,false],"2048x2048":["https:\/\/arantv.az\/wp-content\/uploads\/2021\/10\/on-erdogan-turk-ordusunun-qarsisinda-dura-bilecek-terror-qruplasmasi-yoxdur-27537.jpg",620,413,false],"post-thumbnail":["https:\/\/arantv.az\/wp-content\/uploads\/2021\/10\/on-erdogan-turk-ordusunun-qarsisinda-dura-bilecek-terror-qruplasmasi-yoxdur-27537-240x172.jpg",240,172,true],"advps-thumb-one":["https:\/\/arantv.az\/wp-content\/uploads\/2021\/10\/on-erdogan-turk-ordusunun-qarsisinda-dura-bilecek-terror-qruplasmasi-yoxdur-27537.jpg",620,413,false]},"rttpg_author":{"display_name":"V\u00fcsal Rafiqo\u011flu","author_link":"https:\/\/arantv.az\/?author=2"},"rttpg_comment":0,"rttpg_category":"<a href=\"https:\/\/arantv.az\/?cat=4\" rel=\"category\">Siyas\u0259t<\/a>","rttpg_excerpt":"T\u00fcrkiy\u0259 Prezidenti R\u0259c\u0259b Tayyib \u018frdo\u011fan Z\u0259ngilan\u0131n A\u011fal\u0131 k\u0259ndind\u0259 Az\u0259rbaycan Prezidenti \u0130lham \u018fliyevl\u0259 birg\u0259 m\u0259tbuat konfrans\u0131ndak\u0131 b\u0259yanat\u0131nda s\u0259sl\u0259ndirdiyi fikri \u00f6z\u00fcn\u00fcn \u201cTwitter\u201d s\u0259hif\u0259sind\u0259 payla\u015f\u0131b. \u201cAz\u0259rbaycan b\u00fct\u00fcn d\u00fcnyaya \u00f6rn\u0259k olacaq inki\u015faf modeli il\u0259 i\u015f\u011faldan azad edil\u0259n b\u00f6lg\u0259l\u0259rin t\u0259r\u0259qqisi \u00fc\u00e7\u00fcn f\u0259aliyy\u0259tini davam etdirir. T\u00fcrkiy\u0259 olaraq, biz d\u0259\u00a0\u00fcz\u0259rimiz\u0259 d\u00fc\u015f\u0259ni etm\u0259kd\u0259, qarda\u015f Az\u0259rbaycana b\u00fct\u00fcn imkanlar\u0131m\u0131zla d\u0259st\u0259k olmaqda davam ed\u0259c\u0259yik\u201d, &#8211; T\u00fcrkiy\u0259&hellip;","_links":{"self":[{"href":"https:\/\/arantv.az\/index.php?rest_route=\/wp\/v2\/posts\/395967"}],"collection":[{"href":"https:\/\/arantv.az\/index.php?rest_route=\/wp\/v2\/posts"}],"about":[{"href":"https:\/\/arantv.az\/index.php?rest_route=\/wp\/v2\/types\/post"}],"author":[{"embeddable":true,"href":"https:\/\/arantv.az\/index.php?rest_route=\/wp\/v2\/users\/2"}],"replies":[{"embeddable":true,"href":"https:\/\/arantv.az\/index.php?rest_route=%2Fwp%2Fv2%2Fcomments&post=395967"}],"version-history":[{"count":0,"href":"https:\/\/arantv.az\/index.php?rest_route=\/wp\/v2\/posts\/395967\/revisions"}],"wp:featuredmedia":[{"embeddable":true,"href":"https:\/\/arantv.az\/index.php?rest_route=\/wp\/v2\/media\/395968"}],"wp:attachment":[{"href":"https:\/\/arantv.az\/index.php?rest_route=%2Fwp%2Fv2%2Fmedia&parent=395967"}],"wp:term":[{"taxonomy":"category","embeddable":true,"href":"https:\/\/arantv.az\/index.php?rest_route=%2Fwp%2Fv2%2Fcategories&post=395967"},{"taxonomy":"post_tag","embeddable":true,"href":"https:\/\/arantv.az\/index.php?rest_route=%2Fwp%2Fv2%2Ftags&post=395967"}],"curies":[{"name":"wp","href":"https:\/\/api.w.org\/{rel}","templated":true}]}}