{"id":395970,"date":"2021-10-27T06:09:19","date_gmt":"2021-10-27T03:09:19","guid":{"rendered":"http:\/\/arantv.az\/?p=395970"},"modified":"2021-10-27T06:09:19","modified_gmt":"2021-10-27T03:09:19","slug":"az%c9%99rbaycanda-kisi-arvadinin-belind%c9%99-stul-sindirdi-qadin-evd%c9%99n-qacdi","status":"publish","type":"post","link":"https:\/\/arantv.az\/?p=395970","title":{"rendered":"Az\u0259rbaycanda ki\u015fi arvad\u0131n\u0131n belind\u0259 stul s\u0131nd\u0131rd\u0131, qad\u0131n evd\u0259n qa\u00e7d\u0131"},"content":{"rendered":"<p>\u201cYolda\u015f\u0131 t\u0259r\u0259find\u0259n \u015fidd\u0259t g\u00f6rm\u00fc\u015f xan\u0131m bildirir ki, \u0259ri onu stulla d\u00f6y\u0259r\u0259k belind\u0259 stulu s\u0131nd\u0131r\u0131b\u201d<\/p>\n<p>Bu s\u00f6zl\u0259ri \u201cT\u0259miz D\u00fcnya\u201d Qad\u0131nlara Yard\u0131m \u0130ctimai Birliyinin s\u0259dri Mehriban Zeynalova \u00f6z \u201cFacebook\u201d profilind\u0259 yaz\u0131b.<\/p>\n<div id=\"AdviadNativeVideo0\" class=\"AdviadNativeVideo\"><\/div>\n<p>O bildirib ki, qad\u0131n polis t\u0259r\u0259find\u0259n ekspertizaya g\u00f6nd\u0259rilib.<\/p>\n<p>\u0130ki k\u00f6rp\u0259sin\u0259 g\u00f6r\u0259 h\u0259r zaman d\u00f6zd\u00fcy\u00fcn\u00fc bildir\u0259n qad\u0131n art\u0131q yolda\u015f\u0131n\u0131n onu \u00f6ld\u00fcr\u0259c\u0259yind\u0259n qorxaraq evd\u0259n \u00e7\u0131x\u0131b.<\/p>\n","protected":false},"excerpt":{"rendered":"<p>\u201cYolda\u015f\u0131 t\u0259r\u0259find\u0259n \u015fidd\u0259t g\u00f6rm\u00fc\u015f xan\u0131m bildirir ki, \u0259ri onu stulla d\u00f6y\u0259r\u0259k belind\u0259 stulu s\u0131nd\u0131r\u0131b\u201d Bu s\u00f6zl\u0259ri \u201cT\u0259miz D\u00fcnya\u201d Qad\u0131nlara Yard\u0131m \u0130ctimai Birliyinin s\u0259dri Mehriban Zeynalova \u00f6z \u201cFacebook\u201d profilind\u0259 yaz\u0131b. O bildirib ki, qad\u0131n polis t\u0259r\u0259find\u0259n ekspertizaya g\u00f6nd\u0259rilib. \u0130ki k\u00f6rp\u0259sin\u0259 g\u00f6r\u0259 h\u0259r zaman d\u00f6zd\u00fcy\u00fcn\u00fc bildir\u0259n qad\u0131n art\u0131q yolda\u015f\u0131n\u0131n onu \u00f6ld\u00fcr\u0259c\u0259yind\u0259n qorxaraq evd\u0259n \u00e7\u0131x\u0131b.<\/p>\n","protected":false},"author":2,"featured_media":395971,"comment_status":"closed","ping_status":"closed","sticky":false,"template":"","format":"standard","meta":{"om_disable_all_campaigns":false,"_monsterinsights_skip_tracking":false,"_monsterinsights_sitenote_active":false,"_monsterinsights_sitenote_note":"","_monsterinsights_sitenote_category":0},"categories":[26],"tags":[],"aioseo_notices":[],"gutentor_comment":0,"rttpg_featured_image_url":{"full":["https:\/\/arantv.az\/wp-content\/uploads\/2021\/10\/FotoJet-2021-10-26T232622.298.jpg",620,413,false],"landscape":["https:\/\/arantv.az\/wp-content\/uploads\/2021\/10\/FotoJet-2021-10-26T232622.298.jpg",620,413,false],"portraits":["https:\/\/arantv.az\/wp-content\/uploads\/2021\/10\/FotoJet-2021-10-26T232622.298.jpg",620,413,false],"thumbnail":["https:\/\/arantv.az\/wp-content\/uploads\/2021\/10\/FotoJet-2021-10-26T232622.298-500x280.jpg",500,280,true],"medium":["https:\/\/arantv.az\/wp-content\/uploads\/2021\/10\/FotoJet-2021-10-26T232622.298-548x365.jpg",548,365,true],"large":["https:\/\/arantv.az\/wp-content\/uploads\/2021\/10\/FotoJet-2021-10-26T232622.298.jpg",620,413,false],"1536x1536":["https:\/\/arantv.az\/wp-content\/uploads\/2021\/10\/FotoJet-2021-10-26T232622.298.jpg",620,413,false],"2048x2048":["https:\/\/arantv.az\/wp-content\/uploads\/2021\/10\/FotoJet-2021-10-26T232622.298.jpg",620,413,false],"post-thumbnail":["https:\/\/arantv.az\/wp-content\/uploads\/2021\/10\/FotoJet-2021-10-26T232622.298-240x172.jpg",240,172,true],"advps-thumb-one":["https:\/\/arantv.az\/wp-content\/uploads\/2021\/10\/FotoJet-2021-10-26T232622.298.jpg",620,413,false]},"rttpg_author":{"display_name":"V\u00fcsal Rafiqo\u011flu","author_link":"https:\/\/arantv.az\/?author=2"},"rttpg_comment":0,"rttpg_category":"<a href=\"https:\/\/arantv.az\/?cat=26\" rel=\"category\">Sosial<\/a>","rttpg_excerpt":"\u201cYolda\u015f\u0131 t\u0259r\u0259find\u0259n \u015fidd\u0259t g\u00f6rm\u00fc\u015f xan\u0131m bildirir ki, \u0259ri onu stulla d\u00f6y\u0259r\u0259k belind\u0259 stulu s\u0131nd\u0131r\u0131b\u201d Bu s\u00f6zl\u0259ri \u201cT\u0259miz D\u00fcnya\u201d Qad\u0131nlara Yard\u0131m \u0130ctimai Birliyinin s\u0259dri Mehriban Zeynalova \u00f6z \u201cFacebook\u201d profilind\u0259 yaz\u0131b. O bildirib ki, qad\u0131n polis t\u0259r\u0259find\u0259n ekspertizaya g\u00f6nd\u0259rilib. \u0130ki k\u00f6rp\u0259sin\u0259 g\u00f6r\u0259 h\u0259r zaman d\u00f6zd\u00fcy\u00fcn\u00fc bildir\u0259n qad\u0131n art\u0131q yolda\u015f\u0131n\u0131n onu \u00f6ld\u00fcr\u0259c\u0259yind\u0259n qorxaraq evd\u0259n \u00e7\u0131x\u0131b.","_links":{"self":[{"href":"https:\/\/arantv.az\/index.php?rest_route=\/wp\/v2\/posts\/395970"}],"collection":[{"href":"https:\/\/arantv.az\/index.php?rest_route=\/wp\/v2\/posts"}],"about":[{"href":"https:\/\/arantv.az\/index.php?rest_route=\/wp\/v2\/types\/post"}],"author":[{"embeddable":true,"href":"https:\/\/arantv.az\/index.php?rest_route=\/wp\/v2\/users\/2"}],"replies":[{"embeddable":true,"href":"https:\/\/arantv.az\/index.php?rest_route=%2Fwp%2Fv2%2Fcomments&post=395970"}],"version-history":[{"count":0,"href":"https:\/\/arantv.az\/index.php?rest_route=\/wp\/v2\/posts\/395970\/revisions"}],"wp:featuredmedia":[{"embeddable":true,"href":"https:\/\/arantv.az\/index.php?rest_route=\/wp\/v2\/media\/395971"}],"wp:attachment":[{"href":"https:\/\/arantv.az\/index.php?rest_route=%2Fwp%2Fv2%2Fmedia&parent=395970"}],"wp:term":[{"taxonomy":"category","embeddable":true,"href":"https:\/\/arantv.az\/index.php?rest_route=%2Fwp%2Fv2%2Fcategories&post=395970"},{"taxonomy":"post_tag","embeddable":true,"href":"https:\/\/arantv.az\/index.php?rest_route=%2Fwp%2Fv2%2Ftags&post=395970"}],"curies":[{"name":"wp","href":"https:\/\/api.w.org\/{rel}","templated":true}]}}