{"id":395979,"date":"2021-10-27T06:12:32","date_gmt":"2021-10-27T03:12:32","guid":{"rendered":"http:\/\/arantv.az\/?p=395979"},"modified":"2021-10-27T06:12:32","modified_gmt":"2021-10-27T03:12:32","slug":"ilham-%c9%99liyev-v%c9%99-r%c9%99c%c9%99b-tayyib-%c9%99rdoganin-birg%c9%99-m%c9%99tbuat-konfransi-yenil%c9%99nib-foto-video","status":"publish","type":"post","link":"https:\/\/arantv.az\/?p=395979","title":{"rendered":"\u0130lham \u018fliyev v\u0259 R\u0259c\u0259b Tayyib \u018frdo\u011fan\u0131n birg\u0259 m\u0259tbuat konfrans\u0131 &#8211; YEN\u0130L\u018fN\u0130B + FOTO\/V\u0130DEO"},"content":{"rendered":"<p>Oktyabr\u0131n 26-da Z\u0259ngilan\u0131n A\u011fal\u0131 k\u0259ndind\u0259 Az\u0259rbaycan Respublikas\u0131n\u0131n Prezidenti \u0130lham \u018fliyev v\u0259 T\u00fcrkiy\u0259 Respublikas\u0131n\u0131n Prezidenti R\u0259c\u0259b Tayyib \u018frdo\u011fan m\u0259tbuata birg\u0259 b\u0259yanatlarla \u00e7\u0131x\u0131\u015f edibl\u0259r.<\/p>\n<p><a href=\"https:\/\/azertag.az\/\" target=\"_blank\" rel=\"noopener\">AZ\u018fRTAC<\/a>\u00a0x\u0259b\u0259r verir ki, \u0259vv\u0259lc\u0259 d\u00f6vl\u0259timizin ba\u015f\u00e7\u0131s\u0131 b\u0259yanatla \u00e7\u0131x\u0131\u015f edib.<\/p>\n<p><strong>Prezident \u0130lham \u018fliyevin b\u0259yanat\u0131<\/strong><\/p>\n<div id=\"AdviadNativeVideo0\" class=\"AdviadNativeVideo\"><\/div>\n<p>-H\u00f6rm\u0259tli c\u0259nab Prezident, \u018fziz qarda\u015f\u0131m.<\/p>\n<p>H\u00f6rm\u0259tli qonaqlar, xan\u0131mlar v\u0259 c\u0259nablar.<\/p>\n<p>\u0130lk n\u00f6vb\u0259d\u0259, \u018fziz qarda\u015f\u0131m, Sizi bir daha salamlay\u0131ram. Az\u0259rbaycana xo\u015f g\u0259lmisiniz. Sizin s\u0259f\u0259rinizin \u00e7ox b\u00f6y\u00fck \u00f6n\u0259mi var. Siz i\u015f\u011faldan azad edilmi\u015f torpaqlara ikinci d\u0259f\u0259dir ki, s\u0259f\u0259r edirsiniz. D\u00f6rd ay bundan \u0259vv\u0259l Sizinl\u0259 b\u0259rab\u0259r \u015eu\u015fa \u015f\u0259h\u0259rind\u0259 olmu\u015fuq, bu g\u00fcn is\u0259 F\u00fczulid\u0259 v\u0259 Z\u0259ngilanday\u0131q. \u015eu\u015fa \u015f\u0259h\u0259rind\u0259 imzalanan \u015eu\u015fa B\u0259yannam\u0259si tarixi s\u0259n\u0259ddir. Bu B\u0259yannam\u0259 bizim \u0259laq\u0259l\u0259rimizi r\u0259sm\u0259n m\u00fctt\u0259fiqlik s\u0259viyy\u0259sin\u0259 qald\u0131rm\u0131\u015fd\u0131r.<\/p>\n<p>Bu g\u00fcn F\u00fczuli Beyn\u0259lxalq Hava Liman\u0131n\u0131n a\u00e7\u0131l\u0131\u015f\u0131nda birlikd\u0259 i\u015ftirak\u0131m\u0131z bir daha bizim birliyimizi g\u00f6st\u0259rir, g\u00fcc\u00fcm\u00fcz\u00fc g\u00f6st\u0259rir. Onu g\u00f6st\u0259rir ki, T\u00fcrkiy\u0259 v\u0259 Az\u0259rbaycan iki qarda\u015f \u00f6lk\u0259 kimi h\u0259r zaman bir-birinin yan\u0131ndad\u0131r. F\u00fczuli Beyn\u0259lxalq Hava Liman\u0131n\u0131n in\u015fas\u0131 c\u0259mi s\u0259kkiz ay davam etdi. S\u0259kkiz ay \u0259rzind\u0259 beyn\u0259lxalq hava liman\u0131 in\u015fa edildi. Bu hava liman\u0131n\u0131n in\u015fas\u0131nda Az\u0259rbaycan v\u0259 T\u00fcrkiy\u0259 \u015firk\u0259tl\u0259ri i\u015ftirak etmi\u015fl\u0259r. Y\u0259ni, bu, bizim birg\u0259 u\u011furumuzdur.<\/p>\n<p>Eyni zamanda, bu g\u00fcn Z\u0259ngilan rayonunda birinci \u00f6z\u0259l s\u0259rmay\u0259 layih\u0259sinin d\u0259 t\u0259m\u0259lini qoyduq. Bu s\u0259rmay\u0259 layih\u0259si d\u0259 T\u00fcrkiy\u0259 v\u0259 Az\u0259rbaycan\u0131n birg\u0259 layih\u0259sidir. Y\u0259ni, bu, bir daha onu g\u00f6st\u0259rir ki, b\u00fct\u00fcn i\u015fl\u0259rd\u0259, o c\u00fcml\u0259d\u0259n i\u015f\u011faldan azad edilmi\u015f torpaqlarda ged\u0259n quruculuq, b\u0259rpa i\u015fl\u0259rind\u0259 d\u0259 biz \u00e7iyin-\u00e7iyin\u0259 bir yerd\u0259 ir\u0259lil\u0259yirik.<\/p>\n<p>Bu g\u00fcn Z\u0259ngilan\u0131n A\u011fal\u0131 k\u0259ndind\u0259ki bu r\u0259smi m\u0259rasim tarixd\u0259 qalacaq. Ad\u0259t\u0259n r\u0259smi m\u0259rasiml\u0259r paytaxtlarda ke\u00e7irilir. Ancaq biz r\u0259smi m\u0259rasiml\u0259ri b\u00fct\u00fcn g\u00f6r\u00fc\u015fl\u0259r zaman\u0131 ke\u00e7iririk. H\u0259m \u015eu\u015fada, h\u0259m d\u0259 bu g\u00fcn Z\u0259ngilanda r\u0259smi m\u0259rasiml\u0259rin ke\u00e7irilm\u0259si, T\u00fcrkiy\u0259 v\u0259 Az\u0259rbaycan\u0131n D\u00f6vl\u0259t himnl\u0259rinin s\u0259sl\u0259nm\u0259si, bizim birg\u0259 add\u0131mlar\u0131m\u0131z tarixd\u0259 \u0259b\u0259di qalacaq. Bu tarixi biz birlikd\u0259 yaz\u0131r\u0131q. Nec\u0259 ki, b\u00fct\u00fcn m\u00fcharib\u0259 d\u00f6vr\u00fc \u0259rzind\u0259 birlikd\u0259 idik, bu g\u00fcn d\u0259 bir yerd\u0259yik.<\/p>\n<p>Biz \u0130kinci Qaraba\u011f sava\u015f\u0131n\u0131n birinci ild\u00f6n\u00fcm\u00fcn\u00fc ya\u015fay\u0131r\u0131q. D\u00fcn\u0259n Qubadl\u0131 \u015f\u0259h\u0259rinin azad olunmas\u0131n\u0131n birinci ild\u00f6n\u00fcm\u00fcn\u00fc qeyd edirdik. \u0130ki h\u0259ft\u0259 bundan sonra \u015eu\u015fan\u0131n azad olunmas\u0131n\u0131 qeyd ed\u0259c\u0259yik, b\u00f6y\u00fck Z\u0259f\u0259r bayram\u0131 kimi qeyd ed\u0259c\u0259yik.<\/p>\n<p>\u0130kinci Qaraba\u011f sava\u015f\u0131n\u0131n ilk saatlar\u0131ndan son d\u0259qiq\u0259l\u0259rin\u0259 q\u0259d\u0259r T\u00fcrkiy\u0259 Az\u0259rbaycan\u0131n yan\u0131nda olmu\u015fdur. \u018fziz qarda\u015f\u0131m, h\u00f6rm\u0259tli C\u00fcmhurba\u015fqan\u0131 ilk saatlarda Az\u0259rbaycana d\u0259st\u0259k g\u00f6st\u0259rdi, b\u00fct\u00fcn d\u00fcnyaya b\u0259yan etdi ki, Az\u0259rbaycan t\u0259k deyil, T\u00fcrkiy\u0259 Az\u0259rbaycan\u0131n yan\u0131ndad\u0131r. Bu, biz\u0259 \u00e7ox b\u00f6y\u00fck siyasi v\u0259 m\u0259n\u0259vi d\u0259st\u0259k, \u0259lav\u0259 g\u00fcc verdi. \u018fziz qarda\u015f\u0131m, bu g\u00fcn Az\u0259rbaycan xalq\u0131 haql\u0131 olaraq Siz\u0259 \u00f6z t\u0259\u015f\u0259kk\u00fcr\u00fcn\u00fc bildirir. Bilirsiniz ki, Az\u0259rbaycanda h\u0259r k\u0259s Sizi sevir, Siz\u0259 b\u00f6y\u00fck h\u00f6rm\u0259tl\u0259 yana\u015f\u0131r. Siz bizim Z\u0259f\u0259rimiz \u00fc\u00e7\u00fcn \u00e7ox b\u00f6y\u00fck i\u015fl\u0259r g\u00f6rm\u00fcs\u00fcn\u00fcz v\u0259 bu g\u00fcn art\u0131q quruculuq d\u00f6vr\u00fcnd\u0259, b\u0259rpa d\u00f6vr\u00fcnd\u0259 yen\u0259 d\u0259 biziml\u0259 b\u0259rab\u0259rsiniz.<\/p>\n<p>M\u0259n bilir\u0259m ki, Sizin \u00e7ox g\u0259rgin i\u015f qrafikiniz var. Siz bu yax\u0131nlarda Afrikan\u0131n d\u00f6rd \u00f6lk\u0259sind\u0259 r\u0259smi ziyar\u0259td\u0259 olmusunuz. Ondan sonra T\u00fcrkiy\u0259d\u0259 bir \u00f6n\u0259mli t\u0259dbird\u0259 olmusunuz. Ondan sonra vaxt tap\u0131b buraya g\u0259lmisiniz ki, biziml\u0259 b\u0259rab\u0259r, Az\u0259rbaycan xalq\u0131 il\u0259 b\u0259rab\u0259r bu g\u00f6z\u0259l g\u00fcnd\u0259 bir yerd\u0259 olas\u0131n\u0131z. Biz bunu \u00e7ox y\u00fcks\u0259k qiym\u0259tl\u0259ndiririk. Bu, \u0259sl qarda\u015fl\u0131q n\u00fcmun\u0259sidir, \u0259sl dostluq n\u00fcmun\u0259sidir. Bu, h\u0259m Az\u0259rbaycan xalq\u0131na, h\u0259m T\u00fcrkiy\u0259 xalq\u0131na, h\u0259m d\u0259 b\u00fct\u00fcn d\u00fcnyaya bir mesajd\u0131r ki, biz bir yerd\u0259yik, bizim birliyimiz sars\u0131lmazd\u0131r v\u0259 \u0259b\u0259didir.<\/p>\n<p>Bu g\u00fcn regional i\u015fl\u0259rd\u0259, h\u0259tta d\u00fcnya \u00e7ap\u0131nda T\u00fcrkiy\u0259 v\u0259 Az\u0259rbaycan \u0259m\u0259kda\u015fl\u0131\u011f\u0131, qarda\u015fl\u0131\u011f\u0131 \u00f6n\u0259mli amil\u0259 \u00e7evrilib. T\u00fcrkiy\u0259 \u018fziz qarda\u015f\u0131m\u0131n liderliyi il\u0259 art\u0131q d\u00fcnya \u00e7ap\u0131nda b\u00f6y\u00fck g\u00fcc\u0259 \u00e7evrilib v\u0259 he\u00e7 kim T\u00fcrkiy\u0259y\u0259 \u00f6z irad\u0259sini dikt\u0259 ed\u0259 bilm\u0259z. Bu yax\u0131nlarda \u018fziz qarda\u015f\u0131m T\u00fcrkiy\u0259nin daxili m\u0259s\u0259l\u0259l\u0259rin\u0259 m\u00fcdaxil\u0259 etm\u0259k ist\u0259y\u0259nl\u0259r\u0259 el\u0259 cavab vermi\u015fdi ki, hesab edir\u0259m bu, b\u00fct\u00fcn siyas\u0259t\u00e7il\u0259r \u00fc\u00e7\u00fcn \u00f6rn\u0259kdir. \u00d6z milli l\u0259yaq\u0259tini qoruyan, \u00f6z xalq\u0131n\u0131n, d\u00f6vl\u0259tinin maraqlar\u0131n\u0131, q\u00fcrurunu qoruyan v\u0259 m\u00fcdafi\u0259 ed\u0259n Lider bu g\u00fcn buradad\u0131r, Az\u0259rbaycandad\u0131r, Z\u0259ngilandad\u0131r, A\u011fal\u0131dad\u0131r. Biz bunu qiym\u0259tl\u0259ndirm\u0259liyik. B\u00fct\u00fcn t\u00fcrk d\u00fcnyas\u0131 \u00fc\u00e7\u00fcn R\u0259c\u0259b Tayyib \u018frdo\u011fan amili \u0259n \u00f6n\u0259mli amill\u0259rd\u0259n biridir.<\/p>\n<p>Onu da bildirm\u0259liy\u0259m ki, g\u0259l\u0259n ay Az\u0259rbaycan T\u00fcrk \u015euras\u0131nda s\u0259drliyi T\u00fcrkiy\u0259y\u0259 t\u0259hvil ver\u0259c\u0259k. \u018fmin\u0259m ki, T\u00fcrkiy\u0259 \u018fziz qarda\u015f\u0131m\u0131n r\u0259hb\u0259rliyi il\u0259 \u015euraya u\u011furlu s\u0259drlik ed\u0259c\u0259k. T\u00fcrk d\u00f6vl\u0259tl\u0259ri aras\u0131ndak\u0131 \u0259m\u0259kda\u015fl\u0131q v\u0259 qarda\u015fl\u0131q \u0259laq\u0259l\u0259ri daha da g\u00fccl\u0259n\u0259c\u0259k, bel\u0259likl\u0259, b\u00fct\u00fcn T\u00fcrk d\u00fcnyas\u0131 \u00fc\u00e7\u00fcn yeni imkanlar a\u00e7\u0131lacaq.<\/p>\n<p>Bu g\u00fcn burada, Z\u0259ngilanda olark\u0259n t\u0259bii ki, biz Z\u0259ng\u0259zur d\u0259hlizi haqq\u0131nda dan\u0131\u015fmasaq d\u00fczg\u00fcn olmaz. Z\u0259ngilan \u015e\u0259rqi Z\u0259ng\u0259zur b\u00f6lg\u0259sind\u0259 yerl\u0259\u015fir v\u0259 buradan ke\u00e7\u0259n Z\u0259ng\u0259zur d\u0259hlizi b\u00fct\u00fcn T\u00fcrk d\u00fcnyas\u0131n\u0131 birl\u0259\u015fdir\u0259c\u0259k. H\u0259m Az\u0259rbaycan, h\u0259m T\u00fcrkiy\u0259 Z\u0259ng\u0259zur d\u0259hlizinin ger\u00e7\u0259kl\u0259\u015fm\u0259si \u00fc\u00e7\u00fcn \u0259m\u0259li add\u0131mlar at\u0131r. \u018fmin\u0259m ki, bu add\u0131mlar yax\u0131n g\u0259l\u0259c\u0259kd\u0259 \u00f6z b\u0259hr\u0259sini ver\u0259c\u0259kdir.<\/p>\n<p>Bu g\u00fcn \u018fziz qarda\u015f\u0131mla v\u0259 qonaqlarla birlikd\u0259 b\u00f6y\u00fck avtomobil yolunun t\u0259m\u0259lini qoyduq. Bu avtomobil yolu da Z\u0259ng\u0259zur d\u0259hlizinin bir hiss\u0259sidir. Bu avtomobil yolunun v\u0259 d\u0259mir yolunun \u00e7\u0259kili\u015fi n\u0259tic\u0259sind\u0259 biz ist\u0259diyimiz\u0259 nail olaca\u011f\u0131q.<\/p>\n<p>M\u0259n bu g\u00fcn f\u00fcrs\u0259td\u0259n istifad\u0259 ed\u0259r\u0259k Az\u0259rbaycan\u0131n azad edilmi\u015f torpaqlar\u0131nda f\u0259aliyy\u0259t g\u00f6st\u0259r\u0259n bir \u00e7ox T\u00fcrkiy\u0259 \u015firk\u0259tl\u0259rin\u0259 \u00f6z t\u0259\u015f\u0259kk\u00fcr\u00fcm\u00fc bildirm\u0259k ist\u0259yir\u0259m. Onlar\u0131n yorulmaz s\u0259yl\u0259ri n\u0259tic\u0259sind\u0259 bu g\u00fcn bu b\u00f6lg\u0259d\u0259 yollar sal\u0131n\u0131r, d\u0259mir yollar\u0131 \u00e7\u0259kilir, tunell\u0259r tikilir, infrastruktur layih\u0259l\u0259ri ger\u00e7\u0259kl\u0259\u015fir. Bu, bir daha bizim birliyimizin, qarda\u015fl\u0131\u011f\u0131m\u0131z\u0131n t\u0259c\u0259ss\u00fcm\u00fcd\u00fcr. Tam \u0259min\u0259m ki, bundan sonra da T\u00fcrkiy\u0259 v\u0259 Az\u0259rbaycan iki qarda\u015f \u00f6lk\u0259 kimi bir yerd\u0259 ir\u0259li ged\u0259c\u0259k, xalqlar\u0131m\u0131z bir-birin\u0259 daha da yax\u0131n olacaq, d\u00f6vl\u0259tl\u0259rimiz bundan sonra da u\u011furlu \u0259m\u0259kda\u015fl\u0131q ed\u0259c\u0259k. Bel\u0259likl\u0259, T\u00fcrkiy\u0259 il\u0259 Az\u0259rbaycan\u0131n birg\u0259 g\u00fcc\u00fc daha da t\u0259sirli olacaq.<\/p>\n<p>\u018fziz qarda\u015f\u0131m, Siz\u0259 bir daha \u201cAz\u0259rbaycana xo\u015f g\u0259lmisiniz!\u201d deyir\u0259m, b\u00fct\u00fcn qonaqlara \u201cXo\u015f g\u0259lmisiniz!\u201d deyir\u0259m. Siz\u0259 v\u0259 qarda\u015f T\u00fcrkiy\u0259 xalq\u0131na daim t\u0259r\u0259qqi, firavanl\u0131q, xo\u015fb\u0259xtlik dil\u0259yir\u0259m. Sa\u011f olun.<\/p>\n<p>Sonra T\u00fcrkiy\u0259 d\u00f6vl\u0259tinin ba\u015f\u00e7\u0131s\u0131 b\u0259yanatla \u00e7\u0131x\u0131\u015f edib.<\/p>\n<p><strong>Prezident R\u0259c\u0259b Tayyib \u018frdo\u011fan\u0131n b\u0259yanat\u0131<\/strong><\/p>\n<p>&#8211; H\u00f6rm\u0259tli Prezident, \u018fziz qarda\u015f\u0131m.<\/p>\n<p>H\u00f6rm\u0259tli nazirl\u0259r.<\/p>\n<p>H\u00f6rm\u0259tli m\u0259tbuat n\u00fcmay\u0259nd\u0259l\u0259ri.<\/p>\n<p>\u018fvv\u0259lc\u0259 sizl\u0259ri \u0259n s\u0259mimi hissl\u0259riml\u0259 salamlay\u0131ram.<\/p>\n<p>\u0130\u015f\u011faldan azad edil\u0259n bu g\u00f6z\u0259l b\u00f6lg\u0259y\u0259 &#8211; F\u00fczuliy\u0259 s\u0259f\u0259rimd\u0259n d\u00f6rd ay yar\u0131mdan sonra bu d\u0259f\u0259 Z\u0259ngilanda olmaqdan b\u00f6y\u00fck m\u0259mnunluq duyuram.<\/p>\n<p>\u018fziz qarda\u015f\u0131m Prezident \u018fliyev\u0259 l\u00fctfkar d\u0259v\u0259t\u0259 g\u00f6r\u0259 \u00f6z ad\u0131mdan, hey\u0259tim v\u0259 mill\u0259tim ad\u0131ndan bir daha t\u0259\u015f\u0259kk\u00fcr edir\u0259m.<\/p>\n<p>Bug\u00fcnk\u00fc s\u0259f\u0259rimiz zaman\u0131 Az\u0259rbaycan\u0131n i\u015f\u011faldan azad edil\u0259n bu b\u00f6lg\u0259l\u0259rinin q\u0131sa m\u00fcdd\u0259t \u0259rzind\u0259 h\u0259qiq\u0259t\u0259n nec\u0259 dir\u00e7\u0259ldiyini, nec\u0259 s\u00fcr\u0259tl\u0259 inki\u015faf etdiyini g\u00f6rd\u00fck. Bu, h\u0259r igidin, h\u0259r siyas\u0259t\u00e7inin i\u015fi deyil. Bu q\u0259d\u0259r q\u0131sa m\u00fcdd\u0259td\u0259 bu investisiyalar\u0131 yat\u0131rmaq, bu i\u015fl\u0259ri h\u0259yata ke\u00e7irm\u0259k, inan\u0131ram ki, do\u011fma yurdundan ayr\u0131lma\u011fa m\u0259cbur qalm\u0131\u015f az\u0259rbaycanl\u0131 qarda\u015flar\u0131m \u00fc\u00e7\u00fcn buradan bir m\u00fcjd\u0259 verm\u0259k imkan\u0131 yarad\u0131r. \u00c7\u00fcnki az\u0259rbaycanl\u0131 qarda\u015flar\u0131m ayr\u0131ld\u0131qlar\u0131 torpaqlara, inan\u0131ram ki, \u0259n q\u0131sa vaxtda son d\u0259r\u0259c\u0259 g\u00f6z\u0259l \u015f\u0259kild\u0259 in\u015fa edil\u0259n, canland\u0131r\u0131lan bu yerl\u0259r\u0259 qay\u0131tmaq imkan\u0131 \u0259ld\u0259 ed\u0259c\u0259kl\u0259r. Burada qar\u015f\u0131m\u0131zdak\u0131 binaya, sol t\u0259r\u0259fimizd\u0259ki binalara bax\u0131r\u0131q. Bu binalar orijinal, tarixi \u00fcslubda son d\u0259r\u0259c\u0259 g\u00f6z\u0259l bir \u015f\u0259kild\u0259 in\u015fa edilir.<\/p>\n<p>Buraya g\u0259lm\u0259zd\u0259n \u0259vv\u0259l F\u00fczulini bir t\u0259r\u0259fd\u0259n \u015eu\u015fa, dig\u0259r t\u0259r\u0259fd\u0259n d\u0259 c\u0259nub s\u0259rh\u0259di boyunca A\u011fb\u0259nd, g\u0259l\u0259c\u0259kd\u0259 is\u0259, \u0130n\u015fallah, Nax\u00e7\u0131van il\u0259 birl\u0259\u015fdir\u0259c\u0259k yollar\u0131n in\u015fa edildiyini g\u00f6rd\u00fck, i\u015f\u00e7i qarda\u015flar\u0131m\u0131zla g\u00f6r\u00fc\u015fd\u00fck. Bu yollar b\u00f6lg\u0259d\u0259 \u00e7oxt\u0259r\u0259fli da\u015f\u0131malar\u0131n \u0259sas\u0131n\u0131 t\u0259\u015fkil ed\u0259c\u0259k. F\u00fczulid\u0259 d\u0259 bildirdiyim kimi, bu q\u0259d\u0259r q\u0131sa m\u00fcdd\u0259td\u0259 b\u00f6lg\u0259nin b\u0259rpas\u0131 istiqam\u0259tind\u0259 g\u00f6r\u00fcl\u0259n i\u015fl\u0259r h\u0259m Az\u0259rbaycan, h\u0259m d\u0259 regionumuz \u00fc\u00e7\u00fcn q\u00fcrurverici v\u0259 \u00fcmidvericidir.<\/p>\n<p>Az\u0259rbaycan b\u00fct\u00fcn d\u00fcnyaya \u00f6rn\u0259k olacaq inki\u015faf modeli il\u0259 bu b\u00f6lg\u0259nin inki\u015faf\u0131 \u00fc\u00e7\u00fcn f\u0259aliyy\u0259tini davam etdirir. Burada h\u0259r \u015feyd\u0259n \u0259vv\u0259l t\u0259m\u0259lini qoydu\u011fumuz, &#8211; bir az \u0259vv\u0259l c\u0259nab Prezidentin d\u0259 dediyi kimi, &#8211; ist\u0259r tunell\u0259r, ist\u0259r yol \u00f6t\u00fcr\u00fcc\u00fcl\u0259ri, ist\u0259r avtomobil yollar\u0131 b\u0259rpa i\u015fl\u0259rinin s\u00fcr\u0259tl\u0259 h\u0259yata ke\u00e7irilm\u0259si bax\u0131m\u0131ndan \u00e7ox \u00f6n\u0259mlidir. Bu f\u0259aliyy\u0259t\u0259 liderlik ed\u0259n \u0130lham qarda\u015f\u0131m\u0131 v\u0259 \u0259m\u0259yi ke\u00e7\u0259n h\u0259r k\u0259si \u00fcr\u0259kd\u0259n t\u0259brik edir\u0259m. Podrat\u00e7\u0131 firmalar\u0131 t\u0259brik edir\u0259m. B\u00fct\u00fcn texnika parklar\u0131 il\u0259 podrat\u00e7\u0131 firmalar\u0131n \u00fcr\u0259kd\u0259n \u00e7al\u0131\u015fmas\u0131 \u0259n y\u00fcks\u0259k t\u0259qdir\u0259 layiqdir. T\u00fcrkiy\u0259 olaraq, biz d\u0259 bu f\u0259aliyy\u0259tl\u0259rd\u0259 \u00fcz\u0259rimiz\u0259 d\u00fc\u015f\u0259ni etm\u0259kd\u0259, qarda\u015f Az\u0259rbaycana b\u00fct\u00fcn imkanlar\u0131m\u0131zla d\u0259st\u0259k olmaqda davam ed\u0259c\u0259yik.<\/p>\n<p>H\u00f6rm\u0259tli m\u0259tbuat n\u00fcmay\u0259nd\u0259l\u0259ri, bu g\u00fcn \u0130lham qarda\u015f\u0131mla ke\u00e7irdiyimiz g\u00f6r\u00fc\u015fl\u0259rd\u0259 ikit\u0259r\u0259fli \u0259laq\u0259l\u0259rimizi v\u0259 regional prosesl\u0259ri \u0259trafl\u0131 m\u00fczakir\u0259 etdik. \u0130qtisadi v\u0259 ticari sah\u0259l\u0259rd\u0259ki \u0259m\u0259kda\u015fl\u0131\u011f\u0131m\u0131z\u0131n geni\u015fl\u0259ndirilm\u0259si il\u0259 enerji, n\u0259qliyyat v\u0259 Qaraba\u011f\u0131n inki\u015faf\u0131 il\u0259 ba\u011fl\u0131 layih\u0259l\u0259rd\u0259 m\u00f6vcud durumu v\u0259 g\u0259l\u0259c\u0259kl\u0259 ba\u011fl\u0131 planlar\u0131 da d\u0259y\u0259rl\u0259ndirm\u0259k imkan\u0131 \u0259ld\u0259 etdik. \u018fn \u00f6n\u0259mlisi, \u015eu\u015fa B\u0259yannam\u0259si il\u0259 strateji m\u00fctt\u0259fiqlik s\u0259viyy\u0259sin\u0259 \u00e7atd\u0131rd\u0131\u011f\u0131m\u0131z \u0259laq\u0259l\u0259rimizi daha nec\u0259 inki\u015faf etdir\u0259 bil\u0259c\u0259yimizi m\u00fczakir\u0259 etdik. Bir mill\u0259t, iki d\u00f6vl\u0259t olma\u011f\u0131n verdiyi ortaq \u015f\u00fcur v\u0259 ruhla h\u0259r\u0259k\u0259t edirik.<\/p>\n<p>Az\u0259rbaycan b\u00f6lg\u0259nin \u0259sl potensial\u0131n\u0131n h\u0259yata ke\u00e7irilm\u0259sin\u0259 mane olan i\u015f\u011fal\u0131 \u015fanl\u0131 Z\u0259f\u0259ri il\u0259 sona \u00e7atd\u0131rd\u0131, BMT T\u0259hl\u00fck\u0259sizlik \u015euras\u0131n\u0131n ill\u0259rdir t\u0259tbiq olunmayan q\u0259tnam\u0259l\u0259rini \u00f6z\u00fc h\u0259yata ke\u00e7irdi. Davaml\u0131 s\u00fclh\u00fcn t\u0259min olunmas\u0131 v\u0259 arzu edil\u0259n normalla\u015fma istiqam\u0259tind\u0259 ir\u0259lil\u0259yi\u015fin olmas\u0131 \u00fc\u00e7\u00fcn \u015f\u0259rait bu g\u00fcn \u0259vv\u0259ll\u0259r olmad\u0131\u011f\u0131 q\u0259d\u0259r \u0259lveri\u015flidir. Bunun \u00fc\u00e7\u00fcn b\u00f6lg\u0259d\u0259ki yeni duruma uy\u011fun h\u0259r\u0259k\u0259t edilm\u0259lidir. Biz b\u00f6lg\u0259d\u0259 davaml\u0131 s\u00fclh\u00fcn v\u0259 \u0259hat\u0259li normalla\u015fman\u0131n t\u0259r\u0259fdar\u0131y\u0131q. Bu co\u011frafiyadan ke\u00e7\u0259c\u0259k torpaq yollar v\u0259 d\u0259mir yolu x\u0259tl\u0259ri t\u0259kc\u0259 Az\u0259rbaycan v\u0259 T\u00fcrkiy\u0259 \u00fc\u00e7\u00fcn deyil, b\u00fct\u00fcn b\u00f6lg\u0259 \u00f6lk\u0259l\u0259ri \u00fc\u00e7\u00fcn iqtisadi v\u0259 ticari f\u00fcrs\u0259tl\u0259r yaradacaq. G\u00fcn g\u0259l\u0259c\u0259k Z\u0259ng\u0259zurdan \u00e7\u0131x\u0131b \u0130stanbula q\u0259d\u0259r ged\u0259 bil\u0259c\u0259yik, \u0130\u011fd\u0131ra, Qarsa ged\u0259 bil\u0259c\u0259yik v\u0259 b\u00f6lg\u0259nin tranzit, logistika m\u0259rk\u0259zin\u0259 \u00e7evrilm\u0259 imkan\u0131 m\u00f6hk\u0259ml\u0259n\u0259c\u0259k. Bu inki\u015fafdan \u0130ran, G\u00fcrc\u00fcstan, Erm\u0259nistan da daxil olmaqla Az\u0259rbaycan\u0131n b\u00fct\u00fcn qon\u015fular\u0131 istifad\u0259 ed\u0259c\u0259kl\u0259r. Bir s\u00f6zl\u0259, bu layih\u0259l\u0259r k\u0259narla\u015fd\u0131r\u0131c\u0131 deyil, \u0259hat\u0259edicidir. Bu prosesd\u0259 s\u0259rh\u0259dl\u0259rin m\u00fc\u0259yy\u0259nl\u0259\u015fdirilm\u0259si v\u0259 qar\u015f\u0131l\u0131ql\u0131 olaraq tan\u0131nmas\u0131 z\u0259ruridir. Mehriban qon\u015fuluq m\u00fcnasib\u0259tl\u0259rinin \u0259sas\u0131n\u0131 da bu anlay\u0131\u015f t\u0259\u015fkil etm\u0259kd\u0259dir.<\/p>\n<p>Bu m\u0259s\u0259l\u0259l\u0259rd\u0259 Erm\u0259nistan Az\u0259rbaycan il\u0259 probleml\u0259rini h\u0259ll etm\u0259k istiqam\u0259tind\u0259 s\u0259mimi bir irad\u0259 g\u00f6st\u0259rm\u0259lidir. \u018fg\u0259r Az\u0259rbaycan il\u0259 ba\u011fl\u0131 s\u0259mimi irad\u0259 ortaya qoyarsa, T\u00fcrkiy\u0259nin Erm\u0259nistan il\u0259 \u0259laq\u0259l\u0259rinin d\u0259 normalla\u015fmas\u0131 \u00fc\u00e7\u00fcn bir mane\u0259 qalmayacaq. B\u00fct\u00fcn b\u00f6lg\u0259 \u00fc\u00e7\u00fcn birlikd\u0259 qurulacaq firavan g\u0259l\u0259c\u0259yi ki\u00e7ik hesablara v\u0259 daxili siyas\u0259t\u0259 qurban verm\u0259k vaxt itkisi m\u0259nas\u0131na g\u0259l\u0259c\u0259k. D\u00fcnyan\u0131n bu g\u00f6z\u0259l b\u00f6lg\u0259sind\u0259 s\u00fclh i\u00e7ind\u0259 ya\u015fanacaq parlaq bir g\u0259l\u0259c\u0259k, \u0259lb\u0259tt\u0259 ki, m\u00fcmk\u00fcnd\u00fcr. T\u00fcrkiy\u0259nin d\u0259 davaml\u0131 s\u00fclh\u00fcn yarad\u0131lmas\u0131 istiqam\u0259tind\u0259 at\u0131lacaq h\u0259r m\u00fcsb\u0259t add\u0131m\u0131n qar\u015f\u0131l\u0131\u011f\u0131n\u0131 eyni konstruktiv anlay\u0131\u015fla ver\u0259c\u0259yini bir daha x\u00fcsusi vur\u011fulay\u0131ram.<\/p>\n<p>S\u0259f\u0259rim \u00e7\u0259r\u00e7iv\u0259sind\u0259 m\u0259n\u0259 v\u0259 n\u00fcmay\u0259nd\u0259 hey\u0259tim\u0259 g\u00f6st\u0259ril\u0259n qonaqp\u0259rv\u0259rliy\u0259 g\u00f6r\u0259 Prezident, qarda\u015f\u0131m \u018fliyev\u0259 v\u0259 qarda\u015f Az\u0259rbaycan xalq\u0131na bir daha t\u0259\u015f\u0259kk\u00fcrl\u0259rimi bildirir\u0259m.<\/p>\n<p>F\u00fcrs\u0259td\u0259n istifad\u0259 ed\u0259r\u0259k \u00f6z ad\u0131mdan v\u0259 hey\u0259tim ad\u0131ndan x\u00fcsusil\u0259 Qarda\u015f\u0131m \u018fliyev v\u0259 b\u00fct\u00fcn nazirl\u0259r\u0259 d\u0259 t\u0259\u015f\u0259kk\u00fcrl\u0259rimizi bildiririk. T\u0259\u015f\u0259kk\u00fcr edir\u0259m. Sa\u011f olun, var olun.<\/p>\n<p><strong>19:55<\/strong><\/p>\n<p>Az\u0259rbaycan Prezidenti \u0130lham \u018fliyev v\u0259 T\u00fcrkiy\u0259 Prezidenti R\u0259c\u0259b Tayyib \u018frdo\u011fan Z\u0259ngilanda birg\u0259 m\u0259tbuat konfrans\u0131 ke\u00e7iribl\u0259r.<\/p>\n<p>D\u00f6vl\u0259t ba\u015f\u00e7\u0131lar\u0131 b\u0259yanatla \u00e7\u0131x\u0131\u015f edibl\u0259r.<\/p>\n<p><iframe loading=\"lazy\" title=\"YouTube video player\" src=\"https:\/\/www.youtube.com\/embed\/p84lHPn58vE\" width=\"560\" height=\"315\" frameborder=\"0\" allowfullscreen=\"allowfullscreen\" data-mce-fragment=\"1\"><\/iframe><\/p>\n<p>&nbsp;<\/p>\n<div class=\"gallery\">\n<div class=\"gallery-i\"><img src=\"https:\/\/cdn.oxu.az\/uploads\/W1siZiIsIjIwMjEvMTAvMjYvMjEvMjQvNTUvY2ExMWM1NDUtZWQ5NS00ODU5LTk0YjktMDU5OWIxMzdjMTM5LzE2MzUyNjc1MzM0ODMwNTI5MzhfMTAwMHg2NjkuanBnIl0sWyJwIiwiZW5jb2RlIiwianBnIiwiLXF1YWxpdHkgODAiXSxbInAiLCJ0aHVtYiIsIjU5MHg1OTBcdTAwM2UiXV0?sha=8ab6150f5682a747\" alt=\"\" \/><\/p>\n<div class=\"gallery-i-caption\"><\/div>\n<\/div>\n<div class=\"gallery-i\"><img src=\"https:\/\/cdn.oxu.az\/uploads\/W1siZiIsIjIwMjEvMTAvMjYvMjEvMjQvNTYvNTlhZWZkZDMtMzhhNS00YjI0LWFkZTUtYWYzNTQ4MjBjYzg4LzE2MzUyNjc1MzMzODI3MTUwMDcxXzEwMDB4NjY5LmpwZyJdLFsicCIsImVuY29kZSIsImpwZyIsIi1xdWFsaXR5IDgwIl0sWyJwIiwidGh1bWIiLCI1OTB4NTkwXHUwMDNlIl1d?sha=b8ab48356804a771\" alt=\"\" \/><\/p>\n<div class=\"gallery-i-caption\"><\/div>\n<\/div>\n<div class=\"gallery-i\"><img src=\"https:\/\/cdn.oxu.az\/uploads\/W1siZiIsIjIwMjEvMTAvMjYvMjEvMjQvNTYvYjY0ZmE5NTktNmZiOS00OGE2LWE3NmUtODAyMmFkMjljOTE5LzE2MzUyNjc1MzMzNjc0OTU4NTRfMTAwMHg2NjkuanBnIl0sWyJwIiwiZW5jb2RlIiwianBnIiwiLXF1YWxpdHkgODAiXSxbInAiLCJ0aHVtYiIsIjU5MHg1OTBcdTAwM2UiXV0?sha=4840b31cada1e2c9\" alt=\"\" \/><\/p>\n<div class=\"gallery-i-caption\"><\/div>\n<\/div>\n<div class=\"gallery-i\"><img src=\"https:\/\/cdn.oxu.az\/uploads\/W1siZiIsIjIwMjEvMTAvMjYvMjEvMjQvNTYvMGFlZTRhOTEtZThjNC00NjlmLThjNmItZjBmMjBhMzUwOTg0LzE2MzUyNjc1MzM2MDAxNzE0OTg5XzEwMDB4NjY5LmpwZyJdLFsicCIsImVuY29kZSIsImpwZyIsIi1xdWFsaXR5IDgwIl0sWyJwIiwidGh1bWIiLCI1OTB4NTkwXHUwMDNlIl1d?sha=c68c374f7bf80a58\" alt=\"\" \/><\/p>\n<div class=\"gallery-i-caption\"><\/div>\n<\/div>\n<div class=\"gallery-i\"><img src=\"https:\/\/cdn.oxu.az\/uploads\/W1siZiIsIjIwMjEvMTAvMjYvMjEvMjQvNTYvNGY3YWZkYjktYTRkNC00YjVmLTg3Y2UtNThmYzllNjA2OTdjLzE2MzUyNjc1MzM4NjA5MTA3OTVfMTAwMHg2NjkuanBnIl0sWyJwIiwiZW5jb2RlIiwianBnIiwiLXF1YWxpdHkgODAiXSxbInAiLCJ0aHVtYiIsIjU5MHg1OTBcdTAwM2UiXV0?sha=b5bf636824ecc48b\" alt=\"\" \/><\/p>\n<div class=\"gallery-i-caption\"><\/div>\n<\/div>\n<div class=\"gallery-i\"><img src=\"https:\/\/cdn.oxu.az\/uploads\/W1siZiIsIjIwMjEvMTAvMjYvMjEvMjQvNTYvYTY2NTZmM2MtMTdjNC00YTVhLTgyY2UtMWY2MDEyZTcxODc2LzE2MzUyNjc1MzI1MDg2MTY4MjJfMTAwMHg2NjkuanBnIl0sWyJwIiwiZW5jb2RlIiwianBnIiwiLXF1YWxpdHkgODAiXSxbInAiLCJ0aHVtYiIsIjU5MHg1OTBcdTAwM2UiXV0?sha=cf81507f3ea34692\" alt=\"\" \/><\/p>\n<div class=\"gallery-i-caption\"><\/div>\n<\/div>\n<div class=\"gallery-i\"><img src=\"https:\/\/cdn.oxu.az\/uploads\/W1siZiIsIjIwMjEvMTAvMjYvMjEvMjQvNTYvYzMxMjE3ZjMtZTU5ZS00ZjVkLThlNjAtZWE3ZjliZGViOTI5LzE2MzUyNjc1MzI1MDAxNTE0NjA2XzEwMDB4NjY5LmpwZyJdLFsicCIsImVuY29kZSIsImpwZyIsIi1xdWFsaXR5IDgwIl0sWyJwIiwidGh1bWIiLCI1OTB4NTkwXHUwMDNlIl1d?sha=d3d8d558fbca0a52\" alt=\"\" \/><\/p>\n<div class=\"gallery-i-caption\"><\/div>\n<\/div>\n<div class=\"gallery-i\"><img src=\"https:\/\/cdn.oxu.az\/uploads\/W1siZiIsIjIwMjEvMTAvMjYvMjEvMjQvNTcvY2RmYTVhZWItY2JkZS00ODFlLWI5NWItZTNjMWRjYWVmMWY1LzE2MzUyNjc1MzI0MjI0NTI3MDBfMTAwMHg2NjkuanBnIl0sWyJwIiwiZW5jb2RlIiwianBnIiwiLXF1YWxpdHkgODAiXSxbInAiLCJ0aHVtYiIsIjU5MHg1OTBcdTAwM2UiXV0?sha=e60b335122822214\" alt=\"\" \/><\/p>\n<div class=\"gallery-i-caption\"><\/div>\n<\/div>\n<div class=\"gallery-i\"><img src=\"https:\/\/cdn.oxu.az\/uploads\/W1siZiIsIjIwMjEvMTAvMjYvMjEvMjQvNTcvMTZkMWEwOWYtOTlhMy00ZjY5LThjMjUtYTY0Yzc4NDhkZGRhLzE2MzUyNjc1MzIzMzQxMTQ1OTQ2XzEwMDB4NjY5LmpwZyJdLFsicCIsImVuY29kZSIsImpwZyIsIi1xdWFsaXR5IDgwIl0sWyJwIiwidGh1bWIiLCI1OTB4NTkwXHUwMDNlIl1d?sha=06f8461c7bb351f3\" alt=\"\" \/><\/p>\n<div class=\"gallery-i-caption\"><\/div>\n<\/div>\n<div class=\"gallery-i\"><img src=\"https:\/\/cdn.oxu.az\/uploads\/W1siZiIsIjIwMjEvMTAvMjYvMjEvMjQvNTcvMWUyNDI4MzAtYzI5OC00Yjc0LWIzYzQtMmViMGZkYmYxNWQzLzE2MzUyNjc1MzI1ODE2MzU0MDA5XzEwMDB4NjY5LmpwZyJdLFsicCIsImVuY29kZSIsImpwZyIsIi1xdWFsaXR5IDgwIl0sWyJwIiwidGh1bWIiLCI1OTB4NTkwXHUwMDNlIl1d?sha=108bdec61c303c95\" alt=\"\" \/><\/p>\n<div class=\"gallery-i-caption\"><\/div>\n<\/div>\n<div class=\"gallery-i\"><img src=\"https:\/\/cdn.oxu.az\/uploads\/W1siZiIsIjIwMjEvMTAvMjYvMjEvMjQvNTcvNDk3MWVmYTktYjllOC00OThlLTg1YzgtNTY4ODllNGVmNjRmLzE2MzUyNjc1MzI2MDU2NzU2NTQzXzEwMDB4NjY5LmpwZyJdLFsicCIsImVuY29kZSIsImpwZyIsIi1xdWFsaXR5IDgwIl0sWyJwIiwidGh1bWIiLCI1OTB4NTkwXHUwMDNlIl1d?sha=2d9d7f521567efbb\" alt=\"\" \/><\/p>\n<div class=\"gallery-i-caption\"><\/div>\n<\/div>\n<div class=\"gallery-i\"><img src=\"https:\/\/cdn.oxu.az\/uploads\/W1siZiIsIjIwMjEvMTAvMjYvMjEvMjQvNTcvY2UwMzJkYTgtMWFkMS00MWMwLWExYmItMjIzNDU4NWE2MjY2LzE2MzUyNjc1MzI1MTQ2OTQ5MzA2XzEwMDB4NjY5LmpwZyJdLFsicCIsImVuY29kZSIsImpwZyIsIi1xdWFsaXR5IDgwIl0sWyJwIiwidGh1bWIiLCI1OTB4NTkwXHUwMDNlIl1d?sha=05d81683f468799e\" alt=\"\" \/><\/div>\n<\/div>\n","protected":false},"excerpt":{"rendered":"<p>Oktyabr\u0131n 26-da Z\u0259ngilan\u0131n A\u011fal\u0131 k\u0259ndind\u0259 Az\u0259rbaycan Respublikas\u0131n\u0131n Prezidenti \u0130lham \u018fliyev v\u0259 T\u00fcrkiy\u0259 Respublikas\u0131n\u0131n Prezidenti R\u0259c\u0259b Tayyib \u018frdo\u011fan m\u0259tbuata birg\u0259 b\u0259yanatlarla \u00e7\u0131x\u0131\u015f edibl\u0259r. AZ\u018fRTAC\u00a0x\u0259b\u0259r verir ki, \u0259vv\u0259lc\u0259 d\u00f6vl\u0259timizin ba\u015f\u00e7\u0131s\u0131 b\u0259yanatla \u00e7\u0131x\u0131\u015f edib. Prezident \u0130lham \u018fliyevin b\u0259yanat\u0131 -H\u00f6rm\u0259tli c\u0259nab Prezident, \u018fziz qarda\u015f\u0131m. H\u00f6rm\u0259tli qonaqlar, xan\u0131mlar v\u0259 c\u0259nablar. \u0130lk n\u00f6vb\u0259d\u0259, \u018fziz qarda\u015f\u0131m, Sizi bir daha salamlay\u0131ram. Az\u0259rbaycana xo\u015f g\u0259lmisiniz. Sizin s\u0259f\u0259rinizin \u00e7ox b\u00f6y\u00fck \u00f6n\u0259mi var. Siz i\u015f\u011faldan azad edilmi\u015f torpaqlara ikinci d\u0259f\u0259dir ki, s\u0259f\u0259r edirsiniz. D\u00f6rd ay bundan \u0259vv\u0259l Sizinl\u0259 b\u0259rab\u0259r \u015eu\u015fa \u015f\u0259h\u0259rind\u0259 olmu\u015fuq, bu g\u00fcn is\u0259 F\u00fczulid\u0259 v\u0259 Z\u0259ngilanday\u0131q. \u015eu\u015fa \u015f\u0259h\u0259rind\u0259 imzalanan&hellip;<\/p>\n","protected":false},"author":2,"featured_media":395980,"comment_status":"closed","ping_status":"closed","sticky":false,"template":"","format":"standard","meta":{"om_disable_all_campaigns":false,"_monsterinsights_skip_tracking":false,"_monsterinsights_sitenote_active":false,"_monsterinsights_sitenote_note":"","_monsterinsights_sitenote_category":0},"categories":[4],"tags":[],"aioseo_notices":[],"gutentor_comment":0,"rttpg_featured_image_url":{"full":["https:\/\/arantv.az\/wp-content\/uploads\/2021\/10\/FotoJet-75.jpg",620,413,false],"landscape":["https:\/\/arantv.az\/wp-content\/uploads\/2021\/10\/FotoJet-75.jpg",620,413,false],"portraits":["https:\/\/arantv.az\/wp-content\/uploads\/2021\/10\/FotoJet-75.jpg",620,413,false],"thumbnail":["https:\/\/arantv.az\/wp-content\/uploads\/2021\/10\/FotoJet-75-500x280.jpg",500,280,true],"medium":["https:\/\/arantv.az\/wp-content\/uploads\/2021\/10\/FotoJet-75-548x365.jpg",548,365,true],"large":["https:\/\/arantv.az\/wp-content\/uploads\/2021\/10\/FotoJet-75.jpg",620,413,false],"1536x1536":["https:\/\/arantv.az\/wp-content\/uploads\/2021\/10\/FotoJet-75.jpg",620,413,false],"2048x2048":["https:\/\/arantv.az\/wp-content\/uploads\/2021\/10\/FotoJet-75.jpg",620,413,false],"post-thumbnail":["https:\/\/arantv.az\/wp-content\/uploads\/2021\/10\/FotoJet-75-240x172.jpg",240,172,true],"advps-thumb-one":["https:\/\/arantv.az\/wp-content\/uploads\/2021\/10\/FotoJet-75.jpg",620,413,false]},"rttpg_author":{"display_name":"V\u00fcsal Rafiqo\u011flu","author_link":"https:\/\/arantv.az\/?author=2"},"rttpg_comment":0,"rttpg_category":"<a href=\"https:\/\/arantv.az\/?cat=4\" rel=\"category\">Siyas\u0259t<\/a>","rttpg_excerpt":"Oktyabr\u0131n 26-da Z\u0259ngilan\u0131n A\u011fal\u0131 k\u0259ndind\u0259 Az\u0259rbaycan Respublikas\u0131n\u0131n Prezidenti \u0130lham \u018fliyev v\u0259 T\u00fcrkiy\u0259 Respublikas\u0131n\u0131n Prezidenti R\u0259c\u0259b Tayyib \u018frdo\u011fan m\u0259tbuata birg\u0259 b\u0259yanatlarla \u00e7\u0131x\u0131\u015f edibl\u0259r. AZ\u018fRTAC\u00a0x\u0259b\u0259r verir ki, \u0259vv\u0259lc\u0259 d\u00f6vl\u0259timizin ba\u015f\u00e7\u0131s\u0131 b\u0259yanatla \u00e7\u0131x\u0131\u015f edib. Prezident \u0130lham \u018fliyevin b\u0259yanat\u0131 -H\u00f6rm\u0259tli c\u0259nab Prezident, \u018fziz qarda\u015f\u0131m. H\u00f6rm\u0259tli qonaqlar, xan\u0131mlar v\u0259 c\u0259nablar. \u0130lk n\u00f6vb\u0259d\u0259, \u018fziz qarda\u015f\u0131m, Sizi bir daha salamlay\u0131ram. Az\u0259rbaycana xo\u015f&hellip;","_links":{"self":[{"href":"https:\/\/arantv.az\/index.php?rest_route=\/wp\/v2\/posts\/395979"}],"collection":[{"href":"https:\/\/arantv.az\/index.php?rest_route=\/wp\/v2\/posts"}],"about":[{"href":"https:\/\/arantv.az\/index.php?rest_route=\/wp\/v2\/types\/post"}],"author":[{"embeddable":true,"href":"https:\/\/arantv.az\/index.php?rest_route=\/wp\/v2\/users\/2"}],"replies":[{"embeddable":true,"href":"https:\/\/arantv.az\/index.php?rest_route=%2Fwp%2Fv2%2Fcomments&post=395979"}],"version-history":[{"count":0,"href":"https:\/\/arantv.az\/index.php?rest_route=\/wp\/v2\/posts\/395979\/revisions"}],"wp:featuredmedia":[{"embeddable":true,"href":"https:\/\/arantv.az\/index.php?rest_route=\/wp\/v2\/media\/395980"}],"wp:attachment":[{"href":"https:\/\/arantv.az\/index.php?rest_route=%2Fwp%2Fv2%2Fmedia&parent=395979"}],"wp:term":[{"taxonomy":"category","embeddable":true,"href":"https:\/\/arantv.az\/index.php?rest_route=%2Fwp%2Fv2%2Fcategories&post=395979"},{"taxonomy":"post_tag","embeddable":true,"href":"https:\/\/arantv.az\/index.php?rest_route=%2Fwp%2Fv2%2Ftags&post=395979"}],"curies":[{"name":"wp","href":"https:\/\/api.w.org\/{rel}","templated":true}]}}