{"id":396030,"date":"2021-10-27T08:15:03","date_gmt":"2021-10-27T05:15:03","guid":{"rendered":"http:\/\/arantv.az\/?p=396030"},"modified":"2021-10-27T08:15:03","modified_gmt":"2021-10-27T05:15:03","slug":"zakir-h%c9%99s%c9%99nov-hulusi-akar-il%c9%99-gorusdu","status":"publish","type":"post","link":"https:\/\/arantv.az\/?p=396030","title":{"rendered":"Zakir H\u0259s\u0259nov Hulusi Akar il\u0259 g\u00f6r\u00fc\u015fd\u00fc"},"content":{"rendered":"<p>T\u00fcrkiy\u0259 Respublikas\u0131n\u0131n Prezidenti R\u0259c\u0259b Tayyib \u018frdo\u011fan\u0131n Az\u0259rbaycan Respublikas\u0131na r\u0259smi s\u0259f\u0259ri \u00e7\u0259r\u00e7iv\u0259sind\u0259 m\u00fcdafi\u0259 naziri general-polkovnik Zakir H\u0259s\u0259nov Z\u0259ngilan rayonunda T\u00fcrkiy\u0259nin milli m\u00fcdafi\u0259 naziri Hulusi Akar il\u0259 g\u00f6r\u00fc\u015f\u00fcb.<\/p>\n<p>&nbsp;<\/p>\n<p>Nazirlikd\u0259n bildirilib ki, general-polkovnik Z.H\u0259s\u0259nov h\u0259mkar\u0131 il\u0259 azad edilmi\u015f Z\u0259ngilanda g\u00f6r\u00fc\u015fd\u0259n m\u0259mnun oldu\u011funu qeyd ed\u0259r\u0259k V\u0259t\u0259n m\u00fcharib\u0259sind\u0259 qarda\u015f T\u00fcrkiy\u0259nin g\u00f6st\u0259rdiyi m\u0259n\u0259vi d\u0259st\u0259y\u0259 g\u00f6r\u0259 \u00f6z minn\u0259tdarl\u0131\u011f\u0131n\u0131 ifad\u0259 edib. M\u00fcdafi\u0259 naziri qar\u015f\u0131l\u0131ql\u0131 inam, etimad v\u0259 d\u0259st\u0259y\u0259 \u0259saslanan t\u0259r\u0259fda\u015fl\u0131\u011f\u0131n bundan sonra da inki\u015faf etdiril\u0259c\u0259yin\u0259 v\u0259 m\u00f6hk\u0259ml\u0259n\u0259c\u0259yin\u0259 \u0259minliyini bildirib.<\/p>\n<p>&nbsp;<\/p>\n<p>H.Akar da \u00f6z n\u00f6vb\u0259sind\u0259 bel\u0259 bir tarixi g\u00f6r\u00fc\u015f\u00fcn \u0259h\u0259miyy\u0259tini vur\u011fulayaraq strateji m\u00fctt\u0259fiqliyin dostluq v\u0259 qarda\u015fl\u0131q m\u00fcnasib\u0259tl\u0259ri \u00fcz\u0259rind\u0259 quruldu\u011funu qeyd edib.<\/p>\n<p>&nbsp;<\/p>\n<p>G\u00f6r\u00fc\u015fd\u0259 h\u0259rbi, h\u0259rbi-texniki, h\u0259rbi-t\u0259hsil v\u0259 dig\u0259r sah\u0259l\u0259rd\u0259 \u0259m\u0259kda\u015fl\u0131\u011f\u0131n inki\u015faf perspektivl\u0259ri d\u0259 m\u00fczakir\u0259 olunub.<\/p>\n<p>&nbsp;<\/p>\n<p>&nbsp;<\/p>\n","protected":false},"excerpt":{"rendered":"<p>T\u00fcrkiy\u0259 Respublikas\u0131n\u0131n Prezidenti R\u0259c\u0259b Tayyib \u018frdo\u011fan\u0131n Az\u0259rbaycan Respublikas\u0131na r\u0259smi s\u0259f\u0259ri \u00e7\u0259r\u00e7iv\u0259sind\u0259 m\u00fcdafi\u0259 naziri general-polkovnik Zakir H\u0259s\u0259nov Z\u0259ngilan rayonunda T\u00fcrkiy\u0259nin milli m\u00fcdafi\u0259 naziri Hulusi Akar il\u0259 g\u00f6r\u00fc\u015f\u00fcb. &nbsp; Nazirlikd\u0259n bildirilib ki, general-polkovnik Z.H\u0259s\u0259nov h\u0259mkar\u0131 il\u0259 azad edilmi\u015f Z\u0259ngilanda g\u00f6r\u00fc\u015fd\u0259n m\u0259mnun oldu\u011funu qeyd ed\u0259r\u0259k V\u0259t\u0259n m\u00fcharib\u0259sind\u0259 qarda\u015f T\u00fcrkiy\u0259nin g\u00f6st\u0259rdiyi m\u0259n\u0259vi d\u0259st\u0259y\u0259 g\u00f6r\u0259 \u00f6z minn\u0259tdarl\u0131\u011f\u0131n\u0131 ifad\u0259 edib. M\u00fcdafi\u0259 naziri qar\u015f\u0131l\u0131ql\u0131 inam, etimad v\u0259 d\u0259st\u0259y\u0259 \u0259saslanan t\u0259r\u0259fda\u015fl\u0131\u011f\u0131n bundan sonra da inki\u015faf etdiril\u0259c\u0259yin\u0259 v\u0259 m\u00f6hk\u0259ml\u0259n\u0259c\u0259yin\u0259 \u0259minliyini bildirib. &nbsp; H.Akar da \u00f6z n\u00f6vb\u0259sind\u0259 bel\u0259 bir tarixi g\u00f6r\u00fc\u015f\u00fcn \u0259h\u0259miyy\u0259tini vur\u011fulayaraq strateji m\u00fctt\u0259fiqliyin dostluq v\u0259 qarda\u015fl\u0131q m\u00fcnasib\u0259tl\u0259ri \u00fcz\u0259rind\u0259&hellip;<\/p>\n","protected":false},"author":2,"featured_media":396031,"comment_status":"closed","ping_status":"closed","sticky":false,"template":"","format":"standard","meta":{"om_disable_all_campaigns":false,"_monsterinsights_skip_tracking":false,"_monsterinsights_sitenote_active":false,"_monsterinsights_sitenote_note":"","_monsterinsights_sitenote_category":0},"categories":[4],"tags":[],"aioseo_notices":[],"gutentor_comment":0,"rttpg_featured_image_url":{"full":["https:\/\/arantv.az\/wp-content\/uploads\/2021\/10\/4a7910d1-e4a1-4848-83f8-ee0d0d6e1e99.jpg",620,413,false],"landscape":["https:\/\/arantv.az\/wp-content\/uploads\/2021\/10\/4a7910d1-e4a1-4848-83f8-ee0d0d6e1e99.jpg",620,413,false],"portraits":["https:\/\/arantv.az\/wp-content\/uploads\/2021\/10\/4a7910d1-e4a1-4848-83f8-ee0d0d6e1e99.jpg",620,413,false],"thumbnail":["https:\/\/arantv.az\/wp-content\/uploads\/2021\/10\/4a7910d1-e4a1-4848-83f8-ee0d0d6e1e99-500x280.jpg",500,280,true],"medium":["https:\/\/arantv.az\/wp-content\/uploads\/2021\/10\/4a7910d1-e4a1-4848-83f8-ee0d0d6e1e99-548x365.jpg",548,365,true],"large":["https:\/\/arantv.az\/wp-content\/uploads\/2021\/10\/4a7910d1-e4a1-4848-83f8-ee0d0d6e1e99.jpg",620,413,false],"1536x1536":["https:\/\/arantv.az\/wp-content\/uploads\/2021\/10\/4a7910d1-e4a1-4848-83f8-ee0d0d6e1e99.jpg",620,413,false],"2048x2048":["https:\/\/arantv.az\/wp-content\/uploads\/2021\/10\/4a7910d1-e4a1-4848-83f8-ee0d0d6e1e99.jpg",620,413,false],"post-thumbnail":["https:\/\/arantv.az\/wp-content\/uploads\/2021\/10\/4a7910d1-e4a1-4848-83f8-ee0d0d6e1e99-240x172.jpg",240,172,true],"advps-thumb-one":["https:\/\/arantv.az\/wp-content\/uploads\/2021\/10\/4a7910d1-e4a1-4848-83f8-ee0d0d6e1e99.jpg",620,413,false]},"rttpg_author":{"display_name":"V\u00fcsal Rafiqo\u011flu","author_link":"https:\/\/arantv.az\/?author=2"},"rttpg_comment":0,"rttpg_category":"<a href=\"https:\/\/arantv.az\/?cat=4\" rel=\"category\">Siyas\u0259t<\/a>","rttpg_excerpt":"T\u00fcrkiy\u0259 Respublikas\u0131n\u0131n Prezidenti R\u0259c\u0259b Tayyib \u018frdo\u011fan\u0131n Az\u0259rbaycan Respublikas\u0131na r\u0259smi s\u0259f\u0259ri \u00e7\u0259r\u00e7iv\u0259sind\u0259 m\u00fcdafi\u0259 naziri general-polkovnik Zakir H\u0259s\u0259nov Z\u0259ngilan rayonunda T\u00fcrkiy\u0259nin milli m\u00fcdafi\u0259 naziri Hulusi Akar il\u0259 g\u00f6r\u00fc\u015f\u00fcb. &nbsp; Nazirlikd\u0259n bildirilib ki, general-polkovnik Z.H\u0259s\u0259nov h\u0259mkar\u0131 il\u0259 azad edilmi\u015f Z\u0259ngilanda g\u00f6r\u00fc\u015fd\u0259n m\u0259mnun oldu\u011funu qeyd ed\u0259r\u0259k V\u0259t\u0259n m\u00fcharib\u0259sind\u0259 qarda\u015f T\u00fcrkiy\u0259nin g\u00f6st\u0259rdiyi m\u0259n\u0259vi d\u0259st\u0259y\u0259 g\u00f6r\u0259 \u00f6z minn\u0259tdarl\u0131\u011f\u0131n\u0131 ifad\u0259 edib. M\u00fcdafi\u0259&hellip;","_links":{"self":[{"href":"https:\/\/arantv.az\/index.php?rest_route=\/wp\/v2\/posts\/396030"}],"collection":[{"href":"https:\/\/arantv.az\/index.php?rest_route=\/wp\/v2\/posts"}],"about":[{"href":"https:\/\/arantv.az\/index.php?rest_route=\/wp\/v2\/types\/post"}],"author":[{"embeddable":true,"href":"https:\/\/arantv.az\/index.php?rest_route=\/wp\/v2\/users\/2"}],"replies":[{"embeddable":true,"href":"https:\/\/arantv.az\/index.php?rest_route=%2Fwp%2Fv2%2Fcomments&post=396030"}],"version-history":[{"count":0,"href":"https:\/\/arantv.az\/index.php?rest_route=\/wp\/v2\/posts\/396030\/revisions"}],"wp:featuredmedia":[{"embeddable":true,"href":"https:\/\/arantv.az\/index.php?rest_route=\/wp\/v2\/media\/396031"}],"wp:attachment":[{"href":"https:\/\/arantv.az\/index.php?rest_route=%2Fwp%2Fv2%2Fmedia&parent=396030"}],"wp:term":[{"taxonomy":"category","embeddable":true,"href":"https:\/\/arantv.az\/index.php?rest_route=%2Fwp%2Fv2%2Fcategories&post=396030"},{"taxonomy":"post_tag","embeddable":true,"href":"https:\/\/arantv.az\/index.php?rest_route=%2Fwp%2Fv2%2Ftags&post=396030"}],"curies":[{"name":"wp","href":"https:\/\/api.w.org\/{rel}","templated":true}]}}