{"id":396033,"date":"2021-10-27T08:22:29","date_gmt":"2021-10-27T05:22:29","guid":{"rendered":"http:\/\/arantv.az\/?p=396033"},"modified":"2021-10-27T08:22:29","modified_gmt":"2021-10-27T05:22:29","slug":"jal%c9%99-%c9%99hm%c9%99dova-qubadlinin-isgaldan-azad-edilm%c9%99si-muharib%c9%99nin-taleyin%c9%99-boyuk-t%c9%99sir-gost%c9%99rdi","status":"publish","type":"post","link":"https:\/\/arantv.az\/?p=396033","title":{"rendered":"Jal\u0259 \u018fhm\u0259dova: Qubadl\u0131n\u0131n i\u015f\u011faldan azad edilm\u0259si m\u00fcharib\u0259nin taleyin\u0259 b\u00f6y\u00fck t\u0259sir g\u00f6st\u0259rdi"},"content":{"rendered":"<p>Az\u0259rbaycan Respublikas\u0131n\u0131n Prezidenti \u0130lham \u018fliyev v\u0259 birinci xan\u0131m Mehriban \u018fliyeva oktyabr\u0131n 25-d\u0259 Qubadl\u0131 \u015f\u0259h\u0259rinin i\u015f\u011faldan azad olunmas\u0131n\u0131n ild\u00f6n\u00fcm\u00fc m\u00fcnasib\u0259til\u0259 Qubadl\u0131 rayon ictimaiyy\u0259tinin n\u00fcmay\u0259nd\u0259l\u0259ri il\u0259 g\u00f6r\u00fc\u015fd\u00fcl\u0259r. Bildirm\u0259k ist\u0259yir\u0259m ki, Qubadl\u0131n\u0131n azad olunmas\u0131 m\u00fcharib\u0259nin gedi\u015fat\u0131nda \u00e7ox m\u00fch\u00fcm hadis\u0259 idi. \u00c7\u00fcnki Qubadl\u0131 azad olunandan sonra La\u00e7\u0131n istiqam\u0259tind\u0259 yolumuz a\u00e7\u0131ld\u0131 v\u0259 q\u0131sa m\u00fcdd\u0259td\u0259 La\u00e7\u0131n\u0131n c\u0259nub hiss\u0259sind\u0259 yerl\u0259\u015f\u0259n \u0259razil\u0259rimizi d\u0259 azad etdik. Bel\u0259likl\u0259 d\u0259 La\u00e7\u0131n d\u0259hlizi bizim n\u0259zar\u0259timiz\u0259 ke\u00e7di v\u0259 bu, m\u00fcharib\u0259nin taleyinin h\u0259ll edilm\u0259si dem\u0259k idi.<\/p>\n<p>&nbsp;<\/p>\n<p>ARANTV.AZ\u00a0 x\u0259b\u0259r verir ki, bu s\u00f6zl\u0259ri AZ\u018fRTAC-a a\u00e7\u0131qlamas\u0131nda Milli M\u0259clisin deputat\u0131 Jal\u0259 \u018fhm\u0259dova deyib.<\/p>\n<p>&nbsp;<\/p>\n<p>Deputat bildirib ki, Qubadl\u0131 rayonunun i\u015f\u011fal\u0131 n\u0259tic\u0259sind\u0259 94 ya\u015fay\u0131\u015f m\u0259nt\u0259q\u0259si, 7278 f\u0259rdi ya\u015fay\u0131\u015f evi, 64 inzibati bina, 148 sosial obyekt, 161 m\u0259d\u0259niyy\u0259t obyekti, 7 m\u0259scid, 16 k\u00f6rp\u00fc da\u011f\u0131d\u0131lm\u0131\u015f v\u0259 yarars\u0131z v\u0259ziyy\u0259t\u0259 sal\u0131nm\u0131\u015fd\u0131r.<\/p>\n<p>&nbsp;<\/p>\n<p>\u201cQubadl\u0131 rayonunun azad edilm\u0259si \u0259m\u0259liyyat\u0131 bir ne\u00e7\u0259 g\u00fcn \u00e7\u0259kdi. Erm\u0259nil\u0259r \u015f\u0259h\u0259rd\u0259 g\u00fccl\u00fc istehkamlar qurmu\u015f, y\u00fcks\u0259klikl\u0259rd\u0259 yerl\u0259\u015fmi\u015fdil\u0259r. Qubadl\u0131n\u0131 azad etm\u0259k \u00fc\u00e7\u00fcn, ilk olaraq y\u00fcks\u0259klikl\u0259r g\u00f6t\u00fcr\u00fclm\u0259li idi. \u00c7\u00fcnki d\u00fc\u015fm\u0259n bu y\u00fcks\u0259klikl\u0259rd\u0259n m\u00fcnt\u0259z\u0259m olaraq h\u0259rb\u00e7il\u0259rimiz\u0259 at\u0259\u015f a\u00e7\u0131rd\u0131. Bel\u0259 \u00e7\u0259tin \u015f\u0259raitd\u0259 h\u0259yata ke\u00e7iril\u0259n Qubadl\u0131 \u0259m\u0259liyyat\u0131 x\u00fcsusi pe\u015f\u0259karl\u0131q v\u0259 q\u0259hr\u0259manl\u0131q t\u0259l\u0259b edirdi. Az\u0259rbaycan Ordusu bu pe\u015f\u0259karl\u0131\u011f\u0131 v\u0259 q\u0259hr\u0259manl\u0131\u011f\u0131 g\u00f6st\u0259r\u0259r\u0259k \u0259vv\u0259lc\u0259 \u015f\u0259h\u0259r\u0259 n\u0259zar\u0259t ed\u0259n y\u00fcks\u0259klikl\u0259ri azad etdi, sonra is\u0259 \u0259trafdak\u0131 k\u0259ndl\u0259r, Xanl\u0131q q\u0259s\u0259b\u0259si v\u0259 n\u0259hay\u0259t, Qubadl\u0131 \u015f\u0259h\u0259ri d\u00fc\u015fm\u0259nd\u0259n t\u0259mizl\u0259ndi. Xaricd\u0259n g\u0259tiril\u0259n erm\u0259nil\u0259r burada qanunsuz yollarla Xanl\u0131q q\u0259s\u0259b\u0259sind\u0259 yerl\u0259\u015fdirilmi\u015fdil\u0259r ki, bu da erm\u0259nil\u0259rin h\u0259rbi cinay\u0259tl\u0259rind\u0259n biri idi. \u00c7\u00fcnki Cenevr\u0259 konvensiyalar\u0131na g\u00f6r\u0259 i\u015f\u011fal edilmi\u015f torpaqlarda qanunsuz m\u0259skunla\u015fma aparan \u00f6lk\u0259 cinay\u0259t t\u00f6r\u0259tmi\u015f say\u0131l\u0131r. 2020-ci il dekabr\u0131n 23-d\u0259 Prezident \u0130lham \u018fliyev Qubadl\u0131da Az\u0259rbaycan bayra\u011f\u0131n\u0131 ucaltd\u0131. Qubadl\u0131 \u015f\u0259h\u0259rinin azad edilm\u0259si V\u0259t\u0259n m\u00fcharib\u0259sinin gedi\u015find\u0259 \u00e7ox \u00f6n\u0259mli hadis\u0259 olmaqla yana\u015f\u0131, b\u00f6y\u00fck Q\u0259l\u0259b\u0259mizi daha da yax\u0131nla\u015fd\u0131rd\u0131. Qubadl\u0131 u\u011frunda ged\u0259n \u015fidd\u0259tli d\u00f6y\u00fc\u015fl\u0259rd\u0259 xalq\u0131m\u0131z \u015f\u0259hidl\u0259r verdi. 2020-ci il noyabr\u0131n 26-da \u201cQubadl\u0131n\u0131n azad olunmas\u0131na g\u00f6r\u0259\u201d medal\u0131 t\u0259sis edil\u0259r\u0259k Qubadl\u0131 rayonunun i\u015f\u011faldan azad edilm\u0259si u\u011frunda apar\u0131lm\u0131\u015f d\u00f6y\u00fc\u015f \u0259m\u0259liyyatlar\u0131nda i\u015ftirak ed\u0259r\u0259k \u015f\u0259xsi igidlik v\u0259 \u015f\u00fcca\u0259t g\u00f6st\u0259rmi\u015f 15189 h\u0259rbi qulluq\u00e7umuz Az\u0259rbaycan Respublikas\u0131 Prezidentinin m\u00fcvafiq s\u0259r\u0259ncamlar\u0131 il\u0259 bu medalla t\u0259ltif edildil\u0259r. H\u0259min tarixi g\u00fcnd\u0259n 1 il vaxt ke\u00e7s\u0259 d\u0259, h\u0259r bir az\u0259rbaycanl\u0131 o h\u0259y\u0259canl\u0131 g\u00fcnl\u0259ri yax\u015f\u0131 xat\u0131rlay\u0131r. 2020-ci ilin 25 oktyabr g\u00fcn\u00fc Az\u0259rbaycan xalq\u0131n\u0131n tarixin\u0259 q\u0131z\u0131l h\u0259rfl\u0259rl\u0259 h\u0259kk olunmu\u015f hadis\u0259 kimi daim yadda\u015flarda ya\u015fayacaq\u201d<\/p>\n<p>&nbsp;<\/p>\n<p>&nbsp;<\/p>\n","protected":false},"excerpt":{"rendered":"<p>Az\u0259rbaycan Respublikas\u0131n\u0131n Prezidenti \u0130lham \u018fliyev v\u0259 birinci xan\u0131m Mehriban \u018fliyeva oktyabr\u0131n 25-d\u0259 Qubadl\u0131 \u015f\u0259h\u0259rinin i\u015f\u011faldan azad olunmas\u0131n\u0131n ild\u00f6n\u00fcm\u00fc m\u00fcnasib\u0259til\u0259 Qubadl\u0131 rayon ictimaiyy\u0259tinin n\u00fcmay\u0259nd\u0259l\u0259ri il\u0259 g\u00f6r\u00fc\u015fd\u00fcl\u0259r. Bildirm\u0259k ist\u0259yir\u0259m ki, Qubadl\u0131n\u0131n azad olunmas\u0131 m\u00fcharib\u0259nin gedi\u015fat\u0131nda \u00e7ox m\u00fch\u00fcm hadis\u0259 idi. \u00c7\u00fcnki Qubadl\u0131 azad olunandan sonra La\u00e7\u0131n istiqam\u0259tind\u0259 yolumuz a\u00e7\u0131ld\u0131 v\u0259 q\u0131sa m\u00fcdd\u0259td\u0259 La\u00e7\u0131n\u0131n c\u0259nub hiss\u0259sind\u0259 yerl\u0259\u015f\u0259n \u0259razil\u0259rimizi d\u0259 azad etdik. Bel\u0259likl\u0259 d\u0259 La\u00e7\u0131n d\u0259hlizi bizim n\u0259zar\u0259timiz\u0259 ke\u00e7di v\u0259 bu, m\u00fcharib\u0259nin taleyinin h\u0259ll edilm\u0259si dem\u0259k idi. &nbsp; ARANTV.AZ\u00a0 x\u0259b\u0259r verir ki, bu s\u00f6zl\u0259ri AZ\u018fRTAC-a a\u00e7\u0131qlamas\u0131nda Milli M\u0259clisin deputat\u0131 Jal\u0259 \u018fhm\u0259dova deyib. &nbsp; Deputat bildirib&hellip;<\/p>\n","protected":false},"author":2,"featured_media":396034,"comment_status":"closed","ping_status":"closed","sticky":false,"template":"","format":"standard","meta":{"om_disable_all_campaigns":false,"_monsterinsights_skip_tracking":false,"_monsterinsights_sitenote_active":false,"_monsterinsights_sitenote_note":"","_monsterinsights_sitenote_category":0},"categories":[4],"tags":[],"aioseo_notices":[],"gutentor_comment":0,"rttpg_featured_image_url":{"full":["https:\/\/arantv.az\/wp-content\/uploads\/2021\/10\/cd506ab116348037644539867651078933.jpg",975,540,false],"landscape":["https:\/\/arantv.az\/wp-content\/uploads\/2021\/10\/cd506ab116348037644539867651078933.jpg",975,540,false],"portraits":["https:\/\/arantv.az\/wp-content\/uploads\/2021\/10\/cd506ab116348037644539867651078933.jpg",975,540,false],"thumbnail":["https:\/\/arantv.az\/wp-content\/uploads\/2021\/10\/cd506ab116348037644539867651078933-500x280.jpg",500,280,true],"medium":["https:\/\/arantv.az\/wp-content\/uploads\/2021\/10\/cd506ab116348037644539867651078933-660x365.jpg",660,365,true],"large":["https:\/\/arantv.az\/wp-content\/uploads\/2021\/10\/cd506ab116348037644539867651078933-840x465.jpg",640,354,true],"1536x1536":["https:\/\/arantv.az\/wp-content\/uploads\/2021\/10\/cd506ab116348037644539867651078933.jpg",975,540,false],"2048x2048":["https:\/\/arantv.az\/wp-content\/uploads\/2021\/10\/cd506ab116348037644539867651078933.jpg",975,540,false],"post-thumbnail":["https:\/\/arantv.az\/wp-content\/uploads\/2021\/10\/cd506ab116348037644539867651078933-240x172.jpg",240,172,true],"advps-thumb-one":["https:\/\/arantv.az\/wp-content\/uploads\/2021\/10\/cd506ab116348037644539867651078933.jpg",975,540,false]},"rttpg_author":{"display_name":"V\u00fcsal Rafiqo\u011flu","author_link":"https:\/\/arantv.az\/?author=2"},"rttpg_comment":0,"rttpg_category":"<a href=\"https:\/\/arantv.az\/?cat=4\" rel=\"category\">Siyas\u0259t<\/a>","rttpg_excerpt":"Az\u0259rbaycan Respublikas\u0131n\u0131n Prezidenti \u0130lham \u018fliyev v\u0259 birinci xan\u0131m Mehriban \u018fliyeva oktyabr\u0131n 25-d\u0259 Qubadl\u0131 \u015f\u0259h\u0259rinin i\u015f\u011faldan azad olunmas\u0131n\u0131n ild\u00f6n\u00fcm\u00fc m\u00fcnasib\u0259til\u0259 Qubadl\u0131 rayon ictimaiyy\u0259tinin n\u00fcmay\u0259nd\u0259l\u0259ri il\u0259 g\u00f6r\u00fc\u015fd\u00fcl\u0259r. Bildirm\u0259k ist\u0259yir\u0259m ki, Qubadl\u0131n\u0131n azad olunmas\u0131 m\u00fcharib\u0259nin gedi\u015fat\u0131nda \u00e7ox m\u00fch\u00fcm hadis\u0259 idi. \u00c7\u00fcnki Qubadl\u0131 azad olunandan sonra La\u00e7\u0131n istiqam\u0259tind\u0259 yolumuz a\u00e7\u0131ld\u0131 v\u0259 q\u0131sa m\u00fcdd\u0259td\u0259 La\u00e7\u0131n\u0131n c\u0259nub hiss\u0259sind\u0259 yerl\u0259\u015f\u0259n \u0259razil\u0259rimizi d\u0259&hellip;","_links":{"self":[{"href":"https:\/\/arantv.az\/index.php?rest_route=\/wp\/v2\/posts\/396033"}],"collection":[{"href":"https:\/\/arantv.az\/index.php?rest_route=\/wp\/v2\/posts"}],"about":[{"href":"https:\/\/arantv.az\/index.php?rest_route=\/wp\/v2\/types\/post"}],"author":[{"embeddable":true,"href":"https:\/\/arantv.az\/index.php?rest_route=\/wp\/v2\/users\/2"}],"replies":[{"embeddable":true,"href":"https:\/\/arantv.az\/index.php?rest_route=%2Fwp%2Fv2%2Fcomments&post=396033"}],"version-history":[{"count":0,"href":"https:\/\/arantv.az\/index.php?rest_route=\/wp\/v2\/posts\/396033\/revisions"}],"wp:featuredmedia":[{"embeddable":true,"href":"https:\/\/arantv.az\/index.php?rest_route=\/wp\/v2\/media\/396034"}],"wp:attachment":[{"href":"https:\/\/arantv.az\/index.php?rest_route=%2Fwp%2Fv2%2Fmedia&parent=396033"}],"wp:term":[{"taxonomy":"category","embeddable":true,"href":"https:\/\/arantv.az\/index.php?rest_route=%2Fwp%2Fv2%2Fcategories&post=396033"},{"taxonomy":"post_tag","embeddable":true,"href":"https:\/\/arantv.az\/index.php?rest_route=%2Fwp%2Fv2%2Ftags&post=396033"}],"curies":[{"name":"wp","href":"https:\/\/api.w.org\/{rel}","templated":true}]}}