{"id":396036,"date":"2021-10-27T08:33:08","date_gmt":"2021-10-27T05:33:08","guid":{"rendered":"http:\/\/arantv.az\/?p=396036"},"modified":"2021-10-27T08:33:08","modified_gmt":"2021-10-27T05:33:08","slug":"qanunsuz-ova-gor%c9%99-7-min-manatliq-c%c9%99rim%c9%99","status":"publish","type":"post","link":"https:\/\/arantv.az\/?p=396036","title":{"rendered":"Qanunsuz ova g\u00f6r\u0259 7 min manatl\u0131q c\u0259rim\u0259"},"content":{"rendered":"<p>D\u00f6vl\u0259t Ekoloji T\u0259hl\u00fck\u0259sizlik Xidm\u0259tinin \u0259m\u0259kda\u015flar\u0131 t\u0259r\u0259find\u0259n ke\u00e7iril\u0259n n\u00f6vb\u0259ti n\u0259zar\u0259t t\u0259dbirl\u0259ri zaman\u0131 X\u0259z\u0259r d\u0259nizi sahill\u0259rind\u0259 qanunsuz bal\u0131q ovlayan \u015f\u0259xsl\u0259r saxlan\u0131l\u0131b.<\/p>\n<p>&nbsp;<\/p>\n<p>Xidm\u0259t r\u0259smisi B\u0259hruz M\u0259h\u0259mm\u0259dov\u00a0Oxu.Az-a a\u00e7\u0131qlamas\u0131nda bildirib ki, ara\u015fd\u0131rma zaman\u0131 brakonyerl\u0259rin Xa\u00e7maz rayon sakini Ramil Mustafayev v\u0259\u00a0Bak\u0131 \u015f\u0259h\u0259r sakini Kamal Mehtiyev oldu\u011fu m\u00fc\u0259yy\u0259n edilib:<\/p>\n<p>&nbsp;<\/p>\n<p>\u201cFaktla ba\u011fl\u0131 qanun pozucular\u0131 bar\u0259sind\u0259 protokol t\u0259rtib olunub v\u0259 qanunam\u00fcvafiq t\u0259dbirl\u0259r g\u00f6r\u00fcl\u00fcb\u201d.<\/p>\n<p>&nbsp;<\/p>\n<p>B.M\u0259h\u0259mm\u0259dovun s\u00f6zl\u0259rin\u0259 g\u00f6r\u0259, ke\u00e7iril\u0259n n\u0259zar\u0259t t\u0259dbirl\u0259ri zaman\u0131 su h\u00f6vz\u0259l\u0259rind\u0259n \u00fcmumilikd\u0259 560 metr uzunlu\u011funda sintetik tor y\u0131\u011f\u0131\u015fd\u0131r\u0131l\u0131b.<\/p>\n<p>&nbsp;<\/p>\n<p>\u201cEyni zamanda, ayr\u0131-ayr\u0131 rayonlar\u0131n inzibati \u0259razisind\u0259 qanunsuz ov ed\u0259n Masall\u0131 rayon sakinl\u0259ri \u015eiral\u0131 Q\u0259mb\u0259rov, Rasim \u0130smay\u0131lov, Tovuz rayon sakini Nof\u0259l Qurbanov, \u0130mi\u015fli \u015f\u0259h\u0259r sakini Cah\u0259t H\u00fcseynov, Saatl\u0131 rayon sakinl\u0259ri \u0130lqar Qurbanov, La\u00e7\u0131n M\u00fcrs\u0259lov, Yevlax rayon sakini Eldar \u018fliyev saxlan\u0131l\u0131b v\u0259 onlardan istifad\u0259si qada\u011fan olunmu\u015f ov al\u0259tl\u0259ri g\u00f6t\u00fcr\u00fcl\u00fcb. Faktla ba\u011fl\u0131 akt, protokol t\u0259rtib olunub v\u0259 brakonyerl\u0259r \u00fcmumilikd\u0259 7 000 manat m\u0259bl\u0259\u011find\u0259 c\u0259rim\u0259 edilib\u201d, &#8211; dey\u0259 o qeyd edib.<\/p>\n<p>&nbsp;<\/p>\n<p>&nbsp;<\/p>\n","protected":false},"excerpt":{"rendered":"<p>D\u00f6vl\u0259t Ekoloji T\u0259hl\u00fck\u0259sizlik Xidm\u0259tinin \u0259m\u0259kda\u015flar\u0131 t\u0259r\u0259find\u0259n ke\u00e7iril\u0259n n\u00f6vb\u0259ti n\u0259zar\u0259t t\u0259dbirl\u0259ri zaman\u0131 X\u0259z\u0259r d\u0259nizi sahill\u0259rind\u0259 qanunsuz bal\u0131q ovlayan \u015f\u0259xsl\u0259r saxlan\u0131l\u0131b. &nbsp; Xidm\u0259t r\u0259smisi B\u0259hruz M\u0259h\u0259mm\u0259dov\u00a0Oxu.Az-a a\u00e7\u0131qlamas\u0131nda bildirib ki, ara\u015fd\u0131rma zaman\u0131 brakonyerl\u0259rin Xa\u00e7maz rayon sakini Ramil Mustafayev v\u0259\u00a0Bak\u0131 \u015f\u0259h\u0259r sakini Kamal Mehtiyev oldu\u011fu m\u00fc\u0259yy\u0259n edilib: &nbsp; \u201cFaktla ba\u011fl\u0131 qanun pozucular\u0131 bar\u0259sind\u0259 protokol t\u0259rtib olunub v\u0259 qanunam\u00fcvafiq t\u0259dbirl\u0259r g\u00f6r\u00fcl\u00fcb\u201d. &nbsp; B.M\u0259h\u0259mm\u0259dovun s\u00f6zl\u0259rin\u0259 g\u00f6r\u0259, ke\u00e7iril\u0259n n\u0259zar\u0259t t\u0259dbirl\u0259ri zaman\u0131 su h\u00f6vz\u0259l\u0259rind\u0259n \u00fcmumilikd\u0259 560 metr uzunlu\u011funda sintetik tor y\u0131\u011f\u0131\u015fd\u0131r\u0131l\u0131b. &nbsp; \u201cEyni zamanda, ayr\u0131-ayr\u0131 rayonlar\u0131n inzibati \u0259razisind\u0259 qanunsuz ov ed\u0259n Masall\u0131 rayon sakinl\u0259ri \u015eiral\u0131 Q\u0259mb\u0259rov, Rasim \u0130smay\u0131lov,&hellip;<\/p>\n","protected":false},"author":2,"featured_media":396037,"comment_status":"closed","ping_status":"closed","sticky":false,"template":"","format":"standard","meta":{"om_disable_all_campaigns":false,"_monsterinsights_skip_tracking":false,"_monsterinsights_sitenote_active":false,"_monsterinsights_sitenote_note":"","_monsterinsights_sitenote_category":0},"categories":[5],"tags":[],"aioseo_notices":[],"gutentor_comment":0,"rttpg_featured_image_url":{"full":["https:\/\/arantv.az\/wp-content\/uploads\/2021\/10\/ovvv.jpg",620,414,false],"landscape":["https:\/\/arantv.az\/wp-content\/uploads\/2021\/10\/ovvv.jpg",620,414,false],"portraits":["https:\/\/arantv.az\/wp-content\/uploads\/2021\/10\/ovvv.jpg",620,414,false],"thumbnail":["https:\/\/arantv.az\/wp-content\/uploads\/2021\/10\/ovvv-500x280.jpg",500,280,true],"medium":["https:\/\/arantv.az\/wp-content\/uploads\/2021\/10\/ovvv-547x365.jpg",547,365,true],"large":["https:\/\/arantv.az\/wp-content\/uploads\/2021\/10\/ovvv.jpg",620,414,false],"1536x1536":["https:\/\/arantv.az\/wp-content\/uploads\/2021\/10\/ovvv.jpg",620,414,false],"2048x2048":["https:\/\/arantv.az\/wp-content\/uploads\/2021\/10\/ovvv.jpg",620,414,false],"post-thumbnail":["https:\/\/arantv.az\/wp-content\/uploads\/2021\/10\/ovvv-240x172.jpg",240,172,true],"advps-thumb-one":["https:\/\/arantv.az\/wp-content\/uploads\/2021\/10\/ovvv.jpg",620,414,false]},"rttpg_author":{"display_name":"V\u00fcsal Rafiqo\u011flu","author_link":"https:\/\/arantv.az\/?author=2"},"rttpg_comment":0,"rttpg_category":"<a href=\"https:\/\/arantv.az\/?cat=5\" rel=\"category\">Hadis\u0259<\/a>","rttpg_excerpt":"D\u00f6vl\u0259t Ekoloji T\u0259hl\u00fck\u0259sizlik Xidm\u0259tinin \u0259m\u0259kda\u015flar\u0131 t\u0259r\u0259find\u0259n ke\u00e7iril\u0259n n\u00f6vb\u0259ti n\u0259zar\u0259t t\u0259dbirl\u0259ri zaman\u0131 X\u0259z\u0259r d\u0259nizi sahill\u0259rind\u0259 qanunsuz bal\u0131q ovlayan \u015f\u0259xsl\u0259r saxlan\u0131l\u0131b. &nbsp; Xidm\u0259t r\u0259smisi B\u0259hruz M\u0259h\u0259mm\u0259dov\u00a0Oxu.Az-a a\u00e7\u0131qlamas\u0131nda bildirib ki, ara\u015fd\u0131rma zaman\u0131 brakonyerl\u0259rin Xa\u00e7maz rayon sakini Ramil Mustafayev v\u0259\u00a0Bak\u0131 \u015f\u0259h\u0259r sakini Kamal Mehtiyev oldu\u011fu m\u00fc\u0259yy\u0259n edilib: &nbsp; \u201cFaktla ba\u011fl\u0131 qanun pozucular\u0131 bar\u0259sind\u0259 protokol t\u0259rtib olunub v\u0259 qanunam\u00fcvafiq t\u0259dbirl\u0259r&hellip;","_links":{"self":[{"href":"https:\/\/arantv.az\/index.php?rest_route=\/wp\/v2\/posts\/396036"}],"collection":[{"href":"https:\/\/arantv.az\/index.php?rest_route=\/wp\/v2\/posts"}],"about":[{"href":"https:\/\/arantv.az\/index.php?rest_route=\/wp\/v2\/types\/post"}],"author":[{"embeddable":true,"href":"https:\/\/arantv.az\/index.php?rest_route=\/wp\/v2\/users\/2"}],"replies":[{"embeddable":true,"href":"https:\/\/arantv.az\/index.php?rest_route=%2Fwp%2Fv2%2Fcomments&post=396036"}],"version-history":[{"count":0,"href":"https:\/\/arantv.az\/index.php?rest_route=\/wp\/v2\/posts\/396036\/revisions"}],"wp:featuredmedia":[{"embeddable":true,"href":"https:\/\/arantv.az\/index.php?rest_route=\/wp\/v2\/media\/396037"}],"wp:attachment":[{"href":"https:\/\/arantv.az\/index.php?rest_route=%2Fwp%2Fv2%2Fmedia&parent=396036"}],"wp:term":[{"taxonomy":"category","embeddable":true,"href":"https:\/\/arantv.az\/index.php?rest_route=%2Fwp%2Fv2%2Fcategories&post=396036"},{"taxonomy":"post_tag","embeddable":true,"href":"https:\/\/arantv.az\/index.php?rest_route=%2Fwp%2Fv2%2Ftags&post=396036"}],"curies":[{"name":"wp","href":"https:\/\/api.w.org\/{rel}","templated":true}]}}