{"id":396042,"date":"2021-10-27T08:51:37","date_gmt":"2021-10-27T05:51:37","guid":{"rendered":"http:\/\/arantv.az\/?p=396042"},"modified":"2021-10-27T08:51:37","modified_gmt":"2021-10-27T05:51:37","slug":"salyanda-heyd%c9%99r-%c9%99liyev-m%c9%99rk%c9%99zind%c9%99-t%c9%99yinat-olub","status":"publish","type":"post","link":"https:\/\/arantv.az\/?p=396042","title":{"rendered":"Salyanda Heyd\u0259r \u018fliyev M\u0259rk\u0259zind\u0259 t\u0259yinat olub"},"content":{"rendered":"<p>Salyan rayonunda G\u0259ncl\u0259rin \u0130nki\u015faf v\u0259 Karyera M\u0259rk\u0259zin\u0259 direktor t\u0259yin edilib.<\/p>\n<p>&nbsp;<\/p>\n<p>ARANTV.AZ x\u0259b\u0259r verir ki, bu bar\u0259d\u0259 \u201cReport\u201d m\u0259lumat yay\u0131b.<\/p>\n<p>&nbsp;<\/p>\n<p>Bildirilib ki, G\u0259ncl\u0259rin \u0130nki\u015faf v\u0259 Karyera M\u0259rk\u0259zinin Salyan n\u00fcmay\u0259nd\u0259liyinin direktoru v\u0259zif\u0259sin\u0259 Neft\u00e7ala rayon sakini G\u00fcnel Salayeva t\u0259yin olunub.<\/p>\n<p>&nbsp;<\/p>\n<p>Qeyd ed\u0259k ki, \u00f6lk\u0259 ba\u015f\u00e7\u0131s\u0131n\u0131n s\u0259r\u0259ncam\u0131na \u0259sas\u0259n 2019-cu ild\u0259n etibar\u0259n Heyd\u0259r \u018fliyev M\u0259rk\u0259zl\u0259rind\u0259 G\u0259ncl\u0259rin \u0130nki\u015faf v\u0259 Karyera M\u0259rk\u0259zinin n\u00fcmay\u0259nd\u0259likl\u0259rinin yarad\u0131lmas\u0131na start verilib.<\/p>\n<p>&nbsp;<\/p>\n<p>&nbsp;<\/p>\n","protected":false},"excerpt":{"rendered":"<p>Salyan rayonunda G\u0259ncl\u0259rin \u0130nki\u015faf v\u0259 Karyera M\u0259rk\u0259zin\u0259 direktor t\u0259yin edilib. &nbsp; ARANTV.AZ x\u0259b\u0259r verir ki, bu bar\u0259d\u0259 \u201cReport\u201d m\u0259lumat yay\u0131b. &nbsp; Bildirilib ki, G\u0259ncl\u0259rin \u0130nki\u015faf v\u0259 Karyera M\u0259rk\u0259zinin Salyan n\u00fcmay\u0259nd\u0259liyinin direktoru v\u0259zif\u0259sin\u0259 Neft\u00e7ala rayon sakini G\u00fcnel Salayeva t\u0259yin olunub. &nbsp; Qeyd ed\u0259k ki, \u00f6lk\u0259 ba\u015f\u00e7\u0131s\u0131n\u0131n s\u0259r\u0259ncam\u0131na \u0259sas\u0259n 2019-cu ild\u0259n etibar\u0259n Heyd\u0259r \u018fliyev M\u0259rk\u0259zl\u0259rind\u0259 G\u0259ncl\u0259rin \u0130nki\u015faf v\u0259 Karyera M\u0259rk\u0259zinin n\u00fcmay\u0259nd\u0259likl\u0259rinin yarad\u0131lmas\u0131na start verilib. &nbsp; &nbsp;<\/p>\n","protected":false},"author":2,"featured_media":396043,"comment_status":"closed","ping_status":"closed","sticky":false,"template":"","format":"standard","meta":{"om_disable_all_campaigns":false,"_monsterinsights_skip_tracking":false,"_monsterinsights_sitenote_active":false,"_monsterinsights_sitenote_note":"","_monsterinsights_sitenote_category":0},"categories":[26],"tags":[],"aioseo_notices":[],"gutentor_comment":0,"rttpg_featured_image_url":{"full":["https:\/\/arantv.az\/wp-content\/uploads\/2021\/10\/53f0d7c5163530972023111927110029449.png",975,540,false],"landscape":["https:\/\/arantv.az\/wp-content\/uploads\/2021\/10\/53f0d7c5163530972023111927110029449.png",975,540,false],"portraits":["https:\/\/arantv.az\/wp-content\/uploads\/2021\/10\/53f0d7c5163530972023111927110029449.png",975,540,false],"thumbnail":["https:\/\/arantv.az\/wp-content\/uploads\/2021\/10\/53f0d7c5163530972023111927110029449-500x280.png",500,280,true],"medium":["https:\/\/arantv.az\/wp-content\/uploads\/2021\/10\/53f0d7c5163530972023111927110029449-660x365.png",660,365,true],"large":["https:\/\/arantv.az\/wp-content\/uploads\/2021\/10\/53f0d7c5163530972023111927110029449-840x465.png",640,354,true],"1536x1536":["https:\/\/arantv.az\/wp-content\/uploads\/2021\/10\/53f0d7c5163530972023111927110029449.png",975,540,false],"2048x2048":["https:\/\/arantv.az\/wp-content\/uploads\/2021\/10\/53f0d7c5163530972023111927110029449.png",975,540,false],"post-thumbnail":["https:\/\/arantv.az\/wp-content\/uploads\/2021\/10\/53f0d7c5163530972023111927110029449-240x172.png",240,172,true],"advps-thumb-one":["https:\/\/arantv.az\/wp-content\/uploads\/2021\/10\/53f0d7c5163530972023111927110029449.png",975,540,false]},"rttpg_author":{"display_name":"V\u00fcsal Rafiqo\u011flu","author_link":"https:\/\/arantv.az\/?author=2"},"rttpg_comment":0,"rttpg_category":"<a href=\"https:\/\/arantv.az\/?cat=26\" rel=\"category\">Sosial<\/a>","rttpg_excerpt":"Salyan rayonunda G\u0259ncl\u0259rin \u0130nki\u015faf v\u0259 Karyera M\u0259rk\u0259zin\u0259 direktor t\u0259yin edilib. &nbsp; ARANTV.AZ x\u0259b\u0259r verir ki, bu bar\u0259d\u0259 \u201cReport\u201d m\u0259lumat yay\u0131b. &nbsp; Bildirilib ki, G\u0259ncl\u0259rin \u0130nki\u015faf v\u0259 Karyera M\u0259rk\u0259zinin Salyan n\u00fcmay\u0259nd\u0259liyinin direktoru v\u0259zif\u0259sin\u0259 Neft\u00e7ala rayon sakini G\u00fcnel Salayeva t\u0259yin olunub. &nbsp; Qeyd ed\u0259k ki, \u00f6lk\u0259 ba\u015f\u00e7\u0131s\u0131n\u0131n s\u0259r\u0259ncam\u0131na \u0259sas\u0259n 2019-cu ild\u0259n etibar\u0259n Heyd\u0259r \u018fliyev M\u0259rk\u0259zl\u0259rind\u0259 G\u0259ncl\u0259rin \u0130nki\u015faf&hellip;","_links":{"self":[{"href":"https:\/\/arantv.az\/index.php?rest_route=\/wp\/v2\/posts\/396042"}],"collection":[{"href":"https:\/\/arantv.az\/index.php?rest_route=\/wp\/v2\/posts"}],"about":[{"href":"https:\/\/arantv.az\/index.php?rest_route=\/wp\/v2\/types\/post"}],"author":[{"embeddable":true,"href":"https:\/\/arantv.az\/index.php?rest_route=\/wp\/v2\/users\/2"}],"replies":[{"embeddable":true,"href":"https:\/\/arantv.az\/index.php?rest_route=%2Fwp%2Fv2%2Fcomments&post=396042"}],"version-history":[{"count":0,"href":"https:\/\/arantv.az\/index.php?rest_route=\/wp\/v2\/posts\/396042\/revisions"}],"wp:featuredmedia":[{"embeddable":true,"href":"https:\/\/arantv.az\/index.php?rest_route=\/wp\/v2\/media\/396043"}],"wp:attachment":[{"href":"https:\/\/arantv.az\/index.php?rest_route=%2Fwp%2Fv2%2Fmedia&parent=396042"}],"wp:term":[{"taxonomy":"category","embeddable":true,"href":"https:\/\/arantv.az\/index.php?rest_route=%2Fwp%2Fv2%2Fcategories&post=396042"},{"taxonomy":"post_tag","embeddable":true,"href":"https:\/\/arantv.az\/index.php?rest_route=%2Fwp%2Fv2%2Ftags&post=396042"}],"curies":[{"name":"wp","href":"https:\/\/api.w.org\/{rel}","templated":true}]}}