{"id":396045,"date":"2021-10-27T08:53:27","date_gmt":"2021-10-27T05:53:27","guid":{"rendered":"http:\/\/arantv.az\/?p=396045"},"modified":"2021-10-27T08:53:27","modified_gmt":"2021-10-27T05:53:27","slug":"az%c9%99rbaycan-respublikasinin-mulki-mudafi%c9%99-plani-hazirlanacaq","status":"publish","type":"post","link":"https:\/\/arantv.az\/?p=396045","title":{"rendered":"Az\u0259rbaycan Respublikas\u0131n\u0131n m\u00fclki m\u00fcdafi\u0259 plan\u0131 haz\u0131rlanacaq"},"content":{"rendered":"<p>Az\u0259rbaycan Respublikas\u0131n\u0131n m\u00fclki m\u00fcdafi\u0259 plan\u0131 haz\u0131rlanacaq.<\/p>\n<p>&nbsp;<\/p>\n<p>ARANTV.AZ\u00a0x\u0259b\u0259r verir ki, bu, Nazirl\u0259r Kabinetinin \u201cAz\u0259rbaycan Respublikas\u0131n\u0131n m\u00fclki m\u00fcdafi\u0259 plan\u0131n\u0131n haz\u0131rlanmas\u0131 \u00fczr\u0259 Komissiyan\u0131n yarad\u0131lmas\u0131 haqq\u0131nda\u201d s\u0259r\u0259ncam\u0131nda \u0259ksini tap\u0131b.<\/p>\n<p>Az\u0259rbaycan Respublikas\u0131n\u0131n m\u00fclki m\u00fcdafi\u0259 plan\u0131n\u0131n haz\u0131rlanmas\u0131 \u00fczr\u0259 Komissiyaya tap\u015f\u0131r\u0131l\u0131b ki, m\u00fclki m\u00fcdafi\u0259 plan\u0131n\u0131 haz\u0131rlay\u0131b Nazirl\u0259r Kabinetin\u0259 t\u0259qdim etsin.<\/p>\n<p>&nbsp;<\/p>\n<p>&nbsp;<\/p>\n","protected":false},"excerpt":{"rendered":"<p>Az\u0259rbaycan Respublikas\u0131n\u0131n m\u00fclki m\u00fcdafi\u0259 plan\u0131 haz\u0131rlanacaq. &nbsp; ARANTV.AZ\u00a0x\u0259b\u0259r verir ki, bu, Nazirl\u0259r Kabinetinin \u201cAz\u0259rbaycan Respublikas\u0131n\u0131n m\u00fclki m\u00fcdafi\u0259 plan\u0131n\u0131n haz\u0131rlanmas\u0131 \u00fczr\u0259 Komissiyan\u0131n yarad\u0131lmas\u0131 haqq\u0131nda\u201d s\u0259r\u0259ncam\u0131nda \u0259ksini tap\u0131b. Az\u0259rbaycan Respublikas\u0131n\u0131n m\u00fclki m\u00fcdafi\u0259 plan\u0131n\u0131n haz\u0131rlanmas\u0131 \u00fczr\u0259 Komissiyaya tap\u015f\u0131r\u0131l\u0131b ki, m\u00fclki m\u00fcdafi\u0259 plan\u0131n\u0131 haz\u0131rlay\u0131b Nazirl\u0259r Kabinetin\u0259 t\u0259qdim etsin. &nbsp; &nbsp;<\/p>\n","protected":false},"author":2,"featured_media":396046,"comment_status":"closed","ping_status":"closed","sticky":false,"template":"","format":"standard","meta":{"om_disable_all_campaigns":false,"_monsterinsights_skip_tracking":false,"_monsterinsights_sitenote_active":false,"_monsterinsights_sitenote_note":"","_monsterinsights_sitenote_category":0},"categories":[19],"tags":[],"aioseo_notices":[],"gutentor_comment":0,"rttpg_featured_image_url":{"full":["https:\/\/arantv.az\/wp-content\/uploads\/2021\/10\/e992111e160979170973773769810252528.jpg",975,540,false],"landscape":["https:\/\/arantv.az\/wp-content\/uploads\/2021\/10\/e992111e160979170973773769810252528.jpg",975,540,false],"portraits":["https:\/\/arantv.az\/wp-content\/uploads\/2021\/10\/e992111e160979170973773769810252528.jpg",975,540,false],"thumbnail":["https:\/\/arantv.az\/wp-content\/uploads\/2021\/10\/e992111e160979170973773769810252528-500x280.jpg",500,280,true],"medium":["https:\/\/arantv.az\/wp-content\/uploads\/2021\/10\/e992111e160979170973773769810252528-660x365.jpg",660,365,true],"large":["https:\/\/arantv.az\/wp-content\/uploads\/2021\/10\/e992111e160979170973773769810252528-840x465.jpg",640,354,true],"1536x1536":["https:\/\/arantv.az\/wp-content\/uploads\/2021\/10\/e992111e160979170973773769810252528.jpg",975,540,false],"2048x2048":["https:\/\/arantv.az\/wp-content\/uploads\/2021\/10\/e992111e160979170973773769810252528.jpg",975,540,false],"post-thumbnail":["https:\/\/arantv.az\/wp-content\/uploads\/2021\/10\/e992111e160979170973773769810252528-240x172.jpg",240,172,true],"advps-thumb-one":["https:\/\/arantv.az\/wp-content\/uploads\/2021\/10\/e992111e160979170973773769810252528.jpg",975,540,false]},"rttpg_author":{"display_name":"V\u00fcsal Rafiqo\u011flu","author_link":"https:\/\/arantv.az\/?author=2"},"rttpg_comment":0,"rttpg_category":"<a href=\"https:\/\/arantv.az\/?cat=19\" rel=\"category\">G\u00fcnd\u0259m<\/a>","rttpg_excerpt":"Az\u0259rbaycan Respublikas\u0131n\u0131n m\u00fclki m\u00fcdafi\u0259 plan\u0131 haz\u0131rlanacaq. &nbsp; ARANTV.AZ\u00a0x\u0259b\u0259r verir ki, bu, Nazirl\u0259r Kabinetinin \u201cAz\u0259rbaycan Respublikas\u0131n\u0131n m\u00fclki m\u00fcdafi\u0259 plan\u0131n\u0131n haz\u0131rlanmas\u0131 \u00fczr\u0259 Komissiyan\u0131n yarad\u0131lmas\u0131 haqq\u0131nda\u201d s\u0259r\u0259ncam\u0131nda \u0259ksini tap\u0131b. Az\u0259rbaycan Respublikas\u0131n\u0131n m\u00fclki m\u00fcdafi\u0259 plan\u0131n\u0131n haz\u0131rlanmas\u0131 \u00fczr\u0259 Komissiyaya tap\u015f\u0131r\u0131l\u0131b ki, m\u00fclki m\u00fcdafi\u0259 plan\u0131n\u0131 haz\u0131rlay\u0131b Nazirl\u0259r Kabinetin\u0259 t\u0259qdim etsin. &nbsp; &nbsp;","_links":{"self":[{"href":"https:\/\/arantv.az\/index.php?rest_route=\/wp\/v2\/posts\/396045"}],"collection":[{"href":"https:\/\/arantv.az\/index.php?rest_route=\/wp\/v2\/posts"}],"about":[{"href":"https:\/\/arantv.az\/index.php?rest_route=\/wp\/v2\/types\/post"}],"author":[{"embeddable":true,"href":"https:\/\/arantv.az\/index.php?rest_route=\/wp\/v2\/users\/2"}],"replies":[{"embeddable":true,"href":"https:\/\/arantv.az\/index.php?rest_route=%2Fwp%2Fv2%2Fcomments&post=396045"}],"version-history":[{"count":0,"href":"https:\/\/arantv.az\/index.php?rest_route=\/wp\/v2\/posts\/396045\/revisions"}],"wp:featuredmedia":[{"embeddable":true,"href":"https:\/\/arantv.az\/index.php?rest_route=\/wp\/v2\/media\/396046"}],"wp:attachment":[{"href":"https:\/\/arantv.az\/index.php?rest_route=%2Fwp%2Fv2%2Fmedia&parent=396045"}],"wp:term":[{"taxonomy":"category","embeddable":true,"href":"https:\/\/arantv.az\/index.php?rest_route=%2Fwp%2Fv2%2Fcategories&post=396045"},{"taxonomy":"post_tag","embeddable":true,"href":"https:\/\/arantv.az\/index.php?rest_route=%2Fwp%2Fv2%2Ftags&post=396045"}],"curies":[{"name":"wp","href":"https:\/\/api.w.org\/{rel}","templated":true}]}}