{"id":396052,"date":"2021-10-27T10:10:44","date_gmt":"2021-10-27T07:10:44","guid":{"rendered":"http:\/\/arantv.az\/?p=396052"},"modified":"2021-10-27T10:10:44","modified_gmt":"2021-10-27T07:10:44","slug":"ir%c9%99van-bakinin-s%c9%99rtini-q%c9%99bul-etdi-%c9%99liyevl%c9%99-%c9%99rdoganin-mesaji-t%c9%99hlil","status":"publish","type":"post","link":"https:\/\/arantv.az\/?p=396052","title":{"rendered":"\u0130r\u0259van Bak\u0131n\u0131n \u015f\u0259rtini q\u0259bul etdi: \u018fliyevl\u0259 \u018frdo\u011fan\u0131n mesaj\u0131 &#8211; T\u018fHL\u0130L"},"content":{"rendered":"<p>Oktyabr\u0131n 26-da T\u00fcrkiy\u0259 Prezidenti R\u0259c\u0259b Tayyib \u018frdo\u011fan\u0131n Az\u0259rbaycana s\u0259f\u0259ri q\u0131sam\u00fcdd\u0259tli olsa da, z\u0259ngin proqrama malik idi.<\/p>\n<p>T\u00fcrkiy\u0259 liderinin proqram\u0131n\u0131 z\u0259ngin ed\u0259n is\u0259 s\u0259f\u0259rin siyasi \u0259h\u0259miyy\u0259ti v\u0259 Bak\u0131-Ankara strateji m\u00f6vqel\u0259rinin m\u00f6hk\u0259ml\u0259nm\u0259si il\u0259 ba\u011fl\u0131d\u0131r.<\/p>\n<p>\u018frdo\u011fan\u0131n ilk \u00fcnvan\u0131 F\u00fczuli Beyn\u0259lxalq Hava Liman\u0131 idi. Diqq\u0259t \u00e7\u0259k\u0259n m\u0259qama g\u0259linc\u0259, qeyd ed\u0259 bil\u0259rik ki, T\u00fcrkiy\u0259 lideri hava liman\u0131na m\u0259hz \u00f6z t\u0259yyar\u0259si il\u0259 eni\u015f ger\u00e7\u0259kl\u0259\u015fdirdi, bu, \u00f6z\u00fcnd\u0259 b\u00f6y\u00fck siyasi v\u0259 simvolik m\u0259nalar\u0131 ehtiva edir.<\/p>\n<div id=\"AdviadNativeVideo0\" class=\"AdviadNativeVideo\"><\/div>\n<p>\u0130kincisi, hava liman\u0131n\u0131n a\u00e7\u0131l\u0131\u015f\u0131nda Az\u0259rbaycan Prezidenti \u0130lham \u018fliyev\u0259 v\u0259 R\u0259c\u0259b Tayyib \u018frdo\u011fana hava liman\u0131n\u0131n simvolik a\u00e7arlar\u0131 t\u0259qdim edildi.<\/p>\n<p><strong>H\u0259min simvolik a\u00e7arlar\u0131n m\u0259nas\u0131:<\/strong>\u00a0Y\u0259ni, Qaraba\u011f\u0131n a\u00e7ar\u0131 bizd\u0259dir v\u0259 regional m\u0259s\u0259l\u0259l\u0259rd\u0259ki m\u00fcbahis\u0259 do\u011furacaq kilidl\u0259rin a\u00e7arlar\u0131 bizik.<\/p>\n<p>F\u00fczuli aeroportu h\u0259m d\u0259 strateji \u0259h\u0259miyy\u0259t\u0259 malikdir, \u00fcmumiyy\u0259tl\u0259 Qaraba\u011fda hava limanlar\u0131n\u0131n tikintisi h\u0259min \u0259razil\u0259r \u00fc\u00e7\u00fcn yeni t\u0259hl\u00fck\u0259sizlik zola\u011f\u0131n\u0131n yarad\u0131lmas\u0131na h\u0259d\u0259fl\u0259n\u0259n strategiyad\u0131r.<\/p>\n<p>\u018fliyevl\u0259 \u018frdo\u011fan daha sonra Z\u0259ng\u0259zur d\u0259hlizinin &#8211; Horadiz-C\u0259bray\u0131l-Z\u0259ngilan-A\u011fb\u0259nd avtomobil yolunun t\u0259m\u0259lini qoydu.<\/p>\n<p>Bu avtomobil yolu Z\u0259ng\u0259zur d\u0259hlizinin t\u0259rkib hiss\u0259sidir, h\u0259r\u00e7\u0259nd ki, bu g\u00fcn\u0259 q\u0259d\u0259r Erm\u0259nistan bu m\u0259s\u0259l\u0259y\u0259 qar\u015f\u0131 \u00e7\u0131xan b\u0259yanatlar\u0131 g\u00fcnd\u0259m\u0259 da\u015f\u0131y\u0131rd\u0131.<\/p>\n<p>\u0130lham \u018fliyev\u00a0d\u0259miryolu il\u0259 yana\u015f\u0131, avtomobil yolunun da Z\u0259ng\u0259zur d\u0259hlizinin t\u0259rkib hiss\u0259si olmas\u0131n\u0131 \u015f\u0259rt kimi ir\u0259li s\u00fcrm\u00fc\u015fd\u00fc.<\/p>\n<p>\u0130ndi yolun t\u0259m\u0259linin qoyulu\u015fu onu g\u00f6st\u0259rir ki, Erm\u0259nistan h\u0259min \u015f\u0259rti q\u0259bul etm\u0259k m\u0259cburiyy\u0259tind\u0259 qal\u0131b.<\/p>\n<p>Dem\u0259k ki, bu zamana q\u0259d\u0259r Erm\u0259nistandan veril\u0259n b\u0259yanatlar sad\u0259c\u0259 daxili auditoriyan\u0131n g\u00f6z\u00fcn\u0259 k\u00fcl \u00fcf\u00fcrm\u0259k idi.<\/p>\n<p>Haz\u0131rda iki \u00f6lk\u0259 &#8211; Az\u0259rbaycan v\u0259 T\u00fcrkiy\u0259\u00a0maraqlar\u0131n\u0131 Rusiya il\u0259 uzla\u015fd\u0131r\u0131r, Q\u0259rb is\u0259 h\u0259l\u0259lik \u201cofsayd\u201dda g\u00f6r\u00fcn\u00fcr.<\/p>\n<p>Rusiya il\u0259 T\u00fcrkiy\u0259ni yax\u0131nla\u015fd\u0131ran s\u0259b\u0259bl\u0259r is\u0259 Q\u0259rbin h\u0259r iki \u00f6lk\u0259y\u0259 qar\u015f\u0131 m\u00fcnasib\u0259tind\u0259ki s\u00fcr\u00fc\u015fk\u0259n m\u00f6vqeyidir.<\/p>\n<p>Buna g\u00f6r\u0259 d\u0259, Az\u0259rbaycan-T\u00fcrkiy\u0259-Rusiya \u00fc\u00e7buca\u011f\u0131 \u00f6n\u0259 \u00e7\u0259kilir, h\u0259r\u00e7\u0259nd ki, burada Moskvan\u0131n maraqlar\u0131n\u0131n b\u00f6y\u00fckmiqyasl\u0131 ambisiyaya \u00e7evrilm\u0259m\u0259si Bak\u0131-Ankara ortaq strateji gedi\u015fatlar\u0131na daxildir.<\/p>\n<p>\u0130lham \u018fliyevl\u0259 R\u0259c\u0259b Tayyib \u018frdo\u011fan Z\u0259ngilan rayonunda \u201cDost Aqropark\u0131\u201dn\u0131n a\u00e7\u0131l\u0131\u015f\u0131n\u0131 etdikd\u0259n bir ne\u00e7\u0259 saat sonra m\u0259tbuata birg\u0259 b\u0259yanat verdil\u0259r.<\/p>\n<p><strong>\u0130lham \u018fliyevin \u00e7\u0131x\u0131\u015f\u0131n\u0131n \u0259sas tezisl\u0259ri:<\/strong><\/p>\n<p>1. Bak\u0131-Ankara \u0259m\u0259kda\u015fl\u0131\u011f\u0131 regional i\u015fl\u0259rd\u0259, h\u0259tta d\u00fcnya \u00e7ap\u0131nda \u00f6n\u0259mli amil\u0259 \u00e7evrilib;<\/p>\n<p>2. B\u00fct\u00fcn t\u00fcrk d\u00fcnyas\u0131 \u00fc\u00e7\u00fcn R\u0259c\u0259b Tayyib \u018frdo\u011fan amili \u0259n \u00f6n\u0259mli faktorlardan biridir;<\/p>\n<p>3. Az\u0259rbaycan v\u0259 T\u00fcrkiy\u0259 Z\u0259ng\u0259zur d\u0259hlizinin ger\u00e7\u0259kl\u0259\u015fm\u0259si \u00fc\u00e7\u00fcn \u0259m\u0259li add\u0131mlar at\u0131r. Bu o dem\u0259kdir ki, Bak\u0131-Ankara tandemi d\u0259hlizin realla\u015fmas\u0131 \u00fc\u00e7\u00fcn b\u00fct\u00fcn vasit\u0259l\u0259rd\u0259n istifad\u0259 etm\u0259k iqtidar\u0131ndad\u0131r;<\/p>\n<p>4. \u0130lham \u018fliyev 10 \u00f6lk\u0259nin (AB\u015e, Fransa, Almaniya, Hollandiya, \u0130sve\u00e7, Norve\u00e7, Finlandiya, Danimarka, Kanada v\u0259 Yeni Zelandiya) Ankaradak\u0131 s\u0259firl\u0259rinin G\u0259zi hadis\u0259l\u0259rin\u0259 g\u00f6r\u0259 h\u0259bs olunan Osman Kavalan\u0131n azadl\u0131\u011fa \u00e7\u0131xmas\u0131n\u0131 t\u0259l\u0259b etm\u0259l\u0259rini t\u0259nqid edib.<\/p>\n<p>\u201cHe\u00e7 kim T\u00fcrkiy\u0259y\u0259 \u00f6z irad\u0259sini dikt\u0259 ed\u0259 bilm\u0259z. Bu yax\u0131nlarda \u0259ziz qarda\u015f\u0131m T\u00fcrkiy\u0259nin daxili m\u0259s\u0259l\u0259l\u0259rin\u0259 m\u00fcdaxil\u0259 etm\u0259k ist\u0259y\u0259nl\u0259r\u0259 el\u0259 cavab vermi\u015fdi ki, hesab edir\u0259m bu, b\u00fct\u00fcn siyas\u0259t\u00e7il\u0259r \u00fc\u00e7\u00fcn \u00f6rn\u0259kdir. \u00d6z milli l\u0259yaq\u0259tini qoruyan, \u00f6z xalq\u0131n\u0131n, d\u00f6vl\u0259tinin maraqlar\u0131n\u0131, q\u00fcrurunu qoruyan v\u0259 m\u00fcdafi\u0259 ed\u0259n lider bu g\u00fcn buradad\u0131r, Az\u0259rbaycandad\u0131r, Z\u0259ngilandad\u0131r, A\u011fal\u0131dad\u0131r. Biz bunu qiym\u0259tl\u0259ndirm\u0259liyik\u201d, &#8211; dey\u0259 \u0130lham \u018fliyev b\u0259yan edib.<\/p>\n<p>Bu, Bak\u0131n\u0131n b\u00fct\u00fcn m\u0259s\u0259l\u0259l\u0259rd\u0259 Ankaran\u0131n yan\u0131nda oldu\u011funun b\u0259yan\u0131d\u0131r.<\/p>\n<p><strong>R\u0259c\u0259b Tayyib \u018frdo\u011fan\u0131n mesajlar\u0131na g\u0259linc\u0259:<\/strong><\/p>\n<p>1. Az\u0259rbaycan-T\u00fcrkiy\u0259 strateji m\u00fctt\u0259fiqlik \u0259laq\u0259l\u0259ri g\u0259l\u0259c\u0259kd\u0259 daha da d\u0259rinl\u0259\u015f\u0259c\u0259k;<\/p>\n<p>2. Regiondak\u0131 yeni layih\u0259l\u0259r b\u00fct\u00fcn b\u00f6lg\u0259 \u00f6lk\u0259l\u0259ri \u00fc\u00e7\u00fcn iqtisadi v\u0259 ticari f\u00fcrs\u0259tl\u0259r yaradacaq. Bu tezis \u0130rana v\u0259 G\u00fcrc\u00fcstana mesaj xarakteri d\u0259 da\u015f\u0131y\u0131r. Tehran Bak\u0131 il\u0259 son g\u0259rginlikd\u0259n sonra Z\u0259ng\u0259zur d\u0259hlizin\u0259 qar\u015f\u0131 \u00e7\u0131x\u0131r, G\u00fcrc\u00fcstan is\u0259 bu koridora qo\u015fulub-qo\u015fulmayaca\u011f\u0131na dair t\u0259r\u0259dd\u00fcdl\u0259rini dil\u0259 g\u0259tirir;<\/p>\n<p>Prosesin a\u011fr\u0131s\u0131z ke\u00e7m\u0259si \u00fc\u00e7\u00fcn is\u0259 s\u0259rh\u0259dl\u0259rin m\u00fc\u0259yy\u0259nl\u0259\u015fdirilm\u0259si v\u0259 qar\u015f\u0131l\u0131ql\u0131 olaraq \u0259razi b\u00fct\u00f6vl\u00fcy\u00fcn\u00fcn tan\u0131nmas\u0131 z\u0259ruridir. \u018frdo\u011fan\u0131n bu y\u00f6nd\u0259 verdiyi mesaj \u0259sas\u0259n Erm\u0259nistana v\u0259 onun yatm\u0131\u015f revan\u015fist duy\u011fular\u0131n\u0131 oyatma\u011fa \u00e7al\u0131\u015fan q\u00fcvv\u0259l\u0259r\u0259 x\u0259b\u0259rdarl\u0131qd\u0131r. Y\u0259ni \u201cs\u0259n d\u0259, s\u0259n\u0259 havadar olanlar da Az\u0259rbaycan\u0131n \u0259razi b\u00fct\u00f6vl\u00fcy\u00fcn\u00fc tan\u0131mal\u0131d\u0131r\u201d ismar\u0131\u015f\u0131d\u0131r.<\/p>\n<p>\u201c\u018fg\u0259r Erm\u0259nistan Az\u0259rbaycan il\u0259 ba\u011fl\u0131 s\u0259mimi irad\u0259 ortaya qoyarsa, T\u00fcrkiy\u0259nin Erm\u0259nistan il\u0259 \u0259laq\u0259l\u0259rinin d\u0259 normalla\u015fmas\u0131 \u00fc\u00e7\u00fcn bir mane\u0259 qalmayacaq\u201d, &#8211; dey\u0259 \u018frdo\u011fan bildirib.<\/p>\n<p>\u018frdo\u011fan\u0131n b\u0259yanat\u0131 g\u00f6st\u0259rir ki, Erm\u0259nistan\u0131n m\u00f6vqeyi onun taleyini m\u00fc\u0259yy\u0259n ed\u0259c\u0259k.<\/p>\n<p>\u018fliyev-\u018frdo\u011fan t\u0259maslar\u0131nda liderl\u0259rin h\u0259r\u0259k\u0259tl\u0259ri onlar\u0131n son prosesl\u0259rin n\u0259tic\u0259l\u0259rind\u0259n m\u0259mnun qald\u0131qlar\u0131n\u0131n g\u00f6st\u0259ricisidir. Amma bu m\u0259mnunluq t\u0259bii ki, b\u0259zi q\u00fcvv\u0259l\u0259ri narahat edir, bununla bel\u0259 proses qar\u015f\u0131s\u0131al\u0131nmaz xarakter al\u0131b. Kimin n\u0259 ist\u0259m\u0259sind\u0259n as\u0131l\u0131 olmayaraq, Bak\u0131-Ankara \u00f6z maraqlar\u0131n\u0131 dikt\u0259 ed\u0259n ikiliy\u0259 \u00e7evrilir.<\/p>\n","protected":false},"excerpt":{"rendered":"<p>Oktyabr\u0131n 26-da T\u00fcrkiy\u0259 Prezidenti R\u0259c\u0259b Tayyib \u018frdo\u011fan\u0131n Az\u0259rbaycana s\u0259f\u0259ri q\u0131sam\u00fcdd\u0259tli olsa da, z\u0259ngin proqrama malik idi. T\u00fcrkiy\u0259 liderinin proqram\u0131n\u0131 z\u0259ngin ed\u0259n is\u0259 s\u0259f\u0259rin siyasi \u0259h\u0259miyy\u0259ti v\u0259 Bak\u0131-Ankara strateji m\u00f6vqel\u0259rinin m\u00f6hk\u0259ml\u0259nm\u0259si il\u0259 ba\u011fl\u0131d\u0131r. \u018frdo\u011fan\u0131n ilk \u00fcnvan\u0131 F\u00fczuli Beyn\u0259lxalq Hava Liman\u0131 idi. Diqq\u0259t \u00e7\u0259k\u0259n m\u0259qama g\u0259linc\u0259, qeyd ed\u0259 bil\u0259rik ki, T\u00fcrkiy\u0259 lideri hava liman\u0131na m\u0259hz \u00f6z t\u0259yyar\u0259si il\u0259 eni\u015f ger\u00e7\u0259kl\u0259\u015fdirdi, bu, \u00f6z\u00fcnd\u0259 b\u00f6y\u00fck siyasi v\u0259 simvolik m\u0259nalar\u0131 ehtiva edir. \u0130kincisi, hava liman\u0131n\u0131n a\u00e7\u0131l\u0131\u015f\u0131nda Az\u0259rbaycan Prezidenti \u0130lham \u018fliyev\u0259 v\u0259 R\u0259c\u0259b Tayyib \u018frdo\u011fana hava liman\u0131n\u0131n simvolik a\u00e7arlar\u0131 t\u0259qdim edildi. H\u0259min simvolik a\u00e7arlar\u0131n m\u0259nas\u0131:\u00a0Y\u0259ni, Qaraba\u011f\u0131n&hellip;<\/p>\n","protected":false},"author":2,"featured_media":396053,"comment_status":"closed","ping_status":"closed","sticky":false,"template":"","format":"standard","meta":{"om_disable_all_campaigns":false,"_monsterinsights_skip_tracking":false,"_monsterinsights_sitenote_active":false,"_monsterinsights_sitenote_note":"","_monsterinsights_sitenote_category":0},"categories":[4],"tags":[],"aioseo_notices":[],"gutentor_comment":0,"rttpg_featured_image_url":{"full":["https:\/\/arantv.az\/wp-content\/uploads\/2021\/10\/06_2021_03_ekim_AA-25941477.jpg",620,452,false],"landscape":["https:\/\/arantv.az\/wp-content\/uploads\/2021\/10\/06_2021_03_ekim_AA-25941477.jpg",620,452,false],"portraits":["https:\/\/arantv.az\/wp-content\/uploads\/2021\/10\/06_2021_03_ekim_AA-25941477.jpg",620,452,false],"thumbnail":["https:\/\/arantv.az\/wp-content\/uploads\/2021\/10\/06_2021_03_ekim_AA-25941477-500x280.jpg",500,280,true],"medium":["https:\/\/arantv.az\/wp-content\/uploads\/2021\/10\/06_2021_03_ekim_AA-25941477-501x365.jpg",501,365,true],"large":["https:\/\/arantv.az\/wp-content\/uploads\/2021\/10\/06_2021_03_ekim_AA-25941477.jpg",620,452,false],"1536x1536":["https:\/\/arantv.az\/wp-content\/uploads\/2021\/10\/06_2021_03_ekim_AA-25941477.jpg",620,452,false],"2048x2048":["https:\/\/arantv.az\/wp-content\/uploads\/2021\/10\/06_2021_03_ekim_AA-25941477.jpg",620,452,false],"post-thumbnail":["https:\/\/arantv.az\/wp-content\/uploads\/2021\/10\/06_2021_03_ekim_AA-25941477-240x172.jpg",240,172,true],"advps-thumb-one":["https:\/\/arantv.az\/wp-content\/uploads\/2021\/10\/06_2021_03_ekim_AA-25941477.jpg",620,452,false]},"rttpg_author":{"display_name":"V\u00fcsal Rafiqo\u011flu","author_link":"https:\/\/arantv.az\/?author=2"},"rttpg_comment":0,"rttpg_category":"<a href=\"https:\/\/arantv.az\/?cat=4\" rel=\"category\">Siyas\u0259t<\/a>","rttpg_excerpt":"Oktyabr\u0131n 26-da T\u00fcrkiy\u0259 Prezidenti R\u0259c\u0259b Tayyib \u018frdo\u011fan\u0131n Az\u0259rbaycana s\u0259f\u0259ri q\u0131sam\u00fcdd\u0259tli olsa da, z\u0259ngin proqrama malik idi. T\u00fcrkiy\u0259 liderinin proqram\u0131n\u0131 z\u0259ngin ed\u0259n is\u0259 s\u0259f\u0259rin siyasi \u0259h\u0259miyy\u0259ti v\u0259 Bak\u0131-Ankara strateji m\u00f6vqel\u0259rinin m\u00f6hk\u0259ml\u0259nm\u0259si il\u0259 ba\u011fl\u0131d\u0131r. \u018frdo\u011fan\u0131n ilk \u00fcnvan\u0131 F\u00fczuli Beyn\u0259lxalq Hava Liman\u0131 idi. Diqq\u0259t \u00e7\u0259k\u0259n m\u0259qama g\u0259linc\u0259, qeyd ed\u0259 bil\u0259rik ki, T\u00fcrkiy\u0259 lideri hava liman\u0131na m\u0259hz \u00f6z t\u0259yyar\u0259si&hellip;","_links":{"self":[{"href":"https:\/\/arantv.az\/index.php?rest_route=\/wp\/v2\/posts\/396052"}],"collection":[{"href":"https:\/\/arantv.az\/index.php?rest_route=\/wp\/v2\/posts"}],"about":[{"href":"https:\/\/arantv.az\/index.php?rest_route=\/wp\/v2\/types\/post"}],"author":[{"embeddable":true,"href":"https:\/\/arantv.az\/index.php?rest_route=\/wp\/v2\/users\/2"}],"replies":[{"embeddable":true,"href":"https:\/\/arantv.az\/index.php?rest_route=%2Fwp%2Fv2%2Fcomments&post=396052"}],"version-history":[{"count":0,"href":"https:\/\/arantv.az\/index.php?rest_route=\/wp\/v2\/posts\/396052\/revisions"}],"wp:featuredmedia":[{"embeddable":true,"href":"https:\/\/arantv.az\/index.php?rest_route=\/wp\/v2\/media\/396053"}],"wp:attachment":[{"href":"https:\/\/arantv.az\/index.php?rest_route=%2Fwp%2Fv2%2Fmedia&parent=396052"}],"wp:term":[{"taxonomy":"category","embeddable":true,"href":"https:\/\/arantv.az\/index.php?rest_route=%2Fwp%2Fv2%2Fcategories&post=396052"},{"taxonomy":"post_tag","embeddable":true,"href":"https:\/\/arantv.az\/index.php?rest_route=%2Fwp%2Fv2%2Ftags&post=396052"}],"curies":[{"name":"wp","href":"https:\/\/api.w.org\/{rel}","templated":true}]}}