{"id":396325,"date":"2021-10-27T13:36:38","date_gmt":"2021-10-27T10:36:38","guid":{"rendered":"http:\/\/arantv.az\/?p=396325"},"modified":"2021-10-27T13:36:38","modified_gmt":"2021-10-27T10:36:38","slug":"%c9%99rdogan-insallah-fuzulid%c9%99n-istanbula-gedis-g%c9%99lis-olacaq","status":"publish","type":"post","link":"https:\/\/arantv.az\/?p=396325","title":{"rendered":"\u018frdo\u011fan: \u0130n\u015fallah, F\u00fczulid\u0259n \u0130stanbula gedi\u015f-g\u0259li\u015f olacaq"},"content":{"rendered":"<p><em>&#8220;D\u00fcn\u0259n Az\u0259rbaycandayd\u0131q. Yeni hava liman\u0131n\u0131n a\u00e7\u0131l\u0131\u015f\u0131n\u0131 etdik&#8221;.<\/em><\/p>\n<p><strong>ARANTV.AZ x\u0259b\u0259r verir ki,<\/strong>\u00a0bu fikirl\u0259ri T\u00fcrkiy\u0259 Prezidenti\u00a0<strong>R\u0259c\u0259b Tayyib \u018frdo\u011fan<\/strong>\u00a0deyib.<\/p>\n<p><em>&#8220;\u0130n\u015fallah, F\u00fczulid\u0259n \u0130stanbula gedi\u015f-g\u0259li\u015f olacaq. Yollar\u0131n tikintisi il\u0259 ba\u011fl\u0131 i\u015fl\u0259r davam etdirilir. T\u00fcrkiy\u0259 podrat\u00e7\u0131 \u015firk\u0259tl\u0259ri g\u0259rgin i\u015fl\u0259yirl\u0259r. Erm\u0259nil\u0259rin basd\u0131rd\u0131\u011f\u0131 minalar t\u0259mizl\u0259nir. H\u0259min \u0259razil\u0259r k\u0259nd t\u0259s\u0259rr\u00fcfat\u0131 sah\u0259sin\u0259 \u00e7evrilir&#8221;,\u00a0<\/em>&#8211; dey\u0259 d\u00f6vl\u0259t ba\u015f\u00e7\u0131s\u0131 vur\u011fulay\u0131b.<\/p>\n","protected":false},"excerpt":{"rendered":"<p>&#8220;D\u00fcn\u0259n Az\u0259rbaycandayd\u0131q. Yeni hava liman\u0131n\u0131n a\u00e7\u0131l\u0131\u015f\u0131n\u0131 etdik&#8221;. ARANTV.AZ x\u0259b\u0259r verir ki,\u00a0bu fikirl\u0259ri T\u00fcrkiy\u0259 Prezidenti\u00a0R\u0259c\u0259b Tayyib \u018frdo\u011fan\u00a0deyib. &#8220;\u0130n\u015fallah, F\u00fczulid\u0259n \u0130stanbula gedi\u015f-g\u0259li\u015f olacaq. Yollar\u0131n tikintisi il\u0259 ba\u011fl\u0131 i\u015fl\u0259r davam etdirilir. T\u00fcrkiy\u0259 podrat\u00e7\u0131 \u015firk\u0259tl\u0259ri g\u0259rgin i\u015fl\u0259yirl\u0259r. Erm\u0259nil\u0259rin basd\u0131rd\u0131\u011f\u0131 minalar t\u0259mizl\u0259nir. H\u0259min \u0259razil\u0259r k\u0259nd t\u0259s\u0259rr\u00fcfat\u0131 sah\u0259sin\u0259 \u00e7evrilir&#8221;,\u00a0&#8211; dey\u0259 d\u00f6vl\u0259t ba\u015f\u00e7\u0131s\u0131 vur\u011fulay\u0131b.<\/p>\n","protected":false},"author":2,"featured_media":396326,"comment_status":"closed","ping_status":"closed","sticky":false,"template":"","format":"standard","meta":{"om_disable_all_campaigns":false,"_monsterinsights_skip_tracking":false,"_monsterinsights_sitenote_active":false,"_monsterinsights_sitenote_note":"","_monsterinsights_sitenote_category":0},"categories":[4],"tags":[],"aioseo_notices":[],"gutentor_comment":0,"rttpg_featured_image_url":{"full":["https:\/\/arantv.az\/wp-content\/uploads\/2021\/10\/7c9d0b1f162229391834109898610635827.jpg",975,540,false],"landscape":["https:\/\/arantv.az\/wp-content\/uploads\/2021\/10\/7c9d0b1f162229391834109898610635827.jpg",975,540,false],"portraits":["https:\/\/arantv.az\/wp-content\/uploads\/2021\/10\/7c9d0b1f162229391834109898610635827.jpg",975,540,false],"thumbnail":["https:\/\/arantv.az\/wp-content\/uploads\/2021\/10\/7c9d0b1f162229391834109898610635827-500x280.jpg",500,280,true],"medium":["https:\/\/arantv.az\/wp-content\/uploads\/2021\/10\/7c9d0b1f162229391834109898610635827-660x365.jpg",660,365,true],"large":["https:\/\/arantv.az\/wp-content\/uploads\/2021\/10\/7c9d0b1f162229391834109898610635827-840x465.jpg",640,354,true],"1536x1536":["https:\/\/arantv.az\/wp-content\/uploads\/2021\/10\/7c9d0b1f162229391834109898610635827.jpg",975,540,false],"2048x2048":["https:\/\/arantv.az\/wp-content\/uploads\/2021\/10\/7c9d0b1f162229391834109898610635827.jpg",975,540,false],"post-thumbnail":["https:\/\/arantv.az\/wp-content\/uploads\/2021\/10\/7c9d0b1f162229391834109898610635827-240x172.jpg",240,172,true],"advps-thumb-one":["https:\/\/arantv.az\/wp-content\/uploads\/2021\/10\/7c9d0b1f162229391834109898610635827.jpg",975,540,false]},"rttpg_author":{"display_name":"V\u00fcsal Rafiqo\u011flu","author_link":"https:\/\/arantv.az\/?author=2"},"rttpg_comment":0,"rttpg_category":"<a href=\"https:\/\/arantv.az\/?cat=4\" rel=\"category\">Siyas\u0259t<\/a>","rttpg_excerpt":"&#8220;D\u00fcn\u0259n Az\u0259rbaycandayd\u0131q. Yeni hava liman\u0131n\u0131n a\u00e7\u0131l\u0131\u015f\u0131n\u0131 etdik&#8221;. ARANTV.AZ x\u0259b\u0259r verir ki,\u00a0bu fikirl\u0259ri T\u00fcrkiy\u0259 Prezidenti\u00a0R\u0259c\u0259b Tayyib \u018frdo\u011fan\u00a0deyib. &#8220;\u0130n\u015fallah, F\u00fczulid\u0259n \u0130stanbula gedi\u015f-g\u0259li\u015f olacaq. Yollar\u0131n tikintisi il\u0259 ba\u011fl\u0131 i\u015fl\u0259r davam etdirilir. T\u00fcrkiy\u0259 podrat\u00e7\u0131 \u015firk\u0259tl\u0259ri g\u0259rgin i\u015fl\u0259yirl\u0259r. Erm\u0259nil\u0259rin basd\u0131rd\u0131\u011f\u0131 minalar t\u0259mizl\u0259nir. H\u0259min \u0259razil\u0259r k\u0259nd t\u0259s\u0259rr\u00fcfat\u0131 sah\u0259sin\u0259 \u00e7evrilir&#8221;,\u00a0&#8211; dey\u0259 d\u00f6vl\u0259t ba\u015f\u00e7\u0131s\u0131 vur\u011fulay\u0131b.","_links":{"self":[{"href":"https:\/\/arantv.az\/index.php?rest_route=\/wp\/v2\/posts\/396325"}],"collection":[{"href":"https:\/\/arantv.az\/index.php?rest_route=\/wp\/v2\/posts"}],"about":[{"href":"https:\/\/arantv.az\/index.php?rest_route=\/wp\/v2\/types\/post"}],"author":[{"embeddable":true,"href":"https:\/\/arantv.az\/index.php?rest_route=\/wp\/v2\/users\/2"}],"replies":[{"embeddable":true,"href":"https:\/\/arantv.az\/index.php?rest_route=%2Fwp%2Fv2%2Fcomments&post=396325"}],"version-history":[{"count":0,"href":"https:\/\/arantv.az\/index.php?rest_route=\/wp\/v2\/posts\/396325\/revisions"}],"wp:featuredmedia":[{"embeddable":true,"href":"https:\/\/arantv.az\/index.php?rest_route=\/wp\/v2\/media\/396326"}],"wp:attachment":[{"href":"https:\/\/arantv.az\/index.php?rest_route=%2Fwp%2Fv2%2Fmedia&parent=396325"}],"wp:term":[{"taxonomy":"category","embeddable":true,"href":"https:\/\/arantv.az\/index.php?rest_route=%2Fwp%2Fv2%2Fcategories&post=396325"},{"taxonomy":"post_tag","embeddable":true,"href":"https:\/\/arantv.az\/index.php?rest_route=%2Fwp%2Fv2%2Ftags&post=396325"}],"curies":[{"name":"wp","href":"https:\/\/api.w.org\/{rel}","templated":true}]}}