{"id":396334,"date":"2021-10-27T13:54:29","date_gmt":"2021-10-27T10:54:29","guid":{"rendered":"http:\/\/arantv.az\/?p=396334"},"modified":"2021-10-27T13:54:29","modified_gmt":"2021-10-27T10:54:29","slug":"%c9%99liyev-%c9%99rdogan-gorusu-turkiy%c9%99ni-q%c9%99bul-etm%c9%99y%c9%99nl%c9%99r%c9%99-cavab-v%c9%99-erm%c9%99nistanin-ifsasi-t%c9%99hlil","status":"publish","type":"post","link":"https:\/\/arantv.az\/?p=396334","title":{"rendered":"\u018fliyev-\u018frdo\u011fan g\u00f6r\u00fc\u015f\u00fc: T\u00fcrkiy\u0259ni q\u0259bul etm\u0259y\u0259nl\u0259r\u0259 cavab v\u0259 Erm\u0259nistan\u0131n if\u015fas\u0131 &#8211; T\u018fHL\u0130L"},"content":{"rendered":"<p>T\u00fcrkiy\u0259 Prezidenti R\u0259c\u0259b Tayyib \u018frdo\u011fan\u0131n Az\u0259rbaycana \u00f6t\u0259n g\u00fcn ba\u015f tutan s\u0259f\u0259ri n\u00f6vb\u0259ti d\u0259f\u0259 b\u00fct\u00fcn d\u00fcnya \u00fc\u00e7\u00fcn \u00f6n\u0259mli mesajlar ehtiva edir. \u0130st\u0259r Az\u0259rbaycan Prezidenti \u0130lham \u018fliyevin T\u00fcrkiy\u0259 liderini F\u00fczuli hava liman\u0131n\u0131n a\u00e7\u0131l\u0131\u015f\u0131na d\u0259v\u0259t etm\u0259si, ist\u0259rs\u0259 d\u0259 \u018frdo\u011fan\u0131n bu d\u0259v\u0259ti m\u0259mnuniyy\u0259tl\u0259 q\u0259bul edib Az\u0259rbaycana t\u0259\u015frif etm\u0259si d\u00f6vl\u0259tl\u0259raras\u0131 m\u00fcnasib\u0259tl\u0259rd\u0259 art\u0131q uzun ill\u0259rdir formala\u015fm\u0131\u015f birlik v\u0259 b\u0259rab\u0259rliyin \u0259yani t\u0259zah\u00fcr\u00fc kimi qar\u015f\u0131m\u0131za \u00e7\u0131x\u0131r.<\/p>\n<p>Veril\u0259n mesaj is\u0259 sad\u0259dir, Az\u0259rbaycan Qaraba\u011f\u0131n i\u015f\u011faldan azad edilm\u0259si m\u0259rh\u0259l\u0259sind\u0259 T\u00fcrkiy\u0259nin siyasi v\u0259 m\u0259n\u0259vi d\u0259st\u0259yini daim y\u00fcks\u0259k s\u0259viyy\u0259d\u0259 qiym\u0259tl\u0259ndirir, T\u00fcrkiy\u0259 buna q\u0259d\u0259r oldu\u011fu kimi, Qaraba\u011f\u0131n yenid\u0259n qurulmas\u0131 prosesind\u0259 d\u0259 Az\u0259rbaycan \u0259sas m\u00fctt\u0259fiqdir. Birliyimiz sars\u0131lmazd\u0131r v\u0259 h\u0259r iki d\u00f6vl\u0259t bu birliyin \u0259b\u0259di olmas\u0131 \u00fc\u00e7\u00fcn \u0259lind\u0259n g\u0259l\u0259ni \u0259sirg\u0259mir.<\/p>\n<p>\u00dcst\u0259lik, burada x\u00fcsusi x\u0259tt t\u0259\u015fkil ed\u0259n daha bir m\u0259qam \u00f6n plana \u00e7\u0131x\u0131r. S\u00f6z\u00fcged\u0259n m\u0259qam T\u00fcrkiy\u0259nin C\u0259nubi Qafqazda artan n\u00fcfuzunu q\u0259bul etm\u0259y\u0259nl\u0259r\u0259 bir cavab xarakteri da\u015f\u0131y\u0131r.<\/p>\n<div id=\"AdviadNativeVideo0\" class=\"AdviadNativeVideo\"><\/div>\n<p>Haql\u0131 olaraq g\u00f6st\u0259rilir ki, T\u00fcrkiy\u0259-Az\u0259rbaycan m\u00fcnasib\u0259tl\u0259ri regionda inki\u015fafa t\u0259kan ver\u0259n \u0259n vacib element kimi ortaya \u00e7\u0131x\u0131r. Bu birliyin, qarda\u015fl\u0131\u011f\u0131n inki\u015faf\u0131 regionda s\u00fclh\u00fcn b\u0259rq\u0259rar olmas\u0131na t\u00f6hf\u0259 verir, t\u0259hl\u00fck\u0259sizliyin t\u0259min olunmas\u0131na z\u0259min yarad\u0131r, b\u00f6y\u00fck quruculuq v\u0259 t\u0259r\u0259qqi yolunun konturlar\u0131n\u0131 c\u0131z\u0131r.<\/p>\n<p>Liderl\u0259rin daha bir vacib mesaj\u0131 da regionda davaml\u0131 s\u00fclh v\u0259 sabitlikd\u0259 maraql\u0131 olmayan q\u00fcvv\u0259l\u0259r\u0259 \u00fcnvanlan\u0131b. Sirr deyil ki, Az\u0259rbaycana v\u0259 T\u00fcrkiy\u0259y\u0259 qar\u015f\u0131 d\u00fcnyada bir \u00e7ox hallarda ikili standartlar t\u0259tbiq edilir. T\u00fcrkiy\u0259nin d\u00fcnyadak\u0131 b\u0259rab\u0259rsizliy\u0259 qar\u015f\u0131 m\u00fcbariz\u0259si, Az\u0259rbaycan\u0131n haqq s\u0259si, \u0259dal\u0259tli m\u00f6vqeyi uzun ill\u0259r \u0259rzind\u0259 g\u00f6rm\u0259zd\u0259n g\u0259linib.<\/p>\n<p>D\u00fcnyan\u0131n bu q\u0259r\u0259zli yana\u015fmas\u0131 v\u0259 ikili standartlar\u0131 \u0130kinci Qaraba\u011f m\u00fcharib\u0259si zaman\u0131 da a\u00e7\u0131q \u015f\u0259kild\u0259 ortaya \u00e7\u0131x\u0131b. \u0130\u015f\u011fala g\u00f6z yumub, i\u015f\u011fal\u00e7\u0131ya ill\u0259rl\u0259 \u201cgizli\u201d d\u0259st\u0259k ver\u0259nl\u0259r, h\u0259tta i\u015f\u011fala son qoyan 44 g\u00fcnl\u00fck m\u00fcharib\u0259 zaman\u0131 da bir \u00e7ox hallarda t\u0259cav\u00fczkar\u0131n maraqlar\u0131n\u0131 \u00fcst\u00fcn tutub. Bu azm\u0131\u015f kimi, h\u0259tta V\u0259t\u0259n m\u00fcharib\u0259si g\u00fcnl\u0259rind\u0259 ilk saatlardan \u00f6lk\u0259miz\u0259 siyasi v\u0259 m\u0259n\u0259vi d\u0259st\u0259k n\u00fcmayi\u015f etdir\u0259n T\u00fcrkiy\u0259nin \u0259dal\u0259tli m\u00f6vqeyini l\u0259k\u0259l\u0259m\u0259k \u00fc\u00e7\u00fcn onu Az\u0259rbaycana h\u0259rbi d\u0259st\u0259kd\u0259 d\u0259 ittiham ed\u0259nl\u0259r tap\u0131l\u0131b. Ancaq Az\u0259rbaycan v\u0259 T\u00fcrkiy\u0259 bu \u0259sass\u0131z \u00e7\u0131x\u0131\u015flara m\u0259h\u0259l qoymayaraq, \u00e7iyin-\u00e7iyin\u0259 \u00f6z m\u00fcbariz\u0259l\u0259rini davam etdir\u0259r\u0259k, \u0259dal\u0259ti t\u0259min etm\u0259y\u0259 nail olublar.<\/p>\n<p>Odur ki, \u018fliyev v\u0259 \u018frdo\u011fan\u0131n F\u00fczuli v\u0259 Z\u0259ngilan\u0131n yenid\u0259n qurulmas\u0131 prosesind\u0259 \u00f6t\u0259n g\u00fcn n\u00fcmayi\u015f etdirdikl\u0259ri s\u0259mimi g\u00f6r\u00fcnt\u00fcl\u0259r b\u00fct\u00fcn d\u00fcnya \u00fc\u00e7\u00fcn bu ikili standart v\u0259 q\u0259r\u0259zli yana\u015fman\u0131n s\u00f6z\u00fcn \u0259sl m\u0259nas\u0131nda if\u015fas\u0131 idi. \u201cGizli\u201d d\u0259st\u0259k olduqlar\u0131 t\u0259cav\u00fczkar\u0131n Qaraba\u011fda t\u00f6r\u0259tdiyi da\u011f\u0131d\u0131c\u0131 f\u0259aliyy\u0259t\u0259 Az\u0259rbaycan v\u0259 T\u00fcrkiy\u0259 \u0259n sivil yolla, yenid\u0259nqurma, inki\u015faf v\u0259 t\u0259r\u0259qqi il\u0259 cavab verdi. Az\u0259rbaycan\u0131 m\u00fcharib\u0259d\u0259, T\u00fcrkiy\u0259ni regiona m\u00fcdaxil\u0259d\u0259 ittiham ed\u0259nl\u0259r Ankara-Bak\u0131 \u0259m\u0259kda\u015fl\u0131\u011f\u0131n\u0131n y\u00f6n\u0259ldiyi ali missiyan\u0131n dinc h\u0259yat, s\u00fclh v\u0259 inki\u015faf oldu\u011funu bir daha g\u00f6rd\u00fc. \u00dcst\u0259lik, bu missiya h\u0259r zaman \u201cm\u0259zlum\u201d rolunu oynama\u011fa \u00e7al\u0131\u015fan v\u0259 bununla \u00f6z\u00fcn\u0259 d\u0259st\u0259k toplayan Erm\u0259nistan\u0131n viran qoydu\u011fu torpaqlarda apar\u0131l\u0131r. Bununla ortaya \u00e7\u0131xan mesaj is\u0259 q\u0259tidir: \u201cm\u0259zlum\u201d kimi q\u0259l\u0259m\u0259 veril\u0259r\u0259k himay\u0259 olunan Erm\u0259nistan\u0131n f\u0259aliyy\u0259ti regiona yaln\u0131z z\u0259r\u0259r vurub, daim t\u0259zyiq g\u00f6st\u0259rilm\u0259y\u0259 \u00e7al\u0131\u015f\u0131lan Az\u0259rbaycan-T\u00fcrkiy\u0259 birliyi, qarda\u015fl\u0131\u011f\u0131 is\u0259 C\u0259nubi Qafqaz\u0131n g\u0259l\u0259c\u0259yini birg\u0259 in\u015fa etm\u0259y\u0259 qadirdir.<\/p>\n<p>Az\u0259rbaycan-T\u00fcrkiy\u0259 birliyi b\u00fct\u00fcn d\u00fcnya \u00fc\u00e7\u00fcn n\u00fcmun\u0259vi xarakter da\u015f\u0131y\u0131r. Dostluq, qarda\u015fl\u0131q m\u00fcnasib\u0259tl\u0259ri m\u00f6hk\u0259m \u0259saslarla qurulduqda, b\u0259\u015f\u0259riyy\u0259tin, regionun v\u0259 \u0259n \u0259sas\u0131 xalqlar\u0131n inki\u015faf\u0131na t\u00f6hf\u0259 verdikd\u0259, h\u0259r zaman \u00f6z \u0259dal\u0259t prinsipl\u0259rin\u0259 sadiq qald\u0131qda m\u0259hz Az\u0259rbaycan-T\u00fcrkiy\u0259 m\u00fcnasib\u0259tl\u0259rinin s\u0259viyy\u0259sin\u0259 \u00e7ata bilir.<\/p>\n<p>Az\u0259rbaycan v\u0259 T\u00fcrkiy\u0259 bu g\u00fcn h\u0259tta n\u00fcmun\u0259 t\u0259\u015fkil ed\u0259n bu m\u00fcnasib\u0259tl\u0259rin bel\u0259 daha da inki\u015faf\u0131nda maraql\u0131d\u0131r. Bu m\u0259s\u0259l\u0259d\u0259 is\u0259 Prezident \u0130lham \u018fliyev v\u0259 Prezident R\u0259c\u0259b Tayyib \u018frdo\u011fan\u0131n dostlu\u011fu, liderlik fenomeni \u00f6n plana \u00e7\u0131x\u0131r. H\u0259r iki lider yorulmadan bu misilsiz birliyin \u00f6z xalqlar\u0131n\u0131n v\u0259 b\u00fct\u00fcnl\u00fckd\u0259 d\u00fcnyan\u0131n g\u0259l\u0259c\u0259yin\u0259 t\u00f6hf\u0259 verm\u0259si \u00fc\u00e7\u00fcn yorulmadan f\u0259aliyy\u0259t g\u00f6st\u0259rir.<\/p>\n<p>Bu istiqam\u0259td\u0259 haz\u0131rda prioritet t\u0259\u015fkil ed\u0259n m\u0259s\u0259l\u0259 Z\u0259ng\u0259zur d\u0259hlizidir. Hans\u0131 ki, \u00f6t\u0259n g\u00fcn d\u00f6vl\u0259t ba\u015f\u00e7\u0131lar\u0131 t\u0259r\u0259find\u0259n bu inki\u015faf v\u0259 t\u0259r\u0259qqi d\u0259hlizinin d\u0259 t\u0259m\u0259li at\u0131ld\u0131. Bu add\u0131mla Az\u0259rbaycan v\u0259 T\u00fcrkiy\u0259 regionda inki\u015faf\u0131n h\u0259r\u0259k\u0259tverici q\u00fcvv\u0259si oldu\u011funu bir daha ortaya qoydu. Regionun dig\u0259r d\u00f6vl\u0259tl\u0259ri \u00fc\u00e7\u00fcn d\u0259 geni\u015f f\u00fcrs\u0259tl\u0259r yaradacaq bu add\u0131mla Bak\u0131 v\u0259 Ankara b\u00f6lg\u0259mizd\u0259 kommunikasiyalar\u0131n, iqtisadi \u0259laq\u0259l\u0259rin m\u00f6hk\u0259ml\u0259nm\u0259sind\u0259 n\u0259 d\u0259r\u0259c\u0259d\u0259 \u0259h\u0259miyy\u0259tli missiyan\u0131 icra etdikl\u0259rini n\u00fcmayi\u015f etdirdil\u0259r.<\/p>\n<p>Liderl\u0259rin F\u00fczuli v\u0259 Z\u0259ngilandan b\u00fct\u00fcn d\u00fcnyaya verdiyi bu mesajlar Az\u0259rbaycan-T\u00fcrkiy\u0259 birliyinin \u0259sl mahiyy\u0259tini v\u0259 potensial\u0131n\u0131 tam \u015f\u0259kild\u0259 ortaya qoydu. Liderl\u0259r bir daha b\u0259yan etdil\u0259r ki, Az\u0259rbaycan v\u0259 T\u00fcrkiy\u0259 birliyi regionda s\u00fclh\u00fcn \u0259sas qarant\u0131, inki\u015faf v\u0259 t\u0259r\u0259qqinin, g\u0259l\u0259c\u0259yin \u0259sas qurucular\u0131, bu prosesin bayraqdarlar\u0131d\u0131r!<\/p>\n","protected":false},"excerpt":{"rendered":"<p>T\u00fcrkiy\u0259 Prezidenti R\u0259c\u0259b Tayyib \u018frdo\u011fan\u0131n Az\u0259rbaycana \u00f6t\u0259n g\u00fcn ba\u015f tutan s\u0259f\u0259ri n\u00f6vb\u0259ti d\u0259f\u0259 b\u00fct\u00fcn d\u00fcnya \u00fc\u00e7\u00fcn \u00f6n\u0259mli mesajlar ehtiva edir. \u0130st\u0259r Az\u0259rbaycan Prezidenti \u0130lham \u018fliyevin T\u00fcrkiy\u0259 liderini F\u00fczuli hava liman\u0131n\u0131n a\u00e7\u0131l\u0131\u015f\u0131na d\u0259v\u0259t etm\u0259si, ist\u0259rs\u0259 d\u0259 \u018frdo\u011fan\u0131n bu d\u0259v\u0259ti m\u0259mnuniyy\u0259tl\u0259 q\u0259bul edib Az\u0259rbaycana t\u0259\u015frif etm\u0259si d\u00f6vl\u0259tl\u0259raras\u0131 m\u00fcnasib\u0259tl\u0259rd\u0259 art\u0131q uzun ill\u0259rdir formala\u015fm\u0131\u015f birlik v\u0259 b\u0259rab\u0259rliyin \u0259yani t\u0259zah\u00fcr\u00fc kimi qar\u015f\u0131m\u0131za \u00e7\u0131x\u0131r. Veril\u0259n mesaj is\u0259 sad\u0259dir, Az\u0259rbaycan Qaraba\u011f\u0131n i\u015f\u011faldan azad edilm\u0259si m\u0259rh\u0259l\u0259sind\u0259 T\u00fcrkiy\u0259nin siyasi v\u0259 m\u0259n\u0259vi d\u0259st\u0259yini daim y\u00fcks\u0259k s\u0259viyy\u0259d\u0259 qiym\u0259tl\u0259ndirir, T\u00fcrkiy\u0259 buna q\u0259d\u0259r oldu\u011fu kimi, Qaraba\u011f\u0131n yenid\u0259n qurulmas\u0131 prosesind\u0259 d\u0259 Az\u0259rbaycan \u0259sas m\u00fctt\u0259fiqdir.&hellip;<\/p>\n","protected":false},"author":2,"featured_media":396335,"comment_status":"closed","ping_status":"closed","sticky":false,"template":"","format":"standard","meta":{"om_disable_all_campaigns":false,"_monsterinsights_skip_tracking":false,"_monsterinsights_sitenote_active":false,"_monsterinsights_sitenote_note":"","_monsterinsights_sitenote_category":0},"categories":[4],"tags":[],"aioseo_notices":[],"gutentor_comment":0,"rttpg_featured_image_url":{"full":["https:\/\/arantv.az\/wp-content\/uploads\/2021\/10\/03.jpg",576,465,false],"landscape":["https:\/\/arantv.az\/wp-content\/uploads\/2021\/10\/03.jpg",576,465,false],"portraits":["https:\/\/arantv.az\/wp-content\/uploads\/2021\/10\/03.jpg",576,465,false],"thumbnail":["https:\/\/arantv.az\/wp-content\/uploads\/2021\/10\/03-500x280.jpg",500,280,true],"medium":["https:\/\/arantv.az\/wp-content\/uploads\/2021\/10\/03-452x365.jpg",452,365,true],"large":["https:\/\/arantv.az\/wp-content\/uploads\/2021\/10\/03.jpg",576,465,false],"1536x1536":["https:\/\/arantv.az\/wp-content\/uploads\/2021\/10\/03.jpg",576,465,false],"2048x2048":["https:\/\/arantv.az\/wp-content\/uploads\/2021\/10\/03.jpg",576,465,false],"post-thumbnail":["https:\/\/arantv.az\/wp-content\/uploads\/2021\/10\/03-240x172.jpg",240,172,true],"advps-thumb-one":["https:\/\/arantv.az\/wp-content\/uploads\/2021\/10\/03.jpg",576,465,false]},"rttpg_author":{"display_name":"V\u00fcsal Rafiqo\u011flu","author_link":"https:\/\/arantv.az\/?author=2"},"rttpg_comment":0,"rttpg_category":"<a href=\"https:\/\/arantv.az\/?cat=4\" rel=\"category\">Siyas\u0259t<\/a>","rttpg_excerpt":"T\u00fcrkiy\u0259 Prezidenti R\u0259c\u0259b Tayyib \u018frdo\u011fan\u0131n Az\u0259rbaycana \u00f6t\u0259n g\u00fcn ba\u015f tutan s\u0259f\u0259ri n\u00f6vb\u0259ti d\u0259f\u0259 b\u00fct\u00fcn d\u00fcnya \u00fc\u00e7\u00fcn \u00f6n\u0259mli mesajlar ehtiva edir. \u0130st\u0259r Az\u0259rbaycan Prezidenti \u0130lham \u018fliyevin T\u00fcrkiy\u0259 liderini F\u00fczuli hava liman\u0131n\u0131n a\u00e7\u0131l\u0131\u015f\u0131na d\u0259v\u0259t etm\u0259si, ist\u0259rs\u0259 d\u0259 \u018frdo\u011fan\u0131n bu d\u0259v\u0259ti m\u0259mnuniyy\u0259tl\u0259 q\u0259bul edib Az\u0259rbaycana t\u0259\u015frif etm\u0259si d\u00f6vl\u0259tl\u0259raras\u0131 m\u00fcnasib\u0259tl\u0259rd\u0259 art\u0131q uzun ill\u0259rdir formala\u015fm\u0131\u015f birlik v\u0259 b\u0259rab\u0259rliyin \u0259yani t\u0259zah\u00fcr\u00fc&hellip;","_links":{"self":[{"href":"https:\/\/arantv.az\/index.php?rest_route=\/wp\/v2\/posts\/396334"}],"collection":[{"href":"https:\/\/arantv.az\/index.php?rest_route=\/wp\/v2\/posts"}],"about":[{"href":"https:\/\/arantv.az\/index.php?rest_route=\/wp\/v2\/types\/post"}],"author":[{"embeddable":true,"href":"https:\/\/arantv.az\/index.php?rest_route=\/wp\/v2\/users\/2"}],"replies":[{"embeddable":true,"href":"https:\/\/arantv.az\/index.php?rest_route=%2Fwp%2Fv2%2Fcomments&post=396334"}],"version-history":[{"count":0,"href":"https:\/\/arantv.az\/index.php?rest_route=\/wp\/v2\/posts\/396334\/revisions"}],"wp:featuredmedia":[{"embeddable":true,"href":"https:\/\/arantv.az\/index.php?rest_route=\/wp\/v2\/media\/396335"}],"wp:attachment":[{"href":"https:\/\/arantv.az\/index.php?rest_route=%2Fwp%2Fv2%2Fmedia&parent=396334"}],"wp:term":[{"taxonomy":"category","embeddable":true,"href":"https:\/\/arantv.az\/index.php?rest_route=%2Fwp%2Fv2%2Fcategories&post=396334"},{"taxonomy":"post_tag","embeddable":true,"href":"https:\/\/arantv.az\/index.php?rest_route=%2Fwp%2Fv2%2Ftags&post=396334"}],"curies":[{"name":"wp","href":"https:\/\/api.w.org\/{rel}","templated":true}]}}