{"id":396376,"date":"2021-10-27T14:35:42","date_gmt":"2021-10-27T11:35:42","guid":{"rendered":"http:\/\/arantv.az\/?p=396376"},"modified":"2021-10-27T14:35:42","modified_gmt":"2021-10-27T11:35:42","slug":"ilham-%c9%99liyev-v%c9%99-r%c9%99c%c9%99b-tayyib-%c9%99rdoganin-birg%c9%99-mesajlari-movqe","status":"publish","type":"post","link":"https:\/\/arantv.az\/?p=396376","title":{"rendered":"\u0130lham \u018fliyev v\u0259 R\u0259c\u0259b Tayyib \u018frdo\u011fan\u0131n birg\u0259 mesajlar\u0131 &#8211; M\u00d6VQE"},"content":{"rendered":"<p>\u201cT\u00fcrkiy\u0259 Prezidenti R\u0259c\u0259b Tayyib \u018frdo\u011fan\u0131n F\u00fczuliy\u0259 v\u0259 Z\u0259ngilana s\u0259f\u0259rl\u0259ri \u00e7ox m\u00fch\u00fcm tarixi v\u0259 siyasi hadis\u0259dir. T\u00fcrkiy\u0259 liderinin Prezident \u0130lham \u018fliyevl\u0259 birg\u0259 F\u00fczuli Beyn\u0259lxalq Hava Liman\u0131n\u0131n a\u00e7\u0131l\u0131\u015f\u0131n\u0131 etm\u0259si b\u00f6y\u00fck \u0259h\u0259miyy\u0259t k\u0259sb edirdi\u201d.<\/p>\n<p>Bunu Oxu.Az-a a\u00e7\u0131qlamas\u0131nda Milli M\u0259clisin deputat\u0131 V\u00fcqar \u0130sk\u0259nd\u0259rov R\u0259c\u0259b Tayyib \u018frdo\u011fan\u0131n oktyabr\u0131n 26-da F\u00fczuli v\u0259 Z\u0259ngilana s\u0259f\u0259rl\u0259rind\u0259n dan\u0131\u015fark\u0259n deyib.<\/p>\n<p>Mill\u0259t v\u0259kili bildirib ki, R.T.\u018frdo\u011fan\u0131n F\u00fczuli aeroportunun a\u00e7\u0131l\u0131\u015f\u0131nda, Z\u0259ng\u0259zur d\u0259hlizinin bir hiss\u0259si olan avtomobil yolunun t\u0259m\u0259lqoyma m\u0259rasimind\u0259 i\u015ftirak etm\u0259si d\u00fcnyaya veril\u0259n dostluq, qarda\u015fl\u0131q mesaj\u0131d\u0131r.<\/p>\n<p>V.\u0130sk\u0259nd\u0259rov qeyd edib ki, Qaraba\u011fdak\u0131 geni\u015fmiqyasl\u0131 quruculuq i\u015fl\u0259ri Az\u0259rbaycan\u0131n iqtisadi g\u00fcc\u00fcn\u00fc g\u00f6st\u0259r\u0259n bariz n\u00fcmun\u0259l\u0259rdir.<\/p>\n<p>Onun fikrinc\u0259, postm\u00fcharib\u0259 d\u00f6vr\u00fcnd\u0259 \u0130lham \u018fliyevin r\u0259hb\u0259rliyi alt\u0131nda Qaraba\u011f\u0131n b\u0259rpas\u0131 Az\u0259rbaycan\u0131n \u00fcmumi m\u0259qs\u0259dl\u0259r\u0259 \u00e7atmaq yolundak\u0131 bacar\u0131qlar\u0131n\u0131n g\u00f6st\u0259ricisidir.<\/p>\n<p>\u201cT\u00fcrkiy\u0259 Prezidentinin F\u00fczuli v\u0259 Z\u0259ngilana s\u0259f\u0259ri is\u0259 t\u0259kc\u0259 dostluq v\u0259 qarda\u015fl\u0131\u011fa g\u00f6st\u0259ril\u0259n n\u00fcmun\u0259 yox, h\u0259m d\u0259 xalqlar\u0131m\u0131z, \u00f6lk\u0259l\u0259rimiz aras\u0131ndak\u0131 m\u00f6hk\u0259m birliyin, h\u0259mr\u0259yliyin, sars\u0131lmazl\u0131\u011f\u0131n n\u00fcmun\u0259si say\u0131l\u0131r\u201d, &#8211; dey\u0259 V.\u0130sk\u0259nd\u0259rov \u0259lav\u0259 edib.<\/p>\n<p>Deputat Z\u0259ng\u0259zur d\u0259hlizinin t\u0259m\u0259linin qoyulmas\u0131ndan b\u0259hs ed\u0259rk\u0259n s\u00f6yl\u0259yib ki, bu koridor t\u00fcrk d\u00fcnyas\u0131n\u0131 birl\u0259\u015fdir\u0259c\u0259k.<\/p>\n<p>\u201cBu d\u0259hliz Qaraba\u011f v\u0259 \u015e\u0259rqi Z\u0259ng\u0259zurun turizm potensial\u0131n\u0131 art\u0131racaq v\u0259 bu \u0259razil\u0259r regionun inki\u015faf etmi\u015f b\u00f6lg\u0259l\u0259rin\u0259 \u00e7evril\u0259c\u0259k. C\u0259nab \u018frdo\u011fan bir daha regionun inki\u015faf\u0131 \u00fc\u00e7\u00fcn alt\u0131l\u0131q format\u0131n\u0131n vacibliyind\u0259n dan\u0131\u015fd\u0131. Yeni reall\u0131qlar yaradan \u00f6lk\u0259 Az\u0259rbaycand\u0131r v\u0259 T\u00fcrkiy\u0259 bu yolda \u00f6lk\u0259miz\u0259 b\u00fct\u00fcn sah\u0259l\u0259rd\u0259 d\u0259st\u0259k verir. Az\u0259rbaycan \u00f6z\u00fc d\u0259 b\u00fct\u00fcn m\u0259s\u0259l\u0259l\u0259rd\u0259 T\u00fcrkiy\u0259ni d\u0259st\u0259kl\u0259yir. Bu n\u00fcmun\u0259 d\u00fcnyaya yeni mesajlar verir. Bu mesajlar b\u0259\u015f\u0259ri d\u0259y\u0259rl\u0259r\u0259 h\u00f6rm\u0259t\u0259 \u00e7a\u011f\u0131r\u0131\u015fd\u0131r\u201d, &#8211; dey\u0259 V.\u0130sk\u0259nd\u0259rov fikrini yekunla\u015fd\u0131r\u0131b.<\/p>\n","protected":false},"excerpt":{"rendered":"<p>\u201cT\u00fcrkiy\u0259 Prezidenti R\u0259c\u0259b Tayyib \u018frdo\u011fan\u0131n F\u00fczuliy\u0259 v\u0259 Z\u0259ngilana s\u0259f\u0259rl\u0259ri \u00e7ox m\u00fch\u00fcm tarixi v\u0259 siyasi hadis\u0259dir. T\u00fcrkiy\u0259 liderinin Prezident \u0130lham \u018fliyevl\u0259 birg\u0259 F\u00fczuli Beyn\u0259lxalq Hava Liman\u0131n\u0131n a\u00e7\u0131l\u0131\u015f\u0131n\u0131 etm\u0259si b\u00f6y\u00fck \u0259h\u0259miyy\u0259t k\u0259sb edirdi\u201d. Bunu Oxu.Az-a a\u00e7\u0131qlamas\u0131nda Milli M\u0259clisin deputat\u0131 V\u00fcqar \u0130sk\u0259nd\u0259rov R\u0259c\u0259b Tayyib \u018frdo\u011fan\u0131n oktyabr\u0131n 26-da F\u00fczuli v\u0259 Z\u0259ngilana s\u0259f\u0259rl\u0259rind\u0259n dan\u0131\u015fark\u0259n deyib. Mill\u0259t v\u0259kili bildirib ki, R.T.\u018frdo\u011fan\u0131n F\u00fczuli aeroportunun a\u00e7\u0131l\u0131\u015f\u0131nda, Z\u0259ng\u0259zur d\u0259hlizinin bir hiss\u0259si olan avtomobil yolunun t\u0259m\u0259lqoyma m\u0259rasimind\u0259 i\u015ftirak etm\u0259si d\u00fcnyaya veril\u0259n dostluq, qarda\u015fl\u0131q mesaj\u0131d\u0131r. V.\u0130sk\u0259nd\u0259rov qeyd edib ki, Qaraba\u011fdak\u0131 geni\u015fmiqyasl\u0131 quruculuq i\u015fl\u0259ri Az\u0259rbaycan\u0131n iqtisadi g\u00fcc\u00fcn\u00fc g\u00f6st\u0259r\u0259n bariz n\u00fcmun\u0259l\u0259rdir. Onun fikrinc\u0259,&hellip;<\/p>\n","protected":false},"author":2,"featured_media":396377,"comment_status":"closed","ping_status":"closed","sticky":false,"template":"","format":"standard","meta":{"om_disable_all_campaigns":false,"_monsterinsights_skip_tracking":false,"_monsterinsights_sitenote_active":false,"_monsterinsights_sitenote_note":"","_monsterinsights_sitenote_category":0},"categories":[4],"tags":[],"aioseo_notices":[],"gutentor_comment":0,"rttpg_featured_image_url":{"full":["https:\/\/arantv.az\/wp-content\/uploads\/2021\/10\/1635244315320752766_1000x669.jpg",620,429,false],"landscape":["https:\/\/arantv.az\/wp-content\/uploads\/2021\/10\/1635244315320752766_1000x669.jpg",620,429,false],"portraits":["https:\/\/arantv.az\/wp-content\/uploads\/2021\/10\/1635244315320752766_1000x669.jpg",620,429,false],"thumbnail":["https:\/\/arantv.az\/wp-content\/uploads\/2021\/10\/1635244315320752766_1000x669-500x280.jpg",500,280,true],"medium":["https:\/\/arantv.az\/wp-content\/uploads\/2021\/10\/1635244315320752766_1000x669-528x365.jpg",528,365,true],"large":["https:\/\/arantv.az\/wp-content\/uploads\/2021\/10\/1635244315320752766_1000x669.jpg",620,429,false],"1536x1536":["https:\/\/arantv.az\/wp-content\/uploads\/2021\/10\/1635244315320752766_1000x669.jpg",620,429,false],"2048x2048":["https:\/\/arantv.az\/wp-content\/uploads\/2021\/10\/1635244315320752766_1000x669.jpg",620,429,false],"post-thumbnail":["https:\/\/arantv.az\/wp-content\/uploads\/2021\/10\/1635244315320752766_1000x669-240x172.jpg",240,172,true],"advps-thumb-one":["https:\/\/arantv.az\/wp-content\/uploads\/2021\/10\/1635244315320752766_1000x669.jpg",620,429,false]},"rttpg_author":{"display_name":"V\u00fcsal Rafiqo\u011flu","author_link":"https:\/\/arantv.az\/?author=2"},"rttpg_comment":0,"rttpg_category":"<a href=\"https:\/\/arantv.az\/?cat=4\" rel=\"category\">Siyas\u0259t<\/a>","rttpg_excerpt":"\u201cT\u00fcrkiy\u0259 Prezidenti R\u0259c\u0259b Tayyib \u018frdo\u011fan\u0131n F\u00fczuliy\u0259 v\u0259 Z\u0259ngilana s\u0259f\u0259rl\u0259ri \u00e7ox m\u00fch\u00fcm tarixi v\u0259 siyasi hadis\u0259dir. T\u00fcrkiy\u0259 liderinin Prezident \u0130lham \u018fliyevl\u0259 birg\u0259 F\u00fczuli Beyn\u0259lxalq Hava Liman\u0131n\u0131n a\u00e7\u0131l\u0131\u015f\u0131n\u0131 etm\u0259si b\u00f6y\u00fck \u0259h\u0259miyy\u0259t k\u0259sb edirdi\u201d. Bunu Oxu.Az-a a\u00e7\u0131qlamas\u0131nda Milli M\u0259clisin deputat\u0131 V\u00fcqar \u0130sk\u0259nd\u0259rov R\u0259c\u0259b Tayyib \u018frdo\u011fan\u0131n oktyabr\u0131n 26-da F\u00fczuli v\u0259 Z\u0259ngilana s\u0259f\u0259rl\u0259rind\u0259n dan\u0131\u015fark\u0259n deyib. Mill\u0259t v\u0259kili bildirib ki, R.T.\u018frdo\u011fan\u0131n&hellip;","_links":{"self":[{"href":"https:\/\/arantv.az\/index.php?rest_route=\/wp\/v2\/posts\/396376"}],"collection":[{"href":"https:\/\/arantv.az\/index.php?rest_route=\/wp\/v2\/posts"}],"about":[{"href":"https:\/\/arantv.az\/index.php?rest_route=\/wp\/v2\/types\/post"}],"author":[{"embeddable":true,"href":"https:\/\/arantv.az\/index.php?rest_route=\/wp\/v2\/users\/2"}],"replies":[{"embeddable":true,"href":"https:\/\/arantv.az\/index.php?rest_route=%2Fwp%2Fv2%2Fcomments&post=396376"}],"version-history":[{"count":0,"href":"https:\/\/arantv.az\/index.php?rest_route=\/wp\/v2\/posts\/396376\/revisions"}],"wp:featuredmedia":[{"embeddable":true,"href":"https:\/\/arantv.az\/index.php?rest_route=\/wp\/v2\/media\/396377"}],"wp:attachment":[{"href":"https:\/\/arantv.az\/index.php?rest_route=%2Fwp%2Fv2%2Fmedia&parent=396376"}],"wp:term":[{"taxonomy":"category","embeddable":true,"href":"https:\/\/arantv.az\/index.php?rest_route=%2Fwp%2Fv2%2Fcategories&post=396376"},{"taxonomy":"post_tag","embeddable":true,"href":"https:\/\/arantv.az\/index.php?rest_route=%2Fwp%2Fv2%2Ftags&post=396376"}],"curies":[{"name":"wp","href":"https:\/\/api.w.org\/{rel}","templated":true}]}}