{"id":396379,"date":"2021-10-27T14:36:26","date_gmt":"2021-10-27T11:36:26","guid":{"rendered":"http:\/\/arantv.az\/?p=396379"},"modified":"2021-10-27T14:36:26","modified_gmt":"2021-10-27T11:36:26","slug":"h%c9%99kim-antibiotikl%c9%99r-agir-f%c9%99sadlara-s%c9%99b%c9%99b-olan-allergik-reaksiyalar-ver%c9%99-bil%c9%99r","status":"publish","type":"post","link":"https:\/\/arantv.az\/?p=396379","title":{"rendered":"H\u0259kim: \u201cAntibiotikl\u0259r a\u011f\u0131r f\u0259sadlara s\u0259b\u0259b olan allergik reaksiyalar ver\u0259 bil\u0259r\u201d"},"content":{"rendered":"<p>\u201cKoronavirusla \u0259laq\u0259dar h\u0259r k\u0259s stresd\u0259dir v\u0259 laz\u0131m g\u0259ldi-g\u0259lm\u0259di antibiotikd\u0259n istifad\u0259 edir. U\u015faqlara h\u0259kim t\u0259yinat\u0131 olmadan antibiotik\u00a0verm\u0259k olmaz\u201d.<\/p>\n<p><strong>ARANTV.AZ <\/strong>\u00a0x\u0259b\u0259r verir ki, bunu S\u0259hiyy\u0259 Nazirliyinin S\u0259hiyy\u0259nin T\u0259\u015fkili \u015f\u00f6b\u0259sinin m\u0259sl\u0259h\u0259t\u00e7isi Aynur\u0259 Zeynalova canl\u0131 yay\u0131mda suallar\u0131 cavabland\u0131rark\u0259n deyib.<\/p>\n<div id=\"AdviadNativeVideo0\" class=\"AdviadNativeVideo\"><\/div>\n<p>O bildirib ki, antibiotikl\u0259rin \u00f6z\u00fc allergik\u00a0reaksiya ver\u0259 bil\u0259r\u00a0v\u0259 b\u0259zi hallarda bu, daha a\u011f\u0131r f\u0259sadlara g\u0259tir\u0259 bil\u0259r:<\/p>\n<p>\u201cEl\u0259 antibiotikl\u0259r var ki u\u015faqlara olmaz. Bu m\u0259d\u0259-ba\u011f\u0131rsaq sistemind\u0259 x\u0259st\u0259likl\u0259r yarada bil\u0259r. Ba\u011f\u0131rsaq floras\u0131 pozula bil\u0259r. H\u0259r hans\u0131 vitamin v\u0259 antibiotiki\u00a0u\u015faqlara m\u0259hz h\u0259kim t\u0259yin etm\u0259lidir. U\u015faqlar\u0131n sa\u011flaml\u0131\u011f\u0131n\u0131 qorumaq \u00fc\u00e7\u00fcn ilk n\u00f6vb\u0259d\u0259 valideynl\u0259r u\u015faqlar\u0131 d\u00fczg\u00fcn qida rasionuna \u00f6yr\u0259tm\u0259lidirl\u0259r. Kimy\u0259vi t\u0259rkibli d\u0259rman v\u0259 vitaminl\u0259rd\u0259n \u00e7ox sa\u011flam qidalanma \u00f6n\u0259mlidir\u201d.<\/p>\n","protected":false},"excerpt":{"rendered":"<p>\u201cKoronavirusla \u0259laq\u0259dar h\u0259r k\u0259s stresd\u0259dir v\u0259 laz\u0131m g\u0259ldi-g\u0259lm\u0259di antibiotikd\u0259n istifad\u0259 edir. U\u015faqlara h\u0259kim t\u0259yinat\u0131 olmadan antibiotik\u00a0verm\u0259k olmaz\u201d. ARANTV.AZ \u00a0x\u0259b\u0259r verir ki, bunu S\u0259hiyy\u0259 Nazirliyinin S\u0259hiyy\u0259nin T\u0259\u015fkili \u015f\u00f6b\u0259sinin m\u0259sl\u0259h\u0259t\u00e7isi Aynur\u0259 Zeynalova canl\u0131 yay\u0131mda suallar\u0131 cavabland\u0131rark\u0259n deyib. O bildirib ki, antibiotikl\u0259rin \u00f6z\u00fc allergik\u00a0reaksiya ver\u0259 bil\u0259r\u00a0v\u0259 b\u0259zi hallarda bu, daha a\u011f\u0131r f\u0259sadlara g\u0259tir\u0259 bil\u0259r: \u201cEl\u0259 antibiotikl\u0259r var ki u\u015faqlara olmaz. Bu m\u0259d\u0259-ba\u011f\u0131rsaq sistemind\u0259 x\u0259st\u0259likl\u0259r yarada bil\u0259r. Ba\u011f\u0131rsaq floras\u0131 pozula bil\u0259r. H\u0259r hans\u0131 vitamin v\u0259 antibiotiki\u00a0u\u015faqlara m\u0259hz h\u0259kim t\u0259yin etm\u0259lidir. U\u015faqlar\u0131n sa\u011flaml\u0131\u011f\u0131n\u0131 qorumaq \u00fc\u00e7\u00fcn ilk n\u00f6vb\u0259d\u0259 valideynl\u0259r u\u015faqlar\u0131 d\u00fczg\u00fcn qida rasionuna \u00f6yr\u0259tm\u0259lidirl\u0259r. Kimy\u0259vi t\u0259rkibli&hellip;<\/p>\n","protected":false},"author":2,"featured_media":396380,"comment_status":"closed","ping_status":"closed","sticky":false,"template":"","format":"standard","meta":{"om_disable_all_campaigns":false,"_monsterinsights_skip_tracking":false,"_monsterinsights_sitenote_active":false,"_monsterinsights_sitenote_note":"","_monsterinsights_sitenote_category":0},"categories":[26],"tags":[],"aioseo_notices":[],"gutentor_comment":0,"rttpg_featured_image_url":{"full":["https:\/\/arantv.az\/wp-content\/uploads\/2021\/10\/FotoJet-47-1.jpg",620,420,false],"landscape":["https:\/\/arantv.az\/wp-content\/uploads\/2021\/10\/FotoJet-47-1.jpg",620,420,false],"portraits":["https:\/\/arantv.az\/wp-content\/uploads\/2021\/10\/FotoJet-47-1.jpg",620,420,false],"thumbnail":["https:\/\/arantv.az\/wp-content\/uploads\/2021\/10\/FotoJet-47-1-500x280.jpg",500,280,true],"medium":["https:\/\/arantv.az\/wp-content\/uploads\/2021\/10\/FotoJet-47-1-539x365.jpg",539,365,true],"large":["https:\/\/arantv.az\/wp-content\/uploads\/2021\/10\/FotoJet-47-1.jpg",620,420,false],"1536x1536":["https:\/\/arantv.az\/wp-content\/uploads\/2021\/10\/FotoJet-47-1.jpg",620,420,false],"2048x2048":["https:\/\/arantv.az\/wp-content\/uploads\/2021\/10\/FotoJet-47-1.jpg",620,420,false],"post-thumbnail":["https:\/\/arantv.az\/wp-content\/uploads\/2021\/10\/FotoJet-47-1-240x172.jpg",240,172,true],"advps-thumb-one":["https:\/\/arantv.az\/wp-content\/uploads\/2021\/10\/FotoJet-47-1.jpg",620,420,false]},"rttpg_author":{"display_name":"V\u00fcsal Rafiqo\u011flu","author_link":"https:\/\/arantv.az\/?author=2"},"rttpg_comment":0,"rttpg_category":"<a href=\"https:\/\/arantv.az\/?cat=26\" rel=\"category\">Sosial<\/a>","rttpg_excerpt":"\u201cKoronavirusla \u0259laq\u0259dar h\u0259r k\u0259s stresd\u0259dir v\u0259 laz\u0131m g\u0259ldi-g\u0259lm\u0259di antibiotikd\u0259n istifad\u0259 edir. U\u015faqlara h\u0259kim t\u0259yinat\u0131 olmadan antibiotik\u00a0verm\u0259k olmaz\u201d. ARANTV.AZ \u00a0x\u0259b\u0259r verir ki, bunu S\u0259hiyy\u0259 Nazirliyinin S\u0259hiyy\u0259nin T\u0259\u015fkili \u015f\u00f6b\u0259sinin m\u0259sl\u0259h\u0259t\u00e7isi Aynur\u0259 Zeynalova canl\u0131 yay\u0131mda suallar\u0131 cavabland\u0131rark\u0259n deyib. O bildirib ki, antibiotikl\u0259rin \u00f6z\u00fc allergik\u00a0reaksiya ver\u0259 bil\u0259r\u00a0v\u0259 b\u0259zi hallarda bu, daha a\u011f\u0131r f\u0259sadlara g\u0259tir\u0259 bil\u0259r: \u201cEl\u0259 antibiotikl\u0259r var ki&hellip;","_links":{"self":[{"href":"https:\/\/arantv.az\/index.php?rest_route=\/wp\/v2\/posts\/396379"}],"collection":[{"href":"https:\/\/arantv.az\/index.php?rest_route=\/wp\/v2\/posts"}],"about":[{"href":"https:\/\/arantv.az\/index.php?rest_route=\/wp\/v2\/types\/post"}],"author":[{"embeddable":true,"href":"https:\/\/arantv.az\/index.php?rest_route=\/wp\/v2\/users\/2"}],"replies":[{"embeddable":true,"href":"https:\/\/arantv.az\/index.php?rest_route=%2Fwp%2Fv2%2Fcomments&post=396379"}],"version-history":[{"count":0,"href":"https:\/\/arantv.az\/index.php?rest_route=\/wp\/v2\/posts\/396379\/revisions"}],"wp:featuredmedia":[{"embeddable":true,"href":"https:\/\/arantv.az\/index.php?rest_route=\/wp\/v2\/media\/396380"}],"wp:attachment":[{"href":"https:\/\/arantv.az\/index.php?rest_route=%2Fwp%2Fv2%2Fmedia&parent=396379"}],"wp:term":[{"taxonomy":"category","embeddable":true,"href":"https:\/\/arantv.az\/index.php?rest_route=%2Fwp%2Fv2%2Fcategories&post=396379"},{"taxonomy":"post_tag","embeddable":true,"href":"https:\/\/arantv.az\/index.php?rest_route=%2Fwp%2Fv2%2Ftags&post=396379"}],"curies":[{"name":"wp","href":"https:\/\/api.w.org\/{rel}","templated":true}]}}