{"id":396385,"date":"2021-10-27T14:45:04","date_gmt":"2021-10-27T11:45:04","guid":{"rendered":"http:\/\/arantv.az\/?p=396385"},"modified":"2021-10-27T14:45:04","modified_gmt":"2021-10-27T11:45:04","slug":"s%c9%99hid-anar-israfilovun-anim-gunu-idi-video","status":"publish","type":"post","link":"https:\/\/arantv.az\/?p=396385","title":{"rendered":"\u015e\u0259hid Anar \u0130srafilovun an\u0131m g\u00fcn\u00fc idi &#8211; V\u0130DEO"},"content":{"rendered":"<div class=\"article_text\">\n<blockquote><p><strong>O, A\u011fd\u0259r\u0259 istiqam\u0259tind\u0259 ged\u0259n d\u00f6y\u00fc\u015fl\u0259rd\u0259 \u015f\u0259hid olub<\/strong><\/p><\/blockquote>\n<p>V\u0259t\u0259n m\u00fcharib\u0259sin\u0259 k\u00f6n\u00fcll\u00fc yollanan Anar \u0130srafilovun \u015f\u0259hid olmas\u0131ndan 1 il \u00f6t\u00fcr. Anar \u0130sr\u0259filov oktyabr\u0131n 26-da A\u011fd\u0259r\u0259 istiqam\u0259tind\u0259 \u015f\u0259hid olub. Anar \u0130sr\u0259filov 1990-c\u0131 il yanvar\u0131n 4-d\u0259 A\u011fda\u015f rayonunun L\u0259ki k\u0259ndind\u0259 do\u011fulub. Anardan geriy\u0259 3 \u00f6vlad\u0131 qal\u0131b.<\/p>\n<p>Atas\u0131n\u0131n \u00f6l\u00fcm\u00fcnd\u0259n bir ne\u00e7\u0259 g\u00fcn sonra do\u011fulan Anar is\u0259 ail\u0259nin t\u0259s\u0259llisidir.<\/p>\n<p>Qeyd ed\u0259k ki, V\u0259t\u0259n m\u00fcharib\u0259si zaman\u0131 A\u011fd\u0259r\u0259 istiqam\u0259tind\u0259 ged\u0259n d\u00f6y\u00fc\u015fl\u0259rd\u0259 sava\u015f\u0131b. Az\u0259rbaycan\u0131n \u0259razi b\u00fct\u00f6vl\u00fcy\u00fcn\u00fcn t\u0259min edilm\u0259si u\u011frunda d\u00f6y\u00fc\u015f \u0259m\u0259liyyatlar\u0131na qat\u0131lan v\u0259 h\u0259rbi hiss\u0259 qar\u015f\u0131s\u0131nda qoyulmu\u015f tap\u015f\u0131r\u0131qlar\u0131n icras\u0131 zaman\u0131 v\u0259zif\u0259 borcunu \u015f\u0259r\u0259fl\u0259 yerin\u0259 yetirdiyi \u00fc\u00e7\u00fcn Anar \u0130sr\u0259filov \u00f6l\u00fcm\u00fcnd\u0259n sonra &#8220;V\u0259t\u0259n u\u011frunda&#8221; medal\u0131 il\u0259 t\u0259ltif edilib.<\/p>\n<div>\n<div id=\"AdviadNativeVideo0\" class=\"AdviadNativeVideo\"><\/div>\n<\/div>\n<p>&nbsp;<\/p>\n<p><iframe loading=\"lazy\" src=\"https:\/\/daytube.az\/az\/embed\/117380\" width=\"670\" height=\"400\" frameborder=\"0\" allowfullscreen=\"allowfullscreen\" data-mce-fragment=\"1\"><\/iframe><\/div>\n<p>&nbsp;<\/p>\n","protected":false},"excerpt":{"rendered":"<p>O, A\u011fd\u0259r\u0259 istiqam\u0259tind\u0259 ged\u0259n d\u00f6y\u00fc\u015fl\u0259rd\u0259 \u015f\u0259hid olub V\u0259t\u0259n m\u00fcharib\u0259sin\u0259 k\u00f6n\u00fcll\u00fc yollanan Anar \u0130srafilovun \u015f\u0259hid olmas\u0131ndan 1 il \u00f6t\u00fcr. Anar \u0130sr\u0259filov oktyabr\u0131n 26-da A\u011fd\u0259r\u0259 istiqam\u0259tind\u0259 \u015f\u0259hid olub. Anar \u0130sr\u0259filov 1990-c\u0131 il yanvar\u0131n 4-d\u0259 A\u011fda\u015f rayonunun L\u0259ki k\u0259ndind\u0259 do\u011fulub. Anardan geriy\u0259 3 \u00f6vlad\u0131 qal\u0131b. Atas\u0131n\u0131n \u00f6l\u00fcm\u00fcnd\u0259n bir ne\u00e7\u0259 g\u00fcn sonra do\u011fulan Anar is\u0259 ail\u0259nin t\u0259s\u0259llisidir. Qeyd ed\u0259k ki, V\u0259t\u0259n m\u00fcharib\u0259si zaman\u0131 A\u011fd\u0259r\u0259 istiqam\u0259tind\u0259 ged\u0259n d\u00f6y\u00fc\u015fl\u0259rd\u0259 sava\u015f\u0131b. Az\u0259rbaycan\u0131n \u0259razi b\u00fct\u00f6vl\u00fcy\u00fcn\u00fcn t\u0259min edilm\u0259si u\u011frunda d\u00f6y\u00fc\u015f \u0259m\u0259liyyatlar\u0131na qat\u0131lan v\u0259 h\u0259rbi hiss\u0259 qar\u015f\u0131s\u0131nda qoyulmu\u015f tap\u015f\u0131r\u0131qlar\u0131n icras\u0131 zaman\u0131 v\u0259zif\u0259 borcunu \u015f\u0259r\u0259fl\u0259 yerin\u0259 yetirdiyi \u00fc\u00e7\u00fcn Anar \u0130sr\u0259filov \u00f6l\u00fcm\u00fcnd\u0259n&hellip;<\/p>\n","protected":false},"author":2,"featured_media":396386,"comment_status":"closed","ping_status":"closed","sticky":false,"template":"","format":"standard","meta":{"om_disable_all_campaigns":false,"_monsterinsights_skip_tracking":false,"_monsterinsights_sitenote_active":false,"_monsterinsights_sitenote_note":"","_monsterinsights_sitenote_category":0},"categories":[26],"tags":[],"aioseo_notices":[],"gutentor_comment":0,"rttpg_featured_image_url":{"full":["https:\/\/arantv.az\/wp-content\/uploads\/2021\/10\/991016.jpg",800,600,false],"landscape":["https:\/\/arantv.az\/wp-content\/uploads\/2021\/10\/991016.jpg",800,600,false],"portraits":["https:\/\/arantv.az\/wp-content\/uploads\/2021\/10\/991016.jpg",800,600,false],"thumbnail":["https:\/\/arantv.az\/wp-content\/uploads\/2021\/10\/991016-500x280.jpg",500,280,true],"medium":["https:\/\/arantv.az\/wp-content\/uploads\/2021\/10\/991016-487x365.jpg",487,365,true],"large":["https:\/\/arantv.az\/wp-content\/uploads\/2021\/10\/991016.jpg",640,480,false],"1536x1536":["https:\/\/arantv.az\/wp-content\/uploads\/2021\/10\/991016.jpg",800,600,false],"2048x2048":["https:\/\/arantv.az\/wp-content\/uploads\/2021\/10\/991016.jpg",800,600,false],"post-thumbnail":["https:\/\/arantv.az\/wp-content\/uploads\/2021\/10\/991016-240x172.jpg",240,172,true],"advps-thumb-one":["https:\/\/arantv.az\/wp-content\/uploads\/2021\/10\/991016.jpg",800,600,false]},"rttpg_author":{"display_name":"V\u00fcsal Rafiqo\u011flu","author_link":"https:\/\/arantv.az\/?author=2"},"rttpg_comment":0,"rttpg_category":"<a href=\"https:\/\/arantv.az\/?cat=26\" rel=\"category\">Sosial<\/a>","rttpg_excerpt":"O, A\u011fd\u0259r\u0259 istiqam\u0259tind\u0259 ged\u0259n d\u00f6y\u00fc\u015fl\u0259rd\u0259 \u015f\u0259hid olub V\u0259t\u0259n m\u00fcharib\u0259sin\u0259 k\u00f6n\u00fcll\u00fc yollanan Anar \u0130srafilovun \u015f\u0259hid olmas\u0131ndan 1 il \u00f6t\u00fcr. Anar \u0130sr\u0259filov oktyabr\u0131n 26-da A\u011fd\u0259r\u0259 istiqam\u0259tind\u0259 \u015f\u0259hid olub. Anar \u0130sr\u0259filov 1990-c\u0131 il yanvar\u0131n 4-d\u0259 A\u011fda\u015f rayonunun L\u0259ki k\u0259ndind\u0259 do\u011fulub. Anardan geriy\u0259 3 \u00f6vlad\u0131 qal\u0131b. Atas\u0131n\u0131n \u00f6l\u00fcm\u00fcnd\u0259n bir ne\u00e7\u0259 g\u00fcn sonra do\u011fulan Anar is\u0259 ail\u0259nin t\u0259s\u0259llisidir. Qeyd ed\u0259k&hellip;","_links":{"self":[{"href":"https:\/\/arantv.az\/index.php?rest_route=\/wp\/v2\/posts\/396385"}],"collection":[{"href":"https:\/\/arantv.az\/index.php?rest_route=\/wp\/v2\/posts"}],"about":[{"href":"https:\/\/arantv.az\/index.php?rest_route=\/wp\/v2\/types\/post"}],"author":[{"embeddable":true,"href":"https:\/\/arantv.az\/index.php?rest_route=\/wp\/v2\/users\/2"}],"replies":[{"embeddable":true,"href":"https:\/\/arantv.az\/index.php?rest_route=%2Fwp%2Fv2%2Fcomments&post=396385"}],"version-history":[{"count":0,"href":"https:\/\/arantv.az\/index.php?rest_route=\/wp\/v2\/posts\/396385\/revisions"}],"wp:featuredmedia":[{"embeddable":true,"href":"https:\/\/arantv.az\/index.php?rest_route=\/wp\/v2\/media\/396386"}],"wp:attachment":[{"href":"https:\/\/arantv.az\/index.php?rest_route=%2Fwp%2Fv2%2Fmedia&parent=396385"}],"wp:term":[{"taxonomy":"category","embeddable":true,"href":"https:\/\/arantv.az\/index.php?rest_route=%2Fwp%2Fv2%2Fcategories&post=396385"},{"taxonomy":"post_tag","embeddable":true,"href":"https:\/\/arantv.az\/index.php?rest_route=%2Fwp%2Fv2%2Ftags&post=396385"}],"curies":[{"name":"wp","href":"https:\/\/api.w.org\/{rel}","templated":true}]}}